{"id":11446,"date":"2024-08-26T18:25:39","date_gmt":"2024-08-26T21:25:39","guid":{"rendered":"https:\/\/www.paparazzinews.com.br\/?p=11446"},"modified":"2024-08-26T18:25:40","modified_gmt":"2024-08-26T21:25:40","slug":"justica-pede-impugnacao-da-candidatura-de-prefeito-em-murutinga-do-sul","status":"publish","type":"post","link":"https:\/\/www.paparazzinews.com.br\/?p=11446","title":{"rendered":"Justi\u00e7a pede impugna\u00e7\u00e3o da candidatura de prefeito em Murutinga do Sul"},"content":{"rendered":"\n<p>O promotor Eleitoral, Robson Alves Ribeiro impetrou com a\u00e7\u00e3o de impugna\u00e7\u00e3o contra o registro de candidatura a prefeito de Murutinga do Sul do ex-prefeito e candidato Gilson Pimentel. Segundo o MPE, o pol\u00edtico deve ter seu registro indeferido, em decorr\u00eancia do mesmo estar ineleg\u00edvel e enquadrado como \u201cFicha Suja\u201d. A informa\u00e7\u00e3o \u00e9 do O Jornal o Foco.<\/p>\n\n\n\n<figure class=\"wp-block-image\"><img data-recalc-dims=\"1\" decoding=\"async\" src=\"https:\/\/i0.wp.com\/ofoco.net.br\/wp-content\/uploads\/2024\/08\/image-100.png?w=708\" alt=\"\" class=\"wp-image-40430\"\/><\/figure>\n\n\n\n<p>O pedido foi proposto nesta quinta-feira (22\/08). Robson Ribeiro argumenta que Pimentel teve \u00e0s contas rejeitadas referente aos anos de 2017 e 2018 pelo TCESP (Tribunal de Contas do Estado de S\u00e3o Paulo) e pela C\u00e2mara de Murutinga do Sul, quando exerceu o mandato de prefeito de Murutinga do Sul. Por\u00e9m o pol\u00edtico tamb\u00e9m teve as contas reprevadas em 2019 e 2020, tanto pelo TCESP como a C\u00e2mara do munic\u00edpio.<\/p>\n\n\n\n<p>O juiz Eleitoral da Comarca de Andradina, Mateus Moreira Siketo ir\u00e1 analisar o pedido apresentado de impugna\u00e7\u00e3o pelo MPE. Gilson Pimentel tamb\u00e9m teve as contas reprovadas do Ciensp (Cons\u00f3rcio Intermunicipal do Extremo Noroeste Paulista) no ano de 2019, quando presidiu o cons\u00f3rcio. De acordo com o Relat\u00f3rio de Conhecimento n\u00ba 009972\/2024 do Minist\u00e9rio P\u00fablico Federal, o pol\u00edtico estaria enquadrado como \u201cFicha Suja\u201d.<\/p>\n\n\n\n<p>Gilson Pimentel chegou a responder processo por denuncia\u00e7\u00e3o caluniosa, juntamente com o vereador Jo\u00e3o Luiz Paschoaletto, entretanto o MP pediu a absolvi\u00e7\u00e3o de Pimentel por falta de provas, no caso envolvendo o uso da C\u00e2mara de Murutinga do Sul para envio de den\u00fancias ap\u00f3crifas ao MP.<\/p>\n\n\n\n<p>J\u00e1 o vereador Paschoaletto foi indiciado e ir\u00e1 responder pela pelo crime previsto no artigo 19 da Lei de Improbidade Administrativa, cuja pena \u00e9 de 6 a 10 meses de deten\u00e7\u00e3o e multa, al\u00e9m de san\u00e7\u00e3o penal, o denunciante est\u00e1 sujeito a indenizar o denunciado pelos danos materiais, morais ou \u00e0 imagem que houver provocado, neste caso o prefeito do munic\u00edpio, Cristiano Eleut\u00e9rio.<\/p>\n\n\n\n<p><strong><em><strong><em><strong><em><strong><em><strong><em><strong><em><strong><em><strong><em><strong>Siga nossas redes sociais no\u00a0<a href=\"https:\/\/www.instagram.com\/ronipaparazzi\/\">Instagram\u00a0<\/a>e\u00a0<a href=\"https:\/\/www.facebook.com\/ronipaparazzicomvoce\">Facebook<\/a>\u00a0participe da nossa comunidade do Canal Roni Paparazzi no Whatsapp e receba as principais not\u00edcias da regi\u00e3o de Ara\u00e7atuba do dia direto no seu celular.<\/strong>\u00a0<a href=\"https:\/\/chat.whatsapp.com\/GsG1XKo0jPOEfjzudWQcml\" target=\"_blank\" rel=\"noreferrer noopener\">\u00a0Clique aqui e se inscreva.<\/a><\/em><\/strong><\/em><\/strong><\/em><\/strong><\/em><\/strong><\/em><\/strong><\/em><\/strong><\/em><\/strong><\/em><\/strong><\/p>\n","protected":false},"excerpt":{"rendered":"<p>O promotor Eleitoral, Robson Alves Ribeiro impetrou com a\u00e7\u00e3o de impugna\u00e7\u00e3o contra o registro de candidatura a prefeito de Murutinga do Sul do ex-prefeito e candidato Gilson Pimentel. Segundo o MPE, o pol\u00edtico deve ter seu registro indeferido, em decorr\u00eancia do mesmo estar ineleg\u00edvel e enquadrado como \u201cFicha Suja\u201d. A informa\u00e7\u00e3o \u00e9 do O Jornal &hellip;<\/p>\n","protected":false},"author":1,"featured_media":11447,"comment_status":"open","ping_status":"open","sticky":false,"template":"","format":"standard","meta":{"_jetpack_memberships_contains_paid_content":false,"footnotes":"","jetpack_publicize_message":"","jetpack_publicize_feature_enabled":true,"jetpack_social_post_already_shared":false,"jetpack_social_options":{"image_generator_settings":{"template":"highway","default_image_id":0,"enabled":false},"version":2}},"categories":[7],"tags":[],"class_list":["post-11446","post","type-post","status-publish","format-standard","has-post-thumbnail","hentry","category-politica"],"jetpack_publicize_connections":[],"jetpack_featured_media_url":"https:\/\/i0.wp.com\/www.paparazzinews.com.br\/wp-content\/uploads\/2024\/08\/image-99.png?fit=535%2C517&ssl=1","views":"1854","jetpack_likes_enabled":true,"jetpack_sharing_enabled":true,"_links":{"self":[{"href":"https:\/\/www.paparazzinews.com.br\/index.php?rest_route=\/wp\/v2\/posts\/11446","targetHints":{"allow":["GET"]}}],"collection":[{"href":"https:\/\/www.paparazzinews.com.br\/index.php?rest_route=\/wp\/v2\/posts"}],"about":[{"href":"https:\/\/www.paparazzinews.com.br\/index.php?rest_route=\/wp\/v2\/types\/post"}],"author":[{"embeddable":true,"href":"https:\/\/www.paparazzinews.com.br\/index.php?rest_route=\/wp\/v2\/users\/1"}],"replies":[{"embeddable":true,"href":"https:\/\/www.paparazzinews.com.br\/index.php?rest_route=%2Fwp%2Fv2%2Fcomments&post=11446"}],"version-history":[{"count":1,"href":"https:\/\/www.paparazzinews.com.br\/index.php?rest_route=\/wp\/v2\/posts\/11446\/revisions"}],"predecessor-version":[{"id":11448,"href":"https:\/\/www.paparazzinews.com.br\/index.php?rest_route=\/wp\/v2\/posts\/11446\/revisions\/11448"}],"wp:featuredmedia":[{"embeddable":true,"href":"https:\/\/www.paparazzinews.com.br\/index.php?rest_route=\/wp\/v2\/media\/11447"}],"wp:attachment":[{"href":"https:\/\/www.paparazzinews.com.br\/index.php?rest_route=%2Fwp%2Fv2%2Fmedia&parent=11446"}],"wp:term":[{"taxonomy":"category","embeddable":true,"href":"https:\/\/www.paparazzinews.com.br\/index.php?rest_route=%2Fwp%2Fv2%2Fcategories&post=11446"},{"taxonomy":"post_tag","embeddable":true,"href":"https:\/\/www.paparazzinews.com.br\/index.php?rest_route=%2Fwp%2Fv2%2Ftags&post=11446"}],"curies":[{"name":"wp","href":"https:\/\/api.w.org\/{rel}","templated":true}]}}