{"id":11406,"date":"2024-08-26T15:59:31","date_gmt":"2024-08-26T18:59:31","guid":{"rendered":"https:\/\/www.paparazzinews.com.br\/?p=11406"},"modified":"2024-08-26T15:59:32","modified_gmt":"2024-08-26T18:59:32","slug":"sp-faz-mutirao-para-coletar-dna-de-familiares-de-pessoas-desaparecidas","status":"publish","type":"post","link":"https:\/\/www.paparazzinews.com.br\/?p=11406","title":{"rendered":"SP faz mutir\u00e3o para coletar DNA de familiares de pessoas desaparecidas"},"content":{"rendered":"\n<p>O estado de S\u00e3o Paulo participa de uma mobiliza\u00e7\u00e3o nacional para coletar DNA de familiares de pessoas desaparecidas. S\u00e3o 13 pontos de coleta de material gen\u00e9tico, sendo dois na capital, um na Regi\u00e3o Metropolitana e os demais no interior (veja os endere\u00e7os e telefones abaixo). O objetivo \u00e9 alimentar a rede de perfis gen\u00e9ticos, permitindo que mais fam\u00edlias de desaparecidos obtenham respostas. A informa\u00e7\u00e3o \u00e9 da Ag\u00eancia SP.<br><br>A mobiliza\u00e7\u00e3o ocorre a partir desta segunda-feira (26) e vai at\u00e9 sexta-feira (30). No entanto, a coleta tamb\u00e9m \u00e9 realizada todas as quartas-feiras nos Institutos M\u00e9dicos Legais (IML) do estado, mediante agendamento no site\u00a0https:\/\/www.policiacientifica.sp.gov.br\/iml\/coletadna<\/p>\n\n\n\n<p>Entre novembro de 2023 e maio de 2024, ao menos 24 restos mortais foram identificados no estado de S\u00e3o Paulo por meio&nbsp;do banco de DNA. Segundo o relat\u00f3rio da Rede Integrada de Bancos de Perfis Gen\u00e9ticos, S\u00e3o Paulo est\u00e1 entre os tr\u00eas estados que mais alimentam essa base de dados, tanto com o DNA de pessoas e restos mortais n\u00e3o identificados quanto com o de familiares de desaparecidos.<\/p>\n\n\n\n<p>\u201cPoder dar uma resposta aos familiares de desaparecidos que muitas vezes procuram seu ente querido por anos \u00e9 extremamente significativo. Eles n\u00e3o sabem se a pessoa sumiu de prop\u00f3sito ou foi v\u00edtima de um acidente, sequestro ou outra situa\u00e7\u00e3o. Com a rede de perfis gen\u00e9ticos, podemos fazer essa compara\u00e7\u00e3o de DNAs em todo o Brasil\u201d, destacou a perita criminal e diretora do N\u00facleo de Biologia e Bioqu\u00edmica da Superintend\u00eancia da Pol\u00edcia T\u00e9cnico-Cient\u00edfica, Ana Claudia Pacheco.<\/p>\n\n\n\n<p>Durante os dias de mobiliza\u00e7\u00e3o, a Delegacia da Pessoa Desaparecida tamb\u00e9m entrar\u00e1 em contato com as fam\u00edlias para incentivar a coleta do material gen\u00e9tico. \u201cFaremos busca ativa de alguns casos espec\u00edficos\u201d, explicou a delegada B\u00e1rbara Travessos, respons\u00e1vel pela unidade policial.<\/p>\n\n\n\n<p><strong>COLETA<\/strong><\/p>\n\n\n\n<p>Para a coleta, \u00e9 necess\u00e1rio que o cidad\u00e3o apresente o Registro Geral (RG) ou outro documento com foto v\u00e1lido em territ\u00f3rio nacional, al\u00e9m do Boletim de Ocorr\u00eancia de Desaparecimento do familiar. O material gen\u00e9tico \u00e9 coletado a partir de c\u00e9lulas da mucosa oral, extra\u00eddas com um cotonete passado no interior da bochecha. Tamb\u00e9m pode ser feita a partir de uma gota de sangue do dedo da m\u00e3o.<\/p>\n\n\n\n<p>O DNA de familiares de primeiro grau da pessoa desaparecida \u00e9 priorit\u00e1rio para a coleta. O material gen\u00e9tico de pais, m\u00e3es, filhos e irm\u00e3os biol\u00f3gicos do desaparecido tem mais chances de corresponder geneticamente.&nbsp;Recomenda-se que ao menos dois familiares fa\u00e7am a coleta.<\/p>\n\n\n\n<p>Se poss\u00edvel, os especialistas pedem que o familiar leve objetos que possam conter material gen\u00e9tico da pessoa desaparecida, como amostra de cord\u00e3o umbilical, algum dente guardado ou escova de dente.<\/p>\n\n\n\n<p><strong>ENDERE\u00c7OS E CONTATOS<\/strong><\/p>\n\n\n\n<p>S\u00e3o Paulo<\/p>\n\n\n\n<p>IML Central: Avenida Dr. Eneas de Carvalho Aguiar, 600 &#8211; Cerqueira Cesar. Telefone: (11) 3088-731<\/p>\n\n\n\n<p>IML Oeste: Avenida Doutor Gast\u00e3o Vidigal, 307 &#8211; Vila Leopoldina. Telefone: (11) 3836-9135<\/p>\n\n\n\n<p>Santo Andr\u00e9<\/p>\n\n\n\n<p>IML Santo Andr\u00e9: Avenida Prestes Maia, 3445 &#8211; Setor Pr\u00edncipe de Gales. Telefone: (11) 4421-9090<\/p>\n\n\n\n<p>Americana<\/p>\n\n\n\n<p>IML Americana: Avenida Angelo Pascote, 90 &#8211; Distrito Industrial Nossa Senhora de F\u00e1tima. Telefone: (19) 3462-3894<\/p>\n\n\n\n<p>Araraquara<\/p>\n\n\n\n<p>IML Araraquara: Rua Martinho Gerhard Rolfsen, 939 &#8211; Vila Nossa Senhora do Carmo. Telefone: (16) 3322-1110<\/p>\n\n\n\n<p>Bauru<\/p>\n\n\n\n<p>IML Bauru: Rua Pascoal Luciano, 374 &#8211; Centro. Telefone: (14) 3232-7820<\/p>\n\n\n\n<p>Campinas<\/p>\n\n\n\n<p>IML Campinas: Rua Bar\u00e3o de Parna\u00edba, 300 &#8211; Botafogo. Telefone: (19) 3236-2833<\/p>\n\n\n\n<p>Presidente Prudente<\/p>\n\n\n\n<p>IML Presidente Prudente: Rua Dario Machado de Campos, 285 &#8211; Vila Formosa. Telefone: (18) 3917-1372<\/p>\n\n\n\n<p>Ribeir\u00e3o Preto<\/p>\n\n\n\n<p>IML Ribeir\u00e3o Preto: Rua S\u00e3o Sebasti\u00e3o, 1339 &#8211; Centro. Telefone: (16) 3636-2709<\/p>\n\n\n\n<p>Santos<\/p>\n\n\n\n<p>NPML Santos: Rua Bernardo Browne 122, Estu\u00e1rio \u2013 Santos. Telefone: (17) 3235-5512<\/p>\n\n\n\n<p>S\u00e3o Jos\u00e9 do Rio Preto<\/p>\n\n\n\n<p>IML S\u00e3o Jos\u00e9 do Rio Preto: Rua Dr. Prisciliano Pinto, 1320 &#8211; Boa Vista. Telefone: (17) 3235-5512<\/p>\n\n\n\n<p>S\u00e3o Jos\u00e9 dos Campos<\/p>\n\n\n\n<p>IML S\u00e3o Jos\u00e9 dos Campos: Av. Pres. Juscelino Kubitschek, 7575 &#8211; Vila Industrial. Telefone: (12) 3902-4699<\/p>\n\n\n\n<p>Sorocaba<\/p>\n\n\n\n<p>IML Sorocaba: Rua Comendador Abilio Soares, 380 &#8211; Jardim Eltonville. Telefone: (15) 3222-0775<\/p>\n\n\n\n<p><strong><em><strong><em><strong><em><strong><em><strong><em><strong><em><strong><em><strong><em><strong>Siga nossas redes sociais no\u00a0<a href=\"https:\/\/www.instagram.com\/ronipaparazzi\/\">Instagram\u00a0<\/a>e\u00a0<a href=\"https:\/\/www.facebook.com\/ronipaparazzicomvoce\">Facebook<\/a>\u00a0participe da nossa comunidade do Canal Roni Paparazzi no Whatsapp e receba as principais not\u00edcias da regi\u00e3o de Ara\u00e7atuba do dia direto no seu celular.<\/strong>\u00a0<a href=\"https:\/\/chat.whatsapp.com\/GsG1XKo0jPOEfjzudWQcml\" target=\"_blank\" rel=\"noreferrer noopener\">\u00a0Clique aqui e se inscreva.<\/a><\/em><\/strong><\/em><\/strong><\/em><\/strong><\/em><\/strong><\/em><\/strong><\/em><\/strong><\/em><\/strong><\/em><\/strong><\/p>\n","protected":false},"excerpt":{"rendered":"<p>O estado de S\u00e3o Paulo participa de uma mobiliza\u00e7\u00e3o nacional para coletar DNA de familiares de pessoas desaparecidas. S\u00e3o 13 pontos de coleta de material gen\u00e9tico, sendo dois na capital, um na Regi\u00e3o Metropolitana e os demais no interior (veja os endere\u00e7os e telefones abaixo). O objetivo \u00e9 alimentar a rede de perfis gen\u00e9ticos, permitindo &hellip;<\/p>\n","protected":false},"author":1,"featured_media":11407,"comment_status":"open","ping_status":"open","sticky":false,"template":"","format":"standard","meta":{"_jetpack_memberships_contains_paid_content":false,"footnotes":"","jetpack_publicize_message":"","jetpack_publicize_feature_enabled":true,"jetpack_social_post_already_shared":false,"jetpack_social_options":{"image_generator_settings":{"template":"highway","default_image_id":0,"enabled":false},"version":2}},"categories":[4],"tags":[],"class_list":["post-11406","post","type-post","status-publish","format-standard","has-post-thumbnail","hentry","category-regiao"],"jetpack_publicize_connections":[],"jetpack_featured_media_url":"https:\/\/i0.wp.com\/www.paparazzinews.com.br\/wp-content\/uploads\/2024\/08\/sp-faz-mutirao-para-coletar-dna-de-familiares-de-pessoas-desaparecidas-260824_110351.jpg?fit=655%2C400&ssl=1","views":"2212","jetpack_likes_enabled":true,"jetpack_sharing_enabled":true,"_links":{"self":[{"href":"https:\/\/www.paparazzinews.com.br\/index.php?rest_route=\/wp\/v2\/posts\/11406","targetHints":{"allow":["GET"]}}],"collection":[{"href":"https:\/\/www.paparazzinews.com.br\/index.php?rest_route=\/wp\/v2\/posts"}],"about":[{"href":"https:\/\/www.paparazzinews.com.br\/index.php?rest_route=\/wp\/v2\/types\/post"}],"author":[{"embeddable":true,"href":"https:\/\/www.paparazzinews.com.br\/index.php?rest_route=\/wp\/v2\/users\/1"}],"replies":[{"embeddable":true,"href":"https:\/\/www.paparazzinews.com.br\/index.php?rest_route=%2Fwp%2Fv2%2Fcomments&post=11406"}],"version-history":[{"count":1,"href":"https:\/\/www.paparazzinews.com.br\/index.php?rest_route=\/wp\/v2\/posts\/11406\/revisions"}],"predecessor-version":[{"id":11408,"href":"https:\/\/www.paparazzinews.com.br\/index.php?rest_route=\/wp\/v2\/posts\/11406\/revisions\/11408"}],"wp:featuredmedia":[{"embeddable":true,"href":"https:\/\/www.paparazzinews.com.br\/index.php?rest_route=\/wp\/v2\/media\/11407"}],"wp:attachment":[{"href":"https:\/\/www.paparazzinews.com.br\/index.php?rest_route=%2Fwp%2Fv2%2Fmedia&parent=11406"}],"wp:term":[{"taxonomy":"category","embeddable":true,"href":"https:\/\/www.paparazzinews.com.br\/index.php?rest_route=%2Fwp%2Fv2%2Fcategories&post=11406"},{"taxonomy":"post_tag","embeddable":true,"href":"https:\/\/www.paparazzinews.com.br\/index.php?rest_route=%2Fwp%2Fv2%2Ftags&post=11406"}],"curies":[{"name":"wp","href":"https:\/\/api.w.org\/{rel}","templated":true}]}}