{"id":11402,"date":"2024-08-26T15:55:32","date_gmt":"2024-08-26T18:55:32","guid":{"rendered":"https:\/\/www.paparazzinews.com.br\/?p=11402"},"modified":"2024-08-26T15:55:33","modified_gmt":"2024-08-26T18:55:33","slug":"pe-de-meia-inicia-pagamento-a-novos-estudantes-de-escolas-publicas","status":"publish","type":"post","link":"https:\/\/www.paparazzinews.com.br\/?p=11402","title":{"rendered":"P\u00e9-de-Meia inicia pagamento a novos estudantes de escolas p\u00fablicas"},"content":{"rendered":"\n<p>Come\u00e7a nesta segunda-feira (26) o pagamento da primeira parcela do programa P\u00e9-de-Meia, destinado a estudantes do ensino m\u00e9dio p\u00fablico cujas fam\u00edlias se inscreveram no Cadastro \u00danico para Programas Sociais do Governo Federal (Cad\u00danico) at\u00e9 15 de junho de 2024. A informa\u00e7\u00e3o \u00e9 da Ag\u00eancia Brasil.<br><br>De acordo com o calend\u00e1rio do programa, o pagamento da primeira parcela, no valor de R$ 200, segue at\u00e9 a pr\u00f3xima segunda-feira (2), beneficiando estudantes com renda familiar de at\u00e9 meio sal\u00e1rio m\u00ednimo por pessoa.<\/p>\n\n\n\n<p>As contas dos novos benefici\u00e1rios, segundo o Minist\u00e9rio da Educa\u00e7\u00e3o, j\u00e1 foram abertas pela Caixa. \u201cOs estudantes, por\u00e9m, passam a receber o incentivo apenas ap\u00f3s a inclus\u00e3o no programa, ou seja, n\u00e3o receber\u00e3o retroativamente as quatro parcelas j\u00e1 pagas pelo P\u00e9-de-Meia\u201d, destacou a pasta.<\/p>\n\n\n\n<p>Alunos que j\u00e1 faziam parte do programa tamb\u00e9m come\u00e7am a receber, a partir desta segunda-feira, a quinta parcela do incentivo, conforme seu m\u00eas de anivers\u00e1rio. O pagamento \u00e9 referente \u00e0 frequ\u00eancia \u00e0s aulas no m\u00eas de maio.<\/p>\n\n\n\n<p>O calend\u00e1rio de pagamentos para esses dois grupos, segundo o minist\u00e9rio, j\u00e1 est\u00e1 definido at\u00e9 o fim do ano. J\u00e1 os alunos da Educa\u00e7\u00e3o de Jovens e Adultos (EJA) passar\u00e3o a participar da poupan\u00e7a do ensino m\u00e9dio a partir de setembro.<\/p>\n\n\n\n<p><strong>ENTENDA<\/strong><\/p>\n\n\n\n<p>Para receber o benef\u00edcio, o estudante deve ter, no m\u00ednimo, 80% de frequ\u00eancia nas aulas do m\u00eas. A regra \u00e9 v\u00e1lida para todos os p\u00fablicos. Caso a assiduidade esteja abaixo desse patamar, a parcela referente a esse per\u00edodo n\u00e3o ser\u00e1 paga.<\/p>\n\n\n\n<p>De acordo com o minist\u00e9rio, o pagamento \u00e9 retomado caso, nas pr\u00f3ximas medi\u00e7\u00f5es, o aluno volte a ter frequ\u00eancia m\u00e9dia mensal acima dos 80%. Os estudantes podem conferir seus dados de frequ\u00eancia na secretaria da escola.<\/p>\n\n\n\n<p>Por meio da chamada poupan\u00e7a do ensino m\u00e9dio, o aluno recebe um incentivo de R$ 200 por frequ\u00eancia, al\u00e9m de dep\u00f3sitos de R$ 1.000 ao final de cada ano conclu\u00eddo com aprova\u00e7\u00e3o. Os dep\u00f3sitos maiores s\u00f3 podem ser sacados&nbsp;ap\u00f3s a formatura no ensino m\u00e9dio.<\/p>\n\n\n\n<p>Os dep\u00f3sitos s\u00e3o feitos&nbsp;em uma conta aberta automaticamente pela Caixa para estudantes que cumprem os crit\u00e9rios do programa.<\/p>\n\n\n\n<p>Caso o aluno contemplado seja menor de idade, para movimentar a conta, sacar o dinheiro ou utilizar o aplicativo Caixa Tem, \u00e9 necess\u00e1rio que o respons\u00e1vel legal autorize por meio do pr\u00f3prio app ou em uma ag\u00eancia banc\u00e1ria.<\/p>\n\n\n\n<p>Se o aluno tiver 18 anos ou mais, a conta j\u00e1 estar\u00e1 desbloqueada para utiliza\u00e7\u00e3o do valor recebido.<\/p>\n\n\n\n<p>Institu\u00eddo pela Lei n\u00ba 14.818\/2024, o P\u00e9-de-Meia \u00e9 um programa de incentivo financeiro-educacional, na modalidade poupan\u00e7a, destinado a promover a perman\u00eancia e a conclus\u00e3o escolar de estudantes matriculados no ensino m\u00e9dio p\u00fablico.<\/p>\n\n\n\n<p>\u201cO objetivo \u00e9 democratizar o acesso e reduzir a desigualdade social entre os jovens do ensino m\u00e9dio, al\u00e9m de promover mais inclus\u00e3o social pela educa\u00e7\u00e3o, estimulando a mobilidade social\u201d, destacou o minist\u00e9rio.<\/p>\n\n\n\n<p><strong><em><strong><em><strong><em><strong><em><strong><em><strong><em><strong><em><strong><em><strong>Siga nossas redes sociais no\u00a0<a href=\"https:\/\/www.instagram.com\/ronipaparazzi\/\">Instagram\u00a0<\/a>e\u00a0<a href=\"https:\/\/www.facebook.com\/ronipaparazzicomvoce\">Facebook<\/a>\u00a0participe da nossa comunidade do Canal Roni Paparazzi no Whatsapp e receba as principais not\u00edcias da regi\u00e3o de Ara\u00e7atuba do dia direto no seu celular.<\/strong>\u00a0<a href=\"https:\/\/chat.whatsapp.com\/GsG1XKo0jPOEfjzudWQcml\" target=\"_blank\" rel=\"noreferrer noopener\">\u00a0Clique aqui e se inscreva.<\/a><\/em><\/strong><\/em><\/strong><\/em><\/strong><\/em><\/strong><\/em><\/strong><\/em><\/strong><\/em><\/strong><\/em><\/strong><\/p>\n","protected":false},"excerpt":{"rendered":"<p>Come\u00e7a nesta segunda-feira (26) o pagamento da primeira parcela do programa P\u00e9-de-Meia, destinado a estudantes do ensino m\u00e9dio p\u00fablico cujas fam\u00edlias se inscreveram no Cadastro \u00danico para Programas Sociais do Governo Federal (Cad\u00danico) at\u00e9 15 de junho de 2024. A informa\u00e7\u00e3o \u00e9 da Ag\u00eancia Brasil.De acordo com o calend\u00e1rio do programa, o pagamento da primeira &hellip;<\/p>\n","protected":false},"author":1,"featured_media":11403,"comment_status":"open","ping_status":"open","sticky":false,"template":"","format":"standard","meta":{"_jetpack_memberships_contains_paid_content":false,"footnotes":"","jetpack_publicize_message":"","jetpack_publicize_feature_enabled":true,"jetpack_social_post_already_shared":false,"jetpack_social_options":{"image_generator_settings":{"template":"highway","default_image_id":0,"enabled":false},"version":2}},"categories":[4],"tags":[],"class_list":["post-11402","post","type-post","status-publish","format-standard","has-post-thumbnail","hentry","category-regiao"],"jetpack_publicize_connections":[],"jetpack_featured_media_url":"https:\/\/i0.wp.com\/www.paparazzinews.com.br\/wp-content\/uploads\/2024\/08\/pe-de-meia-inicia-pagamento-a-novos-estudantes-de-escolas-publicas-260824_114327.jpg?fit=666%2C400&ssl=1","views":"2128","jetpack_likes_enabled":true,"jetpack_sharing_enabled":true,"_links":{"self":[{"href":"https:\/\/www.paparazzinews.com.br\/index.php?rest_route=\/wp\/v2\/posts\/11402","targetHints":{"allow":["GET"]}}],"collection":[{"href":"https:\/\/www.paparazzinews.com.br\/index.php?rest_route=\/wp\/v2\/posts"}],"about":[{"href":"https:\/\/www.paparazzinews.com.br\/index.php?rest_route=\/wp\/v2\/types\/post"}],"author":[{"embeddable":true,"href":"https:\/\/www.paparazzinews.com.br\/index.php?rest_route=\/wp\/v2\/users\/1"}],"replies":[{"embeddable":true,"href":"https:\/\/www.paparazzinews.com.br\/index.php?rest_route=%2Fwp%2Fv2%2Fcomments&post=11402"}],"version-history":[{"count":1,"href":"https:\/\/www.paparazzinews.com.br\/index.php?rest_route=\/wp\/v2\/posts\/11402\/revisions"}],"predecessor-version":[{"id":11404,"href":"https:\/\/www.paparazzinews.com.br\/index.php?rest_route=\/wp\/v2\/posts\/11402\/revisions\/11404"}],"wp:featuredmedia":[{"embeddable":true,"href":"https:\/\/www.paparazzinews.com.br\/index.php?rest_route=\/wp\/v2\/media\/11403"}],"wp:attachment":[{"href":"https:\/\/www.paparazzinews.com.br\/index.php?rest_route=%2Fwp%2Fv2%2Fmedia&parent=11402"}],"wp:term":[{"taxonomy":"category","embeddable":true,"href":"https:\/\/www.paparazzinews.com.br\/index.php?rest_route=%2Fwp%2Fv2%2Fcategories&post=11402"},{"taxonomy":"post_tag","embeddable":true,"href":"https:\/\/www.paparazzinews.com.br\/index.php?rest_route=%2Fwp%2Fv2%2Ftags&post=11402"}],"curies":[{"name":"wp","href":"https:\/\/api.w.org\/{rel}","templated":true}]}}