{"id":11393,"date":"2024-08-23T16:05:16","date_gmt":"2024-08-23T19:05:16","guid":{"rendered":"https:\/\/www.paparazzinews.com.br\/?p=11393"},"modified":"2024-08-23T16:05:17","modified_gmt":"2024-08-23T19:05:17","slug":"alesp-aprova-bolsa-estagio-ensino-medio-que-vai-pagar-ate-r-1-mil-para-alunos","status":"publish","type":"post","link":"https:\/\/www.paparazzinews.com.br\/?p=11393","title":{"rendered":"Alesp aprova Bolsa Est\u00e1gio Ensino M\u00e9dio, que vai pagar at\u00e9 R$ 1 mil para alunos"},"content":{"rendered":"\n<p>Estudantes do Ensino M\u00e9dio das escolas da Secretaria da Educa\u00e7\u00e3o do Estado de S\u00e3o Paulo (Seduc-SP) ter\u00e3o a oportunidade de trabalhar nas suas \u00e1reas de forma\u00e7\u00e3o t\u00e9cnica e receber uma bolsa de at\u00e9 R$ 1.000,00 com o BEEM (Bolsa Est\u00e1gio Ensino M\u00e9dio). O projeto de lei do Governo do Estado foi aprovado nesta ter\u00e7a-feira (20) pela Assembleia Legislativa do Estado de S\u00e3o Paulo (Alesp).<\/p>\n\n\n\n<p>De acordo com o secret\u00e1rio da Educa\u00e7\u00e3o, Renato Feder, o objetivo principal ao inserir os alunos do Ensino M\u00e9dio T\u00e9cnico no mercado de trabalho \u00e9 o combate \u00e0 evas\u00e3o escolar. A iniciativa in\u00e9dita tamb\u00e9m vai valorizar os estudantes do Ensino M\u00e9dio, que poder\u00e3o atuar como monitores no refor\u00e7o de l\u00edngua portuguesa e matem\u00e1tica nas escolas de ensino regular.<\/p>\n\n\n\n<p>Os estudantes das \u00e1reas de tecnologia, como o de ci\u00eancia de dados e desenvolvimento de sistemas, poder\u00e3o receber bolsas mensais de at\u00e9 R$ 1.000. Para os demais cursos, a expectativa da Educa\u00e7\u00e3o \u00e9 um pagamento mensal de at\u00e9 R$ 650. Para todos os estudantes selecionados, a bolsa ser\u00e1 paga por quatro horas de jornada de atividades de est\u00e1gio di\u00e1rias \u2014 20 horas semanais.<\/p>\n\n\n\n<p>Com a aprova\u00e7\u00e3o da Alesp, a equipe t\u00e9cnica da pasta dar\u00e1 in\u00edcio \u00e0 abertura de editais para parcerias com institui\u00e7\u00f5es e empresas privadas interessadas em receber os&nbsp; estudantes do programa. O in\u00edcio dos est\u00e1gios deve ocorrer entre o fim deste ano e o in\u00edcio de 2025. Inicialmente, o programa deve beneficiar 5.000 estudantes do ensino t\u00e9cnico. A expectativa \u00e9 ampliar o n\u00famero para 30 mil estagi\u00e1rios.<\/p>\n\n\n\n<p>O BEEM ser\u00e1 pago pela Educa\u00e7\u00e3o por um per\u00edodo de seis meses, assim como o seguro contra acidentes pessoais dos estudantes. As empresas parceiras dever\u00e3o fornecer aux\u00edlio transporte aos estudantes e dispor de profissional que atuar\u00e1 como supervisor do est\u00e1gio, com forma\u00e7\u00e3o ou experi\u00eancia na \u00e1rea de conhecimento do curso t\u00e9cnico da Seduc-SP.<\/p>\n\n\n\n<p>Ap\u00f3s um per\u00edodo de est\u00e1gio de seis meses no programa estadual, os estudantes concluintes do Ensino M\u00e9dio poder\u00e3o ter seus contratos de est\u00e1gio efetivados pelas empresas.<\/p>\n\n\n\n<p>O programa \u00e9 dedicado aos estudantes que cursam o ensino t\u00e9cnico em suas pr\u00f3prias unidades escolares, com professores contratados pela Seduc-SP e por parceiros, como o Centro Paula Souza, ou ainda por meio da parceria com o Servi\u00e7o Nacional de Aprendizagem Industrial (Senai). Nesse \u00faltimo caso, o Senai tamb\u00e9m deve integrar o projeto indicando parcerias com empresas atreladas aos cursos ofertados pelo servi\u00e7o.<\/p>\n\n\n\n<p>Atualmente, a Educa\u00e7\u00e3o de SP tem mais de 70 mil estudantes matriculados no itiner\u00e1rio formativo do Ensino M\u00e9dio T\u00e9cnico. Em 2025, o n\u00famero de estudantes cursando esse itiner\u00e1rio deve chegar a 170 mil. O \u00fanico curso entre os ofertados aos estudantes da rede p\u00fablica paulista com est\u00e1gio obrigat\u00f3rio \u00e9 o de enfermagem. Para esses estudantes, a Seduc-SP pretende pagar uma bolsa por cerca de 10 meses, no segundo ano de ensino t\u00e9cnico e \u00faltima s\u00e9rie do Ensino M\u00e9dio, para manuten\u00e7\u00e3o dos alunos na escola e no curso.<\/p>\n\n\n\n<p>\u201cA expectativa da cria\u00e7\u00e3o desse programa abrange e beneficia nossos estudantes de v\u00e1rias maneiras. Com o est\u00e1gio, eles n\u00e3o ter\u00e3o apenas um incentivo financeiro para continuarem na escola e aprender, mas tamb\u00e9m para conhecerem o mercado de trabalho, atuarem de forma pr\u00e1tica com aquilo que \u00e9 ensinado em sala de aula e ainda decidirem o que eles esperam para o futuro no campo profissional\u201d, informa o secret\u00e1rio da pasta da Educa\u00e7\u00e3o, Renato Feder.<\/p>\n\n\n\n<p>O secret\u00e1rio destaca ainda a possibilidade de os estudantes da rede atuarem em suas \u00e1reas de estudo. \u201cNosso programa come\u00e7a garantindo a bolsa, paga pelo estado, a 5.000 estudantes, com vistas a ampliar para 30 mil estagi\u00e1rios, com valores competitivos \u00e0s m\u00e9dias pagas no nosso estado e interessante aos nossos alunos. N\u00f3s tamb\u00e9m queremos dar visibilidade \u00e0s potencialidades dos nossos alunos. Hoje temos mais de 70 mil jovens que est\u00e3o aptos a estagiar em empresas de diversos segmentos, com cursos pensados a partir da economia local em todas as regi\u00f5es paulistas.\u201d<\/p>\n\n\n\n<h2 class=\"wp-block-heading\"><strong>Monitoria para melhorar o ensino de alunos<\/strong><\/h2>\n\n\n\n<p>O programa prev\u00ea, ainda, o pagamento de bolsas a estudantes dos itiner\u00e1rios formativos de exatas e humanas da Secretaria da Educa\u00e7\u00e3o que estudam em per\u00edodo parcial e poder\u00e3o atuar como monitores das disciplinas de l\u00edngua portuguesa e matem\u00e1tica a partir do segundo semestre deste ano.<\/p>\n\n\n\n<p>O objetivo \u00e9 que esses estudantes desempenhem atividades de aux\u00edlio ao aprendizado, com supervis\u00e3o de professores-orientadores das \u00e1reas de l\u00edngua portuguesa e matem\u00e1tica. A previs\u00e3o \u00e9 o pagamento de at\u00e9 R$ 400 mensais relativos \u00e0 bolsa monitoria.<\/p>\n\n\n\n<p><strong><em><strong><em><strong><em><strong><em><strong><em><strong><em><strong><em><strong><em><strong>Siga nossas redes sociais no\u00a0<a href=\"https:\/\/www.instagram.com\/ronipaparazzi\/\">Instagram\u00a0<\/a>e\u00a0<a href=\"https:\/\/www.facebook.com\/ronipaparazzicomvoce\">Facebook<\/a>\u00a0participe da nossa comunidade do Canal Roni Paparazzi no Whatsapp e receba as principais not\u00edcias da regi\u00e3o de Ara\u00e7atuba do dia direto no seu celular.<\/strong>\u00a0<a href=\"https:\/\/chat.whatsapp.com\/GsG1XKo0jPOEfjzudWQcml\" target=\"_blank\" rel=\"noreferrer noopener\">\u00a0Clique aqui e se inscreva.<\/a><\/em><\/strong><\/em><\/strong><\/em><\/strong><\/em><\/strong><\/em><\/strong><\/em><\/strong><\/em><\/strong><\/em><\/strong><\/p>\n","protected":false},"excerpt":{"rendered":"<p>Estudantes do Ensino M\u00e9dio das escolas da Secretaria da Educa\u00e7\u00e3o do Estado de S\u00e3o Paulo (Seduc-SP) ter\u00e3o a oportunidade de trabalhar nas suas \u00e1reas de forma\u00e7\u00e3o t\u00e9cnica e receber uma bolsa de at\u00e9 R$ 1.000,00 com o BEEM (Bolsa Est\u00e1gio Ensino M\u00e9dio). O projeto de lei do Governo do Estado foi aprovado nesta ter\u00e7a-feira (20) &hellip;<\/p>\n","protected":false},"author":1,"featured_media":11394,"comment_status":"open","ping_status":"open","sticky":false,"template":"","format":"standard","meta":{"_jetpack_memberships_contains_paid_content":false,"footnotes":"","jetpack_publicize_message":"","jetpack_publicize_feature_enabled":true,"jetpack_social_post_already_shared":false,"jetpack_social_options":{"image_generator_settings":{"template":"highway","default_image_id":0,"enabled":false},"version":2}},"categories":[4],"tags":[],"class_list":["post-11393","post","type-post","status-publish","format-standard","has-post-thumbnail","hentry","category-regiao"],"jetpack_publicize_connections":[],"jetpack_featured_media_url":"https:\/\/i0.wp.com\/www.paparazzinews.com.br\/wp-content\/uploads\/2024\/08\/53822149096_4227127895_k-1-1024x683-1.jpg?fit=1024%2C683&ssl=1","views":"1862","jetpack_likes_enabled":true,"jetpack_sharing_enabled":true,"_links":{"self":[{"href":"https:\/\/www.paparazzinews.com.br\/index.php?rest_route=\/wp\/v2\/posts\/11393","targetHints":{"allow":["GET"]}}],"collection":[{"href":"https:\/\/www.paparazzinews.com.br\/index.php?rest_route=\/wp\/v2\/posts"}],"about":[{"href":"https:\/\/www.paparazzinews.com.br\/index.php?rest_route=\/wp\/v2\/types\/post"}],"author":[{"embeddable":true,"href":"https:\/\/www.paparazzinews.com.br\/index.php?rest_route=\/wp\/v2\/users\/1"}],"replies":[{"embeddable":true,"href":"https:\/\/www.paparazzinews.com.br\/index.php?rest_route=%2Fwp%2Fv2%2Fcomments&post=11393"}],"version-history":[{"count":1,"href":"https:\/\/www.paparazzinews.com.br\/index.php?rest_route=\/wp\/v2\/posts\/11393\/revisions"}],"predecessor-version":[{"id":11395,"href":"https:\/\/www.paparazzinews.com.br\/index.php?rest_route=\/wp\/v2\/posts\/11393\/revisions\/11395"}],"wp:featuredmedia":[{"embeddable":true,"href":"https:\/\/www.paparazzinews.com.br\/index.php?rest_route=\/wp\/v2\/media\/11394"}],"wp:attachment":[{"href":"https:\/\/www.paparazzinews.com.br\/index.php?rest_route=%2Fwp%2Fv2%2Fmedia&parent=11393"}],"wp:term":[{"taxonomy":"category","embeddable":true,"href":"https:\/\/www.paparazzinews.com.br\/index.php?rest_route=%2Fwp%2Fv2%2Fcategories&post=11393"},{"taxonomy":"post_tag","embeddable":true,"href":"https:\/\/www.paparazzinews.com.br\/index.php?rest_route=%2Fwp%2Fv2%2Ftags&post=11393"}],"curies":[{"name":"wp","href":"https:\/\/api.w.org\/{rel}","templated":true}]}}