{"id":11380,"date":"2024-08-15T17:11:30","date_gmt":"2024-08-15T20:11:30","guid":{"rendered":"https:\/\/www.paparazzinews.com.br\/?p=11380"},"modified":"2024-08-15T17:11:31","modified_gmt":"2024-08-15T20:11:31","slug":"pms-sao-homenageados-pelo-batalhao-de-andradina-completaram-30-anos-de-servico-e-logo-se-aposentam","status":"publish","type":"post","link":"https:\/\/www.paparazzinews.com.br\/?p=11380","title":{"rendered":"PMs s\u00e3o homenageados pelo Batalh\u00e3o de Andradina, completaram 30 anos de servi\u00e7o e logo se aposentam"},"content":{"rendered":"\n<p>Na tarde desta quinta-feira, 15 de agosto, na sede do 28\u00ba BPM\/I da Pol\u00edcia Militar, no encerramento do EAP \u2013 Est\u00e1gio de Atualiza\u00e7\u00e3o Profissional, a que todos s\u00e3o submetidos anualmente, onde recebem refor\u00e7os no treinamento de tiro, aptid\u00e3o f\u00edsica, defesa pessoal, procedimentos operacionais, entre outros, os policiais cabo Guzellotto, Adriano e Waldinei, foram homenageados.<\/p>\n\n\n\n<p>O reconhecimento se deu por ser o ultimo treinamento de suas carreiras, j\u00e1 que est\u00e3o na imin\u00eancia de passarem para a inatividade, ap\u00f3s 30 anos de trabalhos ininterruptos, em que diuturnamente serviram \u00e0 popula\u00e7\u00e3o paulista e, mais especificamente, os cerca de 200.000 habitantes das 12 cidades que comp\u00f5em o 28\u00ba BPM\/I.<\/p>\n\n\n\n<p>Na ocasi\u00e3o, o major Romansini, subcomandante do Batalh\u00e3o, os agradeceu pelo empenho, dedica\u00e7\u00e3o e profissionalismo, materializando o agradecimento na forma de um certificado, com os dizeres:<br>Certifico que o policial militar concluiu o Est\u00e1gio de Atualiza\u00e7\u00e3o Profissional, realizado de 13 a 15 de agosto de 2024, o \u00faltimo de sua honrada carreira, no Quartel do 28\u00ba BPM\/I, com garbo e galhardia.<\/p>\n\n\n\n<p>Nesta data auspiciosa, os oficiais e pra\u00e7as o parabenizam, enaltecendo seu empenho, denodo, dedica\u00e7\u00e3o e entusiasmo. \u201cCombati o bom combate, terminei a corrida, guardei a f\u00e9. Agora me est\u00e1 reservada a coroa da justi\u00e7a, que o Senhor, justo Juiz, me dar\u00e1 naquele dia; e n\u00e3o somente a mim, mas tamb\u00e9m a todos os que amam a sua vinda\u201d.<\/p>\n\n\n\n<p><strong><em><strong><em><strong><em><strong><em><strong><em><strong><em><strong><em><strong><em><strong>Siga nossas redes sociais no\u00a0<a href=\"https:\/\/www.instagram.com\/ronipaparazzi\/\">Instagram\u00a0<\/a>e\u00a0<a href=\"https:\/\/www.facebook.com\/ronipaparazzicomvoce\">Facebook<\/a>\u00a0participe da nossa comunidade do Canal Roni Paparazzi no Whatsapp e receba as principais not\u00edcias da regi\u00e3o de Ara\u00e7atuba do dia direto no seu celular.<\/strong>\u00a0<a href=\"https:\/\/chat.whatsapp.com\/GsG1XKo0jPOEfjzudWQcml\" target=\"_blank\" rel=\"noreferrer noopener\">\u00a0Clique aqui e se inscreva.<\/a><\/em><\/strong><\/em><\/strong><\/em><\/strong><\/em><\/strong><\/em><\/strong><\/em><\/strong><\/em><\/strong><\/em><\/strong><\/p>\n","protected":false},"excerpt":{"rendered":"<p>Na tarde desta quinta-feira, 15 de agosto, na sede do 28\u00ba BPM\/I da Pol\u00edcia Militar, no encerramento do EAP \u2013 Est\u00e1gio de Atualiza\u00e7\u00e3o Profissional, a que todos s\u00e3o submetidos anualmente, onde recebem refor\u00e7os no treinamento de tiro, aptid\u00e3o f\u00edsica, defesa pessoal, procedimentos operacionais, entre outros, os policiais cabo Guzellotto, Adriano e Waldinei, foram homenageados. O &hellip;<\/p>\n","protected":false},"author":1,"featured_media":11381,"comment_status":"open","ping_status":"open","sticky":false,"template":"","format":"standard","meta":{"_jetpack_memberships_contains_paid_content":false,"footnotes":"","jetpack_publicize_message":"","jetpack_publicize_feature_enabled":true,"jetpack_social_post_already_shared":false,"jetpack_social_options":{"image_generator_settings":{"template":"highway","default_image_id":0,"enabled":false},"version":2}},"categories":[3],"tags":[],"class_list":["post-11380","post","type-post","status-publish","format-standard","has-post-thumbnail","hentry","category-policial"],"jetpack_publicize_connections":[],"jetpack_featured_media_url":"https:\/\/i0.wp.com\/www.paparazzinews.com.br\/wp-content\/uploads\/2024\/08\/Apos.jpg?fit=1000%2C500&ssl=1","views":"2532","jetpack_likes_enabled":true,"jetpack_sharing_enabled":true,"_links":{"self":[{"href":"https:\/\/www.paparazzinews.com.br\/index.php?rest_route=\/wp\/v2\/posts\/11380","targetHints":{"allow":["GET"]}}],"collection":[{"href":"https:\/\/www.paparazzinews.com.br\/index.php?rest_route=\/wp\/v2\/posts"}],"about":[{"href":"https:\/\/www.paparazzinews.com.br\/index.php?rest_route=\/wp\/v2\/types\/post"}],"author":[{"embeddable":true,"href":"https:\/\/www.paparazzinews.com.br\/index.php?rest_route=\/wp\/v2\/users\/1"}],"replies":[{"embeddable":true,"href":"https:\/\/www.paparazzinews.com.br\/index.php?rest_route=%2Fwp%2Fv2%2Fcomments&post=11380"}],"version-history":[{"count":1,"href":"https:\/\/www.paparazzinews.com.br\/index.php?rest_route=\/wp\/v2\/posts\/11380\/revisions"}],"predecessor-version":[{"id":11382,"href":"https:\/\/www.paparazzinews.com.br\/index.php?rest_route=\/wp\/v2\/posts\/11380\/revisions\/11382"}],"wp:featuredmedia":[{"embeddable":true,"href":"https:\/\/www.paparazzinews.com.br\/index.php?rest_route=\/wp\/v2\/media\/11381"}],"wp:attachment":[{"href":"https:\/\/www.paparazzinews.com.br\/index.php?rest_route=%2Fwp%2Fv2%2Fmedia&parent=11380"}],"wp:term":[{"taxonomy":"category","embeddable":true,"href":"https:\/\/www.paparazzinews.com.br\/index.php?rest_route=%2Fwp%2Fv2%2Fcategories&post=11380"},{"taxonomy":"post_tag","embeddable":true,"href":"https:\/\/www.paparazzinews.com.br\/index.php?rest_route=%2Fwp%2Fv2%2Ftags&post=11380"}],"curies":[{"name":"wp","href":"https:\/\/api.w.org\/{rel}","templated":true}]}}