{"id":11332,"date":"2024-08-15T15:32:10","date_gmt":"2024-08-15T18:32:10","guid":{"rendered":"https:\/\/www.paparazzinews.com.br\/?p=11332"},"modified":"2024-08-15T15:32:11","modified_gmt":"2024-08-15T18:32:11","slug":"mais-de-400-mil-candidatos-estao-registrados-para-eleicoes-municipais","status":"publish","type":"post","link":"https:\/\/www.paparazzinews.com.br\/?p=11332","title":{"rendered":"Mais de 400 mil candidatos est\u00e3o registrados para elei\u00e7\u00f5es municipais"},"content":{"rendered":"\n<p>Os partidos, coliga\u00e7\u00f5es e federa\u00e7\u00f5es t\u00eam at\u00e9 esta quinta-feira (15) para registrar\u00a0os candidatos a prefeito e vereador para as elei\u00e7\u00f5es municipais deste ano, marcadas para 6 de outubro, com eventual segundo turno em 27 de outubro em munic\u00edpios com mais de 200 mil eleitores.\u00a0<img data-recalc-dims=\"1\" decoding=\"async\" src=\"https:\/\/i0.wp.com\/agenciabrasil.ebc.com.br\/ebc.png?w=708&#038;ssl=1\"><img data-recalc-dims=\"1\" decoding=\"async\" src=\"https:\/\/i0.wp.com\/agenciabrasil.ebc.com.br\/ebc.gif?w=708&#038;ssl=1\">A informa\u00e7\u00e3o \u00e9 da Ag\u00eancia Brasil.<\/p>\n\n\n\n<p>At\u00e9 o momento, foram registrados mais de 400 mil candidatos, sendo 13.997 a prefeito, 379.320 a vereador e os demais a vice-prefeito (cerca de 6.680).&nbsp;<\/p>\n\n\n\n<p>Pelo calend\u00e1rio eleitoral, o prazo para a solicita\u00e7\u00e3o de registro pela internet se encerrou \u00e0s 8h desta quinta-feira. Os partidos, federa\u00e7\u00f5es ou o pr\u00f3prio candidato, por\u00e9m, ainda podem apresentar o registro presencialmente, no cart\u00f3rio eleitoral, at\u00e9 as 19h.&nbsp;<\/p>\n\n\n\n<p>O registro \u00e9 um procedimento por meio do qual a legenda informa \u00e0 Justi\u00e7a Eleitoral todos os dados exigidos sobre uma candidatura, incluindo fotografia, parentescos, patrim\u00f4nio e antecedentes criminais, entre outros.&nbsp;<\/p>\n\n\n\n<p>\u00c9 preciso apresentar ainda a ata da conven\u00e7\u00e3o partid\u00e1ria que ratificou a candidatura. No caso de candidatos a prefeito, deve ser anexado ainda um programa com as propostas do candidato.&nbsp;<\/p>\n\n\n\n<p>Cada registro gera um processo que deve ser julgado pela Justi\u00e7a Eleitoral, no qual deve ser analisado se toda a documenta\u00e7\u00e3o est\u00e1 em ordem, ou seja, se a candidatura atende a todos os crit\u00e9rios legais. \u00c9 verificado ainda se o candidato ou candidata n\u00e3o incorre em nenhuma hip\u00f3tese da Lei da Ficha Limpa, por exemplo.&nbsp;<\/p>\n\n\n\n<p>Segundo as regras eleitorais, os ju\u00edzes eleitorais t\u00eam at\u00e9 16 de setembro para julgar todos os registros. N\u00e3o raro, contudo, os candidatos que t\u00eam o registro negado conseguem manter o nome na urna por meio de liminares (decis\u00f5es provis\u00f3rias), enquanto recorrem da negativa.&nbsp;<\/p>\n\n\n\n<p>Alguns candidatos podem chegar a tomar posse, caso eleitos, mas ter\u00e3o o mandato cassado se n\u00e3o conseguirem confirmar a validade do registro.&nbsp;<\/p>\n\n\n\n<p>De acordo com a Constitui\u00e7\u00e3o, para se candidatar a prefeito \u00e9 necess\u00e1rio ter ao menos 21 anos de idade. Para vereador, a idade m\u00ednima \u00e9 18 anos. Em todos casos, \u00e9 preciso ter nacionalidade brasileira e filia\u00e7\u00e3o partid\u00e1ria, al\u00e9m de ter domic\u00edlio eleitoral na localidade onde pretende concorrer.&nbsp;<\/p>\n\n\n\n<p>N\u00e3o podem se candidatar os analfabetos, estrangeiros e militares em servi\u00e7o obrigat\u00f3rio. Parentes at\u00e9 segundo grau, por consanguinidade ou n\u00e3o, de prefeitos tamb\u00e9m n\u00e3o podem se candidatar a nenhum cargo. A jurisprud\u00eancia tamb\u00e9m veda que um prefeito que j\u00e1 cumpriu dois mandatos em um munic\u00edpio volte a se candidatar para o mesmo cargo em outro munic\u00edpio.<\/p>\n\n\n\n<p>Os registros de candidatura podem ser questionados por advers\u00e1rios ou legenda, ou pelo Minist\u00e9rio P\u00fablico Eleitoral (MPE), no prazo de 5 dias desde a publica\u00e7\u00e3o de edital que informa o pedido do registro.&nbsp;<\/p>\n\n\n\n<p>Cada sigla, coliga\u00e7\u00e3o ou federa\u00e7\u00e3o partid\u00e1ria pode ter somente um candidato a prefeito e vice em cada munic\u00edpio. No caso de vereadores, n\u00e3o s\u00e3o permitidas coliga\u00e7\u00f5es, e cada partido ou federa\u00e7\u00e3o pode ter como candidatos at\u00e9 o n\u00famero total de cadeiras a serem ocupadas nas respectivas assembleias, mais um.<\/p>\n\n\n\n<p><strong><em><strong><em><strong><em><strong><em><strong><em><strong><em><strong><em><strong><em><strong>Siga nossas redes sociais no\u00a0<a href=\"https:\/\/www.instagram.com\/ronipaparazzi\/\">Instagram\u00a0<\/a>e\u00a0<a href=\"https:\/\/www.facebook.com\/ronipaparazzicomvoce\">Facebook<\/a>\u00a0participe da nossa comunidade do Canal Roni Paparazzi no Whatsapp e receba as principais not\u00edcias da regi\u00e3o de Ara\u00e7atuba do dia direto no seu celular.<\/strong>\u00a0<a href=\"https:\/\/chat.whatsapp.com\/GsG1XKo0jPOEfjzudWQcml\" target=\"_blank\" rel=\"noreferrer noopener\">\u00a0Clique aqui e se inscreva.<\/a><\/em><\/strong><\/em><\/strong><\/em><\/strong><\/em><\/strong><\/em><\/strong><\/em><\/strong><\/em><\/strong><\/em><\/strong><\/p>\n","protected":false},"excerpt":{"rendered":"<p>Os partidos, coliga\u00e7\u00f5es e federa\u00e7\u00f5es t\u00eam at\u00e9 esta quinta-feira (15) para registrar\u00a0os candidatos a prefeito e vereador para as elei\u00e7\u00f5es municipais deste ano, marcadas para 6 de outubro, com eventual segundo turno em 27 de outubro em munic\u00edpios com mais de 200 mil eleitores.\u00a0A informa\u00e7\u00e3o \u00e9 da Ag\u00eancia Brasil. At\u00e9 o momento, foram registrados mais &hellip;<\/p>\n","protected":false},"author":1,"featured_media":11333,"comment_status":"open","ping_status":"open","sticky":false,"template":"","format":"standard","meta":{"_jetpack_memberships_contains_paid_content":false,"footnotes":"","jetpack_publicize_message":"","jetpack_publicize_feature_enabled":true,"jetpack_social_post_already_shared":false,"jetpack_social_options":{"image_generator_settings":{"template":"highway","default_image_id":0,"enabled":false},"version":2}},"categories":[7],"tags":[],"class_list":["post-11332","post","type-post","status-publish","format-standard","has-post-thumbnail","hentry","category-politica"],"jetpack_publicize_connections":[],"jetpack_featured_media_url":"https:\/\/i0.wp.com\/www.paparazzinews.com.br\/wp-content\/uploads\/2024\/08\/daf65ff0-7bae-45f2-9192-ee8475610126.jpeg?fit=1170%2C700&ssl=1","views":"2261","jetpack_likes_enabled":true,"jetpack_sharing_enabled":true,"_links":{"self":[{"href":"https:\/\/www.paparazzinews.com.br\/index.php?rest_route=\/wp\/v2\/posts\/11332","targetHints":{"allow":["GET"]}}],"collection":[{"href":"https:\/\/www.paparazzinews.com.br\/index.php?rest_route=\/wp\/v2\/posts"}],"about":[{"href":"https:\/\/www.paparazzinews.com.br\/index.php?rest_route=\/wp\/v2\/types\/post"}],"author":[{"embeddable":true,"href":"https:\/\/www.paparazzinews.com.br\/index.php?rest_route=\/wp\/v2\/users\/1"}],"replies":[{"embeddable":true,"href":"https:\/\/www.paparazzinews.com.br\/index.php?rest_route=%2Fwp%2Fv2%2Fcomments&post=11332"}],"version-history":[{"count":1,"href":"https:\/\/www.paparazzinews.com.br\/index.php?rest_route=\/wp\/v2\/posts\/11332\/revisions"}],"predecessor-version":[{"id":11334,"href":"https:\/\/www.paparazzinews.com.br\/index.php?rest_route=\/wp\/v2\/posts\/11332\/revisions\/11334"}],"wp:featuredmedia":[{"embeddable":true,"href":"https:\/\/www.paparazzinews.com.br\/index.php?rest_route=\/wp\/v2\/media\/11333"}],"wp:attachment":[{"href":"https:\/\/www.paparazzinews.com.br\/index.php?rest_route=%2Fwp%2Fv2%2Fmedia&parent=11332"}],"wp:term":[{"taxonomy":"category","embeddable":true,"href":"https:\/\/www.paparazzinews.com.br\/index.php?rest_route=%2Fwp%2Fv2%2Fcategories&post=11332"},{"taxonomy":"post_tag","embeddable":true,"href":"https:\/\/www.paparazzinews.com.br\/index.php?rest_route=%2Fwp%2Fv2%2Ftags&post=11332"}],"curies":[{"name":"wp","href":"https:\/\/api.w.org\/{rel}","templated":true}]}}