{"id":1130,"date":"2022-11-07T17:17:11","date_gmt":"2022-11-07T20:17:11","guid":{"rendered":"https:\/\/www.paparazzinews.com.br\/?p=1130"},"modified":"2022-11-07T17:17:12","modified_gmt":"2022-11-07T20:17:12","slug":"comeca-preparacao-em-andradina-de-centro-universitario","status":"publish","type":"post","link":"https:\/\/www.paparazzinews.com.br\/?p=1130","title":{"rendered":"Come\u00e7a prepara\u00e7\u00e3o em Andradina de Centro Universit\u00e1rio"},"content":{"rendered":"\n<p>A prefeitura de Andradina come\u00e7ou a limpeza da \u00e1rea onde ser\u00e1 implantado um centro universit\u00e1rio com finalidade de ampliar a oferta de cursos superiores na cidade. A \u00e1rea fica ao lado do hospital veterin\u00e1rio da Funda\u00e7\u00e3o Educacional de Andradina nas margens da Rodovia Marechal Rondon. Os trabalhos foram vistoriados pessoalmente pelo prefeito M\u00e1rio Celso Lopes.<\/p>\n\n\n\n<p>\u201cAqui vai nascer um grande projeto que vai mudar a hist\u00f3ria da nossa cidade com a cria\u00e7\u00e3o dos cursos de medicina entre outros cursos importantes para agregar aos cursos j\u00e1 existentes na Funda\u00e7\u00e3o\u201d, explicou M\u00e1rio Celso.<\/p>\n\n\n\n<p>Para o prefeito, a abertura da \u00e1rea para receber a a Cidade Universit\u00e1ria \u00e9 mais um passo para a cria\u00e7\u00e3o do Centro Universit\u00e1rio de Andradina que dar\u00e1 uma nova vida para a cidade. Recentemente a prefeitura assumiu a gest\u00e3o da Funda\u00e7\u00e3o Educacional de Andradina considerada p\u00fablica a entidade educacional ser\u00e1 a base da forma\u00e7\u00e3o do projeto de uma universidade na cidade. A Funda\u00e7\u00e3o educacional j\u00e1 mantem um rol de cursos superiores, al\u00e9m de t\u00e9cnicos e tamb\u00e9m do fundamental ao m\u00e9dio.<\/p>\n","protected":false},"excerpt":{"rendered":"<p>A prefeitura de Andradina come\u00e7ou a limpeza da \u00e1rea onde ser\u00e1 implantado um centro universit\u00e1rio com finalidade de ampliar a oferta de cursos superiores na cidade. A \u00e1rea fica ao lado do hospital veterin\u00e1rio da Funda\u00e7\u00e3o Educacional de Andradina nas margens da Rodovia Marechal Rondon. Os trabalhos foram vistoriados pessoalmente pelo prefeito M\u00e1rio Celso Lopes. &hellip;<\/p>\n","protected":false},"author":1,"featured_media":1131,"comment_status":"open","ping_status":"open","sticky":false,"template":"","format":"standard","meta":{"_jetpack_memberships_contains_paid_content":false,"footnotes":"","jetpack_publicize_message":"","jetpack_publicize_feature_enabled":true,"jetpack_social_post_already_shared":false,"jetpack_social_options":{"image_generator_settings":{"template":"highway","default_image_id":0,"enabled":false},"version":2}},"categories":[4],"tags":[],"class_list":["post-1130","post","type-post","status-publish","format-standard","has-post-thumbnail","hentry","category-regiao"],"jetpack_publicize_connections":[],"jetpack_featured_media_url":"https:\/\/i0.wp.com\/www.paparazzinews.com.br\/wp-content\/uploads\/2022\/11\/a9c62e39-5fe4-4c2c-8667-0011f26ef20b-e1667852214328.jpg?fit=1000%2C750&ssl=1","views":"2550","jetpack_likes_enabled":true,"jetpack_sharing_enabled":true,"_links":{"self":[{"href":"https:\/\/www.paparazzinews.com.br\/index.php?rest_route=\/wp\/v2\/posts\/1130","targetHints":{"allow":["GET"]}}],"collection":[{"href":"https:\/\/www.paparazzinews.com.br\/index.php?rest_route=\/wp\/v2\/posts"}],"about":[{"href":"https:\/\/www.paparazzinews.com.br\/index.php?rest_route=\/wp\/v2\/types\/post"}],"author":[{"embeddable":true,"href":"https:\/\/www.paparazzinews.com.br\/index.php?rest_route=\/wp\/v2\/users\/1"}],"replies":[{"embeddable":true,"href":"https:\/\/www.paparazzinews.com.br\/index.php?rest_route=%2Fwp%2Fv2%2Fcomments&post=1130"}],"version-history":[{"count":1,"href":"https:\/\/www.paparazzinews.com.br\/index.php?rest_route=\/wp\/v2\/posts\/1130\/revisions"}],"predecessor-version":[{"id":1132,"href":"https:\/\/www.paparazzinews.com.br\/index.php?rest_route=\/wp\/v2\/posts\/1130\/revisions\/1132"}],"wp:featuredmedia":[{"embeddable":true,"href":"https:\/\/www.paparazzinews.com.br\/index.php?rest_route=\/wp\/v2\/media\/1131"}],"wp:attachment":[{"href":"https:\/\/www.paparazzinews.com.br\/index.php?rest_route=%2Fwp%2Fv2%2Fmedia&parent=1130"}],"wp:term":[{"taxonomy":"category","embeddable":true,"href":"https:\/\/www.paparazzinews.com.br\/index.php?rest_route=%2Fwp%2Fv2%2Fcategories&post=1130"},{"taxonomy":"post_tag","embeddable":true,"href":"https:\/\/www.paparazzinews.com.br\/index.php?rest_route=%2Fwp%2Fv2%2Ftags&post=1130"}],"curies":[{"name":"wp","href":"https:\/\/api.w.org\/{rel}","templated":true}]}}