{"id":11297,"date":"2024-08-14T10:12:03","date_gmt":"2024-08-14T13:12:03","guid":{"rendered":"https:\/\/www.paparazzinews.com.br\/?p=11297"},"modified":"2024-08-14T13:49:03","modified_gmt":"2024-08-14T16:49:03","slug":"asilo-betel-de-castilho-sob-investigacao-do-ministerio-publico-apos-graves-denuncias","status":"publish","type":"post","link":"https:\/\/www.paparazzinews.com.br\/?p=11297","title":{"rendered":"Asilo Betel de Castilho sob investiga\u00e7\u00e3o do Minist\u00e9rio P\u00fablico ap\u00f3s graves den\u00fancias"},"content":{"rendered":"\n<p>CASTILHO\u2013 O Minist\u00e9rio P\u00fablico de Andradina abriu investiga\u00e7\u00e3o contra o Asilo Betel em Castilho ap\u00f3s receber diversas den\u00fancias, entre elas apropria\u00e7\u00e3o indevida das aposentadorias dos idosos, maus tratos e pagamentos suspeitos \u00e0 coordenadora da institui\u00e7\u00e3o que \u00e9 mulher do presidente, Daniel de Miranda.<\/p>\n\n\n\n<p>Al\u00e9m do Minist\u00e9rio P\u00fablico, um inqu\u00e9rito tamb\u00e9m havia sido instaurado na delegacia de Pol\u00edcia Civil por onde chegaram as den\u00fancias mais graves contra a Entidade. A mesma \u00e9 mantida por doa\u00e7\u00f5es de colabores, mas a maior parte dos recursos vem de conv\u00eanios celebrados com as prefeituras de Castilho e Tr\u00eas Lagoas-MS. Com base nas den\u00fancias recebidas, o Minist\u00e9rio P\u00fablico tamb\u00e9m quer apurar se os recursos p\u00fablicos que o Asilo recebe est\u00e3o sendo aplicados adequadamente.  <\/p>\n\n\n\n<p>ELEI\u00c7\u00c3O CONTURBADA -Paralela as den\u00fancias que o Minist\u00e9rio P\u00fablico tende a apurar de supostas irregularidades do Asilo, est\u00e1 em curso as elei\u00e7\u00f5es para troca de Gest\u00e3o na entidade. Mas o pleito j\u00e1 est\u00e1 repleto de pol\u00eamica e s\u00f3 deve ser decidido de forma judicial. <\/p>\n\n\n\n<p>Ao menos duas chapas se inscreveram para concorrer. Uma delas \u00e9 a do atual presidente Daniel de Miranda que concorre a reelei\u00e7\u00e3o. Ele est\u00e1 a frente da institui\u00e7\u00e3o juntamente com sua fam\u00edlia a mais de 10 anos. A outra chapa \u00e9 encabe\u00e7ada por Lindomar Sorato, a qual tamb\u00e9m \u00e9 composta com os mais diversos membros da sociedade civil, entre comerciantes, membros da Igreja cat\u00f3lica, evang\u00e9lica, membros da diretoria da usina Viralcool e outros. Por\u00e9m, o registro desta chapa teria sido indeferido pelo pr\u00f3prio presidente da Entidade, que v\u00ea sua perman\u00eancia a frente do asilo amea\u00e7ada.    Contrariada com a postura de Daniel de Miranda, a chapa concorrente promete acionar a Justi\u00e7a para conseguir uma liminar suspensiva da elei\u00e7\u00e3o que ocorreria ainda neste m\u00eas. <\/p>\n\n\n\n<p> At\u00e9 o fechamento desta mat\u00e9ria, a reportagem n\u00e3o havia conseguido falar com o presidente Daniel Miranda a respeito das den\u00fancias. Mas a mat\u00e9ria ser\u00e1 atualizada assim que ele manifestar sua vers\u00e3o.<\/p>\n\n\n\n<p><strong><em><strong><em><strong><em><strong><em><strong><em><strong><em><strong><em><strong><em><strong>Siga nossas redes sociais no\u00a0<a href=\"https:\/\/www.instagram.com\/ronipaparazzi\/\">Instagram\u00a0<\/a>e\u00a0<a href=\"https:\/\/www.facebook.com\/ronipaparazzicomvoce\">Facebook<\/a>\u00a0participe da nossa comunidade do Canal Roni Paparazzi no Whatsapp e receba as principais not\u00edcias da regi\u00e3o de Ara\u00e7atuba do dia direto no seu celular.<\/strong>\u00a0<a href=\"https:\/\/chat.whatsapp.com\/GsG1XKo0jPOEfjzudWQcml\" target=\"_blank\" rel=\"noreferrer noopener\">\u00a0Clique aqui e se inscreva.<\/a><\/em><\/strong><\/em><\/strong><\/em><\/strong><\/em><\/strong><\/em><\/strong><\/em><\/strong><\/em><\/strong><\/em><\/strong><\/p>\n","protected":false},"excerpt":{"rendered":"<p>CASTILHO\u2013 O Minist\u00e9rio P\u00fablico de Andradina abriu investiga\u00e7\u00e3o contra o Asilo Betel em Castilho ap\u00f3s receber diversas den\u00fancias, entre elas apropria\u00e7\u00e3o indevida das aposentadorias dos idosos, maus tratos e pagamentos suspeitos \u00e0 coordenadora da institui\u00e7\u00e3o que \u00e9 mulher do presidente, Daniel de Miranda. Al\u00e9m do Minist\u00e9rio P\u00fablico, um inqu\u00e9rito tamb\u00e9m havia sido instaurado na delegacia &hellip;<\/p>\n","protected":false},"author":1,"featured_media":11298,"comment_status":"open","ping_status":"open","sticky":false,"template":"","format":"standard","meta":{"_jetpack_memberships_contains_paid_content":false,"footnotes":"","jetpack_publicize_message":"","jetpack_publicize_feature_enabled":true,"jetpack_social_post_already_shared":false,"jetpack_social_options":{"image_generator_settings":{"template":"highway","default_image_id":0,"enabled":false},"version":2}},"categories":[3],"tags":[],"class_list":["post-11297","post","type-post","status-publish","format-standard","has-post-thumbnail","hentry","category-policial"],"jetpack_publicize_connections":[],"jetpack_featured_media_url":"https:\/\/i0.wp.com\/www.paparazzinews.com.br\/wp-content\/uploads\/2024\/08\/IMG-20240814-WA0027.jpg?fit=512%2C384&ssl=1","views":"6381","jetpack_likes_enabled":true,"jetpack_sharing_enabled":true,"_links":{"self":[{"href":"https:\/\/www.paparazzinews.com.br\/index.php?rest_route=\/wp\/v2\/posts\/11297","targetHints":{"allow":["GET"]}}],"collection":[{"href":"https:\/\/www.paparazzinews.com.br\/index.php?rest_route=\/wp\/v2\/posts"}],"about":[{"href":"https:\/\/www.paparazzinews.com.br\/index.php?rest_route=\/wp\/v2\/types\/post"}],"author":[{"embeddable":true,"href":"https:\/\/www.paparazzinews.com.br\/index.php?rest_route=\/wp\/v2\/users\/1"}],"replies":[{"embeddable":true,"href":"https:\/\/www.paparazzinews.com.br\/index.php?rest_route=%2Fwp%2Fv2%2Fcomments&post=11297"}],"version-history":[{"count":2,"href":"https:\/\/www.paparazzinews.com.br\/index.php?rest_route=\/wp\/v2\/posts\/11297\/revisions"}],"predecessor-version":[{"id":11303,"href":"https:\/\/www.paparazzinews.com.br\/index.php?rest_route=\/wp\/v2\/posts\/11297\/revisions\/11303"}],"wp:featuredmedia":[{"embeddable":true,"href":"https:\/\/www.paparazzinews.com.br\/index.php?rest_route=\/wp\/v2\/media\/11298"}],"wp:attachment":[{"href":"https:\/\/www.paparazzinews.com.br\/index.php?rest_route=%2Fwp%2Fv2%2Fmedia&parent=11297"}],"wp:term":[{"taxonomy":"category","embeddable":true,"href":"https:\/\/www.paparazzinews.com.br\/index.php?rest_route=%2Fwp%2Fv2%2Fcategories&post=11297"},{"taxonomy":"post_tag","embeddable":true,"href":"https:\/\/www.paparazzinews.com.br\/index.php?rest_route=%2Fwp%2Fv2%2Ftags&post=11297"}],"curies":[{"name":"wp","href":"https:\/\/api.w.org\/{rel}","templated":true}]}}