{"id":11260,"date":"2024-08-13T14:03:49","date_gmt":"2024-08-13T17:03:49","guid":{"rendered":"https:\/\/www.paparazzinews.com.br\/?p=11260"},"modified":"2024-08-13T14:03:50","modified_gmt":"2024-08-13T17:03:50","slug":"educacao-de-sp-recebe-a-partir-de-19-agosto-matricula-de-novos-estudantes-para-2025","status":"publish","type":"post","link":"https:\/\/www.paparazzinews.com.br\/?p=11260","title":{"rendered":"Educa\u00e7\u00e3o de SP recebe a partir de 19 agosto matr\u00edcula de novos estudantes para 2025"},"content":{"rendered":"\n<p>A Secretaria da Educa\u00e7\u00e3o do Estado de S\u00e3o Paulo (Seduc-SP) definiu o calend\u00e1rio de matr\u00edcula para 2025. Alunos que hoje estudam em escolas particulares, de outros estados ou querem retornar \u00e0s salas de aula no pr\u00f3ximo ano devem fazer o cadastro no per\u00edodo entre 19 de agosto e 13 de setembro em uma das mais de 5.000 unidades da rede estadual ou nos postos do Poupatempo.<\/p>\n\n\n\n<p>H\u00e1 vagas em classes dos anos iniciais (1\u00ba ao 5\u00ba ano) e anos finais (6\u00ba ao 9\u00ba ano) do Ensino Fundamental e do Ensino M\u00e9dio (1\u00aa \u00e0 3\u00aa s\u00e9rie) de per\u00edodo parcial e integral, al\u00e9m da modalidade da Educa\u00e7\u00e3o de Jovens e Adultos (EJA). Para estudantes do M\u00e9dio s\u00e3o tr\u00eas op\u00e7\u00f5es de itiner\u00e1rios formativos: Matem\u00e1tica e suas Tecnologias e Ci\u00eancias da Natureza e Suas Tecnologias; Linguagens e suas Tecnologias e Ci\u00eancias Humanas e Sociais Aplicadas e Ensino M\u00e9dio T\u00e9cnico.<\/p>\n\n\n\n<p>Para a matr\u00edcula presencial nas escolas ou no Poupatempo, o respons\u00e1vel legal ou estudante maior de 18 anos deve apresentar o RG, hist\u00f3rico escolar e comprovante de resid\u00eancia.<\/p>\n\n\n\n<h2 class=\"wp-block-heading\"><strong>Matr\u00edcula de alunos da rede e transfer\u00eancia&nbsp;<\/strong><\/h2>\n\n\n\n<p>A partir deste ano, quem j\u00e1 est\u00e1 em uma das escolas da rede estadual em 2024 n\u00e3o precisa fazer a rematr\u00edcula. A vaga para o pr\u00f3ximo ano letivo est\u00e1 garantida e ser\u00e1 registrada automaticamente. A partir de&nbsp;14 de agosto, a confirma\u00e7\u00e3o do local estar\u00e1 dispon\u00edvel para consulta nos postos do Poupatempo e na&nbsp;<a href=\"https:\/\/click.cse360.com.br\/Click\/AddCampaignEmailClick\/c187af7c-6d83-4255-3985-08dcb6efe9f1\/https%253a%252f%252fsed.educacao.sp.gov.br%252f\/24711c0c-7e95-4683-18a2-08dc491e902a\/rubia.pereira@educacao.sp.gov.br\/False\" target=\"_blank\" rel=\"noreferrer noopener\">Secretaria Escolar Digital (SED)<\/a>&nbsp;na op\u00e7\u00e3o \u201cConsulta P\u00fablica\u201d.<\/p>\n\n\n\n<p>Caso o aluno queira mudar de escola, o per\u00edodo para solicita\u00e7\u00e3o de transfer\u00eancia, que geralmente acontecia no m\u00eas de janeiro do ano seguinte, foi antecipado pela Secretaria e vai seguir o mesmo da matr\u00edcula (19 de agosto e 13 de setembro). Os interessados devem fazer o pedido tamb\u00e9m na p\u00e1gina da SED \u2014 em \u201cInten\u00e7\u00e3o\u201d pelo perfil do respons\u00e1vel ou aluno maior de 18 anos.<\/p>\n\n\n\n<p>O resultado final ser\u00e1 divulgado a partir do dia&nbsp;2 de dezembro.<\/p>\n\n\n\n<h2 class=\"wp-block-heading\"><strong>Calend\u00e1rio 2025<\/strong><\/h2>\n\n\n\n<p>A Seduc-SP tamb\u00e9m definiu o calend\u00e1rio do pr\u00f3ximo ano. Em 2025, as aulas do primeiro semestre ter\u00e3o in\u00edcio em&nbsp;3 de fevereiro. O recesso escolar do meio do ano est\u00e1 previsto para o per\u00edodo entre os dias 1\u00ba e 20 de julho. Para o cumprimento dos 200 dias letivos, estabelecido pela Lei de Diretrizes e Base (LDB), o fim das atividades est\u00e3o agendadas para&nbsp;9 de dezembro.<\/p>\n\n\n\n<p><strong><em><strong><em><strong><em><strong><em><strong><em><strong><em><strong><em><strong><em><strong>Siga nossas redes sociais no\u00a0<a href=\"https:\/\/www.instagram.com\/ronipaparazzi\/\">Instagram\u00a0<\/a>e\u00a0<a href=\"https:\/\/www.facebook.com\/ronipaparazzicomvoce\">Facebook<\/a>\u00a0participe da nossa comunidade do Canal Roni Paparazzi no Whatsapp e receba as principais not\u00edcias da regi\u00e3o de Ara\u00e7atuba do dia direto no seu celular.<\/strong>\u00a0<a href=\"https:\/\/chat.whatsapp.com\/GsG1XKo0jPOEfjzudWQcml\" target=\"_blank\" rel=\"noreferrer noopener\">\u00a0Clique aqui e se inscreva.<\/a><\/em><\/strong><\/em><\/strong><\/em><\/strong><\/em><\/strong><\/em><\/strong><\/em><\/strong><\/em><\/strong><\/em><\/strong><\/p>\n","protected":false},"excerpt":{"rendered":"<p>A Secretaria da Educa\u00e7\u00e3o do Estado de S\u00e3o Paulo (Seduc-SP) definiu o calend\u00e1rio de matr\u00edcula para 2025. Alunos que hoje estudam em escolas particulares, de outros estados ou querem retornar \u00e0s salas de aula no pr\u00f3ximo ano devem fazer o cadastro no per\u00edodo entre 19 de agosto e 13 de setembro em uma das mais &hellip;<\/p>\n","protected":false},"author":1,"featured_media":11261,"comment_status":"open","ping_status":"open","sticky":false,"template":"","format":"standard","meta":{"_jetpack_memberships_contains_paid_content":false,"footnotes":"","jetpack_publicize_message":"","jetpack_publicize_feature_enabled":true,"jetpack_social_post_already_shared":false,"jetpack_social_options":{"image_generator_settings":{"template":"highway","default_image_id":0,"enabled":false},"version":2}},"categories":[4],"tags":[],"class_list":["post-11260","post","type-post","status-publish","format-standard","has-post-thumbnail","hentry","category-regiao"],"jetpack_publicize_connections":[],"jetpack_featured_media_url":"https:\/\/i0.wp.com\/www.paparazzinews.com.br\/wp-content\/uploads\/2024\/08\/53601101107_12854b25e0_k-e1723568618875.jpg?fit=1000%2C666&ssl=1","views":"1845","jetpack_likes_enabled":true,"jetpack_sharing_enabled":true,"_links":{"self":[{"href":"https:\/\/www.paparazzinews.com.br\/index.php?rest_route=\/wp\/v2\/posts\/11260","targetHints":{"allow":["GET"]}}],"collection":[{"href":"https:\/\/www.paparazzinews.com.br\/index.php?rest_route=\/wp\/v2\/posts"}],"about":[{"href":"https:\/\/www.paparazzinews.com.br\/index.php?rest_route=\/wp\/v2\/types\/post"}],"author":[{"embeddable":true,"href":"https:\/\/www.paparazzinews.com.br\/index.php?rest_route=\/wp\/v2\/users\/1"}],"replies":[{"embeddable":true,"href":"https:\/\/www.paparazzinews.com.br\/index.php?rest_route=%2Fwp%2Fv2%2Fcomments&post=11260"}],"version-history":[{"count":1,"href":"https:\/\/www.paparazzinews.com.br\/index.php?rest_route=\/wp\/v2\/posts\/11260\/revisions"}],"predecessor-version":[{"id":11262,"href":"https:\/\/www.paparazzinews.com.br\/index.php?rest_route=\/wp\/v2\/posts\/11260\/revisions\/11262"}],"wp:featuredmedia":[{"embeddable":true,"href":"https:\/\/www.paparazzinews.com.br\/index.php?rest_route=\/wp\/v2\/media\/11261"}],"wp:attachment":[{"href":"https:\/\/www.paparazzinews.com.br\/index.php?rest_route=%2Fwp%2Fv2%2Fmedia&parent=11260"}],"wp:term":[{"taxonomy":"category","embeddable":true,"href":"https:\/\/www.paparazzinews.com.br\/index.php?rest_route=%2Fwp%2Fv2%2Fcategories&post=11260"},{"taxonomy":"post_tag","embeddable":true,"href":"https:\/\/www.paparazzinews.com.br\/index.php?rest_route=%2Fwp%2Fv2%2Ftags&post=11260"}],"curies":[{"name":"wp","href":"https:\/\/api.w.org\/{rel}","templated":true}]}}