{"id":11257,"date":"2024-08-13T14:02:00","date_gmt":"2024-08-13T17:02:00","guid":{"rendered":"https:\/\/www.paparazzinews.com.br\/?p=11257"},"modified":"2024-08-13T14:02:01","modified_gmt":"2024-08-13T17:02:01","slug":"governo-de-sp-detalha-programa-sao-paulo-na-direcao-certa-no-warren-institutional-day","status":"publish","type":"post","link":"https:\/\/www.paparazzinews.com.br\/?p=11257","title":{"rendered":"Governo de SP detalha programa S\u00e3o Paulo na Dire\u00e7\u00e3o Certa no Warren Institutional Day"},"content":{"rendered":"\n<p>O governador Tarc\u00edsio de Freitas detalhou as iniciativas que o Governo de SP tem aplicado para impulsionar o desenvolvimento do estado durante painel do Warren Institutional Day, evento da Warren Investimentos realizado nesta segunda-feira (12), na capital paulista. Tarc\u00edsio falou sobre a necessidade de amplia\u00e7\u00e3o da capacidade de investimento no estado para expans\u00e3o da infraestrutura e de projetos que permitam o crescimento econ\u00f4mico sustent\u00e1vel, com base em um equil\u00edbrio fiscal que d\u00ea f\u00f4lego para grandes projetos. Em destaque, o programa&nbsp;<a href=\"https:\/\/www.saopaulo.sp.gov.br\/spnoticias\/ultimas-noticias\/sao-paulo-na-direcao-certa-sp-publica-decreto-que-regulamenta-reforma-administrativa\/\">S\u00e3o Paulo na Dire\u00e7\u00e3o Certa<\/a>, que tem como objetivo reduzir despesas, aumentar a arrecada\u00e7\u00e3o e modernizar a m\u00e1quina p\u00fablica.<\/p>\n\n\n\n<p>\u201cH\u00e1 muitas estruturas que n\u00e3o fazem mais sentido atualmente. Temos um grande espa\u00e7o para avan\u00e7os. Queremos reduzir o gasto tribut\u00e1rio para nos dar o f\u00f4lego fiscal para entrar nas empreitadas que pretendemos, reduzir a d\u00edvida p\u00fablica e trabalhar em concess\u00f5es e desestatiza\u00e7\u00f5es. Temos que estruturar bons projetos e ter um bom ambiente de neg\u00f3cio. Fizemos leil\u00f5es bem-sucedidos, privatizamos a Emae e a Sabesp, em um modelo exclusivo\u201d, lembrou o governador.<\/p>\n\n\n\n<p>O evento contou a presen\u00e7a de autoridades federais, do Judici\u00e1rio, al\u00e9m de empres\u00e1rios e governadores.<\/p>\n\n\n\n<p>Tarc\u00edsio tamb\u00e9m contextualizou os humores do cen\u00e1rio econ\u00f4mico internacional, que conheceu de perto em miss\u00f5es recentes, como o&nbsp;<a href=\"https:\/\/www.saopaulo.sp.gov.br\/spnoticias\/ultimas-noticias\/desestatizacao-da-sabesp-vai-levar-saneamento-para-todos-diz-tarcisio-nos-eua\/\">roadshow de desestatiza\u00e7\u00e3o da Sabesp<\/a>&nbsp;em pa\u00edses como Estados Unidos, Portugal e Inglaterra. \u201cEstamos vendo uma infla\u00e7\u00e3o um pouco mais resiliente do que imagin\u00e1vamos, as taxas de juros mais altas e endividamento dos pa\u00edses riscos durante a pandemia de Covid-19\u201d, disse o governador.<\/p>\n\n\n\n<p>As parcerias p\u00fablico privadas t\u00eam sido importantes para projetos mais ambiciosos em SP, como a amplia\u00e7\u00e3o de transporte ferrovi\u00e1rio e de infraestrutura rodovi\u00e1ria, programas de saneamento e urbaniza\u00e7\u00e3o, al\u00e9m de transi\u00e7\u00e3o energ\u00e9tica e desenvolvimento de tecnologias sustent\u00e1veis. Os investimentos privados tamb\u00e9m ser\u00e3o contemplados na quest\u00e3o de seguran\u00e7a p\u00fablica, que busca desarticular o crime organizado e a requalifica\u00e7\u00e3o do centro da capital, com o uso de tecnologia e intelig\u00eancia artificial.<\/p>\n\n\n\n<p>A sustentabilidade como base de transforma\u00e7\u00e3o econ\u00f4mica paulista foi outro aspecto essencial, segundo Tarc\u00edsio. O estado tem se posicionado como l\u00edder na transi\u00e7\u00e3o energ\u00e9tica, especialmente na produ\u00e7\u00e3o de biocombust\u00edveis como o etanol, biog\u00e1s e hidrog\u00eanio verde. S\u00e3o Paulo lidera a produ\u00e7\u00e3o de cana-de-a\u00e7\u00facar no pa\u00eds, e esse \u00e9 um recurso estrat\u00e9gico nesse processo.<\/p>\n\n\n\n<p>Para o futuro pr\u00f3ximo, um ponto importante abordado pelo governador \u00e9 o preparo do estado para a economia do conhecimento, com aumento de ensino profissionalizante que capacite para um novo mercado, composto por infraestruturas tecnol\u00f3gicas que demandam habilidades espec\u00edficas e que gere mais empregos.<\/p>\n\n\n\n<p><strong><em><strong><em><strong><em><strong><em><strong><em><strong><em><strong><em><strong><em><strong>Siga nossas redes sociais no\u00a0<a href=\"https:\/\/www.instagram.com\/ronipaparazzi\/\">Instagram\u00a0<\/a>e\u00a0<a href=\"https:\/\/www.facebook.com\/ronipaparazzicomvoce\">Facebook<\/a>\u00a0participe da nossa comunidade do Canal Roni Paparazzi no Whatsapp e receba as principais not\u00edcias da regi\u00e3o de Ara\u00e7atuba do dia direto no seu celular.<\/strong>\u00a0<a href=\"https:\/\/chat.whatsapp.com\/GsG1XKo0jPOEfjzudWQcml\" target=\"_blank\" rel=\"noreferrer noopener\">\u00a0Clique aqui e se inscreva.<\/a><\/em><\/strong><\/em><\/strong><\/em><\/strong><\/em><\/strong><\/em><\/strong><\/em><\/strong><\/em><\/strong><\/em><\/strong><\/p>\n","protected":false},"excerpt":{"rendered":"<p>O governador Tarc\u00edsio de Freitas detalhou as iniciativas que o Governo de SP tem aplicado para impulsionar o desenvolvimento do estado durante painel do Warren Institutional Day, evento da Warren Investimentos realizado nesta segunda-feira (12), na capital paulista. Tarc\u00edsio falou sobre a necessidade de amplia\u00e7\u00e3o da capacidade de investimento no estado para expans\u00e3o da infraestrutura &hellip;<\/p>\n","protected":false},"author":1,"featured_media":11258,"comment_status":"open","ping_status":"open","sticky":false,"template":"","format":"standard","meta":{"_jetpack_memberships_contains_paid_content":false,"footnotes":"","jetpack_publicize_message":"","jetpack_publicize_feature_enabled":true,"jetpack_social_post_already_shared":false,"jetpack_social_options":{"image_generator_settings":{"template":"highway","default_image_id":0,"enabled":false},"version":2}},"categories":[4],"tags":[],"class_list":["post-11257","post","type-post","status-publish","format-standard","has-post-thumbnail","hentry","category-regiao"],"jetpack_publicize_connections":[],"jetpack_featured_media_url":"https:\/\/i0.wp.com\/www.paparazzinews.com.br\/wp-content\/uploads\/2024\/08\/53919819900_26eef18952_k-1024x683-1.jpg?fit=1024%2C683&ssl=1","views":"2216","jetpack_likes_enabled":true,"jetpack_sharing_enabled":true,"_links":{"self":[{"href":"https:\/\/www.paparazzinews.com.br\/index.php?rest_route=\/wp\/v2\/posts\/11257","targetHints":{"allow":["GET"]}}],"collection":[{"href":"https:\/\/www.paparazzinews.com.br\/index.php?rest_route=\/wp\/v2\/posts"}],"about":[{"href":"https:\/\/www.paparazzinews.com.br\/index.php?rest_route=\/wp\/v2\/types\/post"}],"author":[{"embeddable":true,"href":"https:\/\/www.paparazzinews.com.br\/index.php?rest_route=\/wp\/v2\/users\/1"}],"replies":[{"embeddable":true,"href":"https:\/\/www.paparazzinews.com.br\/index.php?rest_route=%2Fwp%2Fv2%2Fcomments&post=11257"}],"version-history":[{"count":1,"href":"https:\/\/www.paparazzinews.com.br\/index.php?rest_route=\/wp\/v2\/posts\/11257\/revisions"}],"predecessor-version":[{"id":11259,"href":"https:\/\/www.paparazzinews.com.br\/index.php?rest_route=\/wp\/v2\/posts\/11257\/revisions\/11259"}],"wp:featuredmedia":[{"embeddable":true,"href":"https:\/\/www.paparazzinews.com.br\/index.php?rest_route=\/wp\/v2\/media\/11258"}],"wp:attachment":[{"href":"https:\/\/www.paparazzinews.com.br\/index.php?rest_route=%2Fwp%2Fv2%2Fmedia&parent=11257"}],"wp:term":[{"taxonomy":"category","embeddable":true,"href":"https:\/\/www.paparazzinews.com.br\/index.php?rest_route=%2Fwp%2Fv2%2Fcategories&post=11257"},{"taxonomy":"post_tag","embeddable":true,"href":"https:\/\/www.paparazzinews.com.br\/index.php?rest_route=%2Fwp%2Fv2%2Ftags&post=11257"}],"curies":[{"name":"wp","href":"https:\/\/api.w.org\/{rel}","templated":true}]}}