{"id":11254,"date":"2024-08-13T13:58:51","date_gmt":"2024-08-13T16:58:51","guid":{"rendered":"https:\/\/www.paparazzinews.com.br\/?p=11254"},"modified":"2024-08-13T13:58:52","modified_gmt":"2024-08-13T16:58:52","slug":"governo-de-sp-estende-abrigo-solidario-ate-quarta-feira-em-razao-da-baixa-temperatura","status":"publish","type":"post","link":"https:\/\/www.paparazzinews.com.br\/?p=11254","title":{"rendered":"Governo de SP estende abrigo solid\u00e1rio at\u00e9 quarta-feira em raz\u00e3o da baixa temperatura"},"content":{"rendered":"\n<p>O abrigo solid\u00e1rio do Governo de S\u00e3o Paulo ser\u00e1 estendido por mais um dia nesta semana. Com a indica\u00e7\u00e3o de mais uma noite fria na Capital, foi decidido pela abertura do abrigo na noite de quarta-feira (14).<\/p>\n\n\n\n<p>Desde sexta-feira (9), quando foi aberto, o abrigo j\u00e1 atendeu 309 pessoas. Nem todas estas pernoitaram no local. \u00c9 dada a op\u00e7\u00e3o da pessoa retirar o alimento e o cobertor. A noite deste domingo (11) registrou 132 pessoas atendidas e 89 que pernoitaram.<\/p>\n\n\n\n<p>O espa\u00e7o, localizado na Esta\u00e7\u00e3o Pedro II do Metr\u00f4, conta com capacidade para acolher 100 pessoas por noite. H\u00e1 espa\u00e7o reservado aos pets, com oferta de ra\u00e7\u00e3o aos animais.<\/p>\n\n\n\n<p><strong><em><strong><em><strong><em><strong><em><strong><em><strong><em><strong><em><strong><em><strong>Siga nossas redes sociais no\u00a0<a href=\"https:\/\/www.instagram.com\/ronipaparazzi\/\">Instagram\u00a0<\/a>e\u00a0<a href=\"https:\/\/www.facebook.com\/ronipaparazzicomvoce\">Facebook<\/a>\u00a0participe da nossa comunidade do Canal Roni Paparazzi no Whatsapp e receba as principais not\u00edcias da regi\u00e3o de Ara\u00e7atuba do dia direto no seu celular.<\/strong>\u00a0<a href=\"https:\/\/chat.whatsapp.com\/GsG1XKo0jPOEfjzudWQcml\" target=\"_blank\" rel=\"noreferrer noopener\">\u00a0Clique aqui e se inscreva.<\/a><\/em><\/strong><\/em><\/strong><\/em><\/strong><\/em><\/strong><\/em><\/strong><\/em><\/strong><\/em><\/strong><\/em><\/strong><\/p>\n","protected":false},"excerpt":{"rendered":"<p>O abrigo solid\u00e1rio do Governo de S\u00e3o Paulo ser\u00e1 estendido por mais um dia nesta semana. Com a indica\u00e7\u00e3o de mais uma noite fria na Capital, foi decidido pela abertura do abrigo na noite de quarta-feira (14). Desde sexta-feira (9), quando foi aberto, o abrigo j\u00e1 atendeu 309 pessoas. Nem todas estas pernoitaram no local. &hellip;<\/p>\n","protected":false},"author":1,"featured_media":11255,"comment_status":"open","ping_status":"open","sticky":false,"template":"","format":"standard","meta":{"_jetpack_memberships_contains_paid_content":false,"footnotes":"","jetpack_publicize_message":"","jetpack_publicize_feature_enabled":true,"jetpack_social_post_already_shared":false,"jetpack_social_options":{"image_generator_settings":{"template":"highway","default_image_id":0,"enabled":false},"version":2}},"categories":[4],"tags":[],"class_list":["post-11254","post","type-post","status-publish","format-standard","has-post-thumbnail","hentry","category-regiao"],"jetpack_publicize_connections":[],"jetpack_featured_media_url":"https:\/\/i0.wp.com\/www.paparazzinews.com.br\/wp-content\/uploads\/2024\/08\/51341228532_b0f9c3a535_c.jpg?fit=799%2C533&ssl=1","views":"2177","jetpack_likes_enabled":true,"jetpack_sharing_enabled":true,"_links":{"self":[{"href":"https:\/\/www.paparazzinews.com.br\/index.php?rest_route=\/wp\/v2\/posts\/11254","targetHints":{"allow":["GET"]}}],"collection":[{"href":"https:\/\/www.paparazzinews.com.br\/index.php?rest_route=\/wp\/v2\/posts"}],"about":[{"href":"https:\/\/www.paparazzinews.com.br\/index.php?rest_route=\/wp\/v2\/types\/post"}],"author":[{"embeddable":true,"href":"https:\/\/www.paparazzinews.com.br\/index.php?rest_route=\/wp\/v2\/users\/1"}],"replies":[{"embeddable":true,"href":"https:\/\/www.paparazzinews.com.br\/index.php?rest_route=%2Fwp%2Fv2%2Fcomments&post=11254"}],"version-history":[{"count":1,"href":"https:\/\/www.paparazzinews.com.br\/index.php?rest_route=\/wp\/v2\/posts\/11254\/revisions"}],"predecessor-version":[{"id":11256,"href":"https:\/\/www.paparazzinews.com.br\/index.php?rest_route=\/wp\/v2\/posts\/11254\/revisions\/11256"}],"wp:featuredmedia":[{"embeddable":true,"href":"https:\/\/www.paparazzinews.com.br\/index.php?rest_route=\/wp\/v2\/media\/11255"}],"wp:attachment":[{"href":"https:\/\/www.paparazzinews.com.br\/index.php?rest_route=%2Fwp%2Fv2%2Fmedia&parent=11254"}],"wp:term":[{"taxonomy":"category","embeddable":true,"href":"https:\/\/www.paparazzinews.com.br\/index.php?rest_route=%2Fwp%2Fv2%2Fcategories&post=11254"},{"taxonomy":"post_tag","embeddable":true,"href":"https:\/\/www.paparazzinews.com.br\/index.php?rest_route=%2Fwp%2Fv2%2Ftags&post=11254"}],"curies":[{"name":"wp","href":"https:\/\/api.w.org\/{rel}","templated":true}]}}