{"id":11236,"date":"2024-08-09T14:15:56","date_gmt":"2024-08-09T17:15:56","guid":{"rendered":"https:\/\/www.paparazzinews.com.br\/?p=11236"},"modified":"2024-08-09T14:15:56","modified_gmt":"2024-08-09T17:15:56","slug":"pm-prende-em-2-homens-que-furtaram-del-rey-em-pereira-barreto","status":"publish","type":"post","link":"https:\/\/www.paparazzinews.com.br\/?p=11236","title":{"rendered":"PM prende em 2 homens que furtaram Del Rey em Pereira Barreto"},"content":{"rendered":"\n<p>Na madrugada desta sexta feira, 09, pouco depois de meia noite, policiais militares realizavam o patrulhamento preventivo e ostensivo nas imedia\u00e7\u00f5es do recinto onde ocorria a Festa do Pe\u00e3o &#8211; FIAP, em Pereira Barreto, quando foram informados sobre um furto de ve\u00edculo em andamento.<\/p>\n\n\n\n<p>Rapidamente foram ao endere\u00e7o indicado, onde avistaram dois indiv\u00edduos deixando o local em um ve\u00edculo Ford\/Pampa, que foram presos. Em busca pessoal, encontraram com um deles uma por\u00e7\u00e3o de crack e R$ 20,00.<\/p>\n\n\n\n<p>Na igni\u00e7\u00e3o do ve\u00edculo, encontraram a chave de um ve\u00edculo Ford Del Rey. Indagados, os dois indiv\u00edduos, 18 e 24 anos, desocupados, moradores de AURIFLAMA\/SP, admitiram que haviam acabado de furtar o ve\u00edculo, apontando onde haviam deixado seu pr\u00f3prio ve\u00edculo, modelo Del Rey.<\/p>\n\n\n\n<p>Ocorr\u00eancia apresentada na Pol\u00edcia Civil, onde foram autuados em flagrante por furto, associa\u00e7\u00e3o criminosa e porte de entorpecentes, e recolhidos a uma cela, \u00e0 disposi\u00e7\u00e3o da justi\u00e7a.<\/p>\n\n\n\n<p>O ve\u00edculo Del Rey foi apreendido para averigua\u00e7\u00e3o, enquanto a Pampa foi devolvida a seu propriet\u00e1rio.<\/p>\n\n\n\n<p><strong><em><strong><em><strong><em><strong><em><strong><em><strong><em><strong><em><strong><em><strong>Siga nossas redes sociais no\u00a0<a href=\"https:\/\/www.instagram.com\/ronipaparazzi\/\">Instagram\u00a0<\/a>e\u00a0<a href=\"https:\/\/www.facebook.com\/ronipaparazzicomvoce\">Facebook<\/a>\u00a0participe da nossa comunidade do Canal Roni Paparazzi no Whatsapp e receba as principais not\u00edcias da regi\u00e3o de Ara\u00e7atuba do dia direto no seu celular.<\/strong>\u00a0<a href=\"https:\/\/chat.whatsapp.com\/GsG1XKo0jPOEfjzudWQcml\" target=\"_blank\" rel=\"noreferrer noopener\">\u00a0Clique aqui e se inscreva.<\/a><\/em><\/strong><\/em><\/strong><\/em><\/strong><\/em><\/strong><\/em><\/strong><\/em><\/strong><\/em><\/strong><\/em><\/strong><\/p>\n","protected":false},"excerpt":{"rendered":"<p>Na madrugada desta sexta feira, 09, pouco depois de meia noite, policiais militares realizavam o patrulhamento preventivo e ostensivo nas imedia\u00e7\u00f5es do recinto onde ocorria a Festa do Pe\u00e3o &#8211; FIAP, em Pereira Barreto, quando foram informados sobre um furto de ve\u00edculo em andamento. Rapidamente foram ao endere\u00e7o indicado, onde avistaram dois indiv\u00edduos deixando o &hellip;<\/p>\n","protected":false},"author":1,"featured_media":11237,"comment_status":"open","ping_status":"open","sticky":false,"template":"","format":"standard","meta":{"_jetpack_memberships_contains_paid_content":false,"footnotes":"","jetpack_publicize_message":"","jetpack_publicize_feature_enabled":true,"jetpack_social_post_already_shared":false,"jetpack_social_options":{"image_generator_settings":{"template":"highway","default_image_id":0,"enabled":false},"version":2}},"categories":[3],"tags":[],"class_list":["post-11236","post","type-post","status-publish","format-standard","has-post-thumbnail","hentry","category-policial"],"jetpack_publicize_connections":[],"jetpack_featured_media_url":"https:\/\/i0.wp.com\/www.paparazzinews.com.br\/wp-content\/uploads\/2024\/08\/2aeb2b72-3e65-4970-9df7-a7251a521258.jpeg?fit=1280%2C576&ssl=1","views":"2441","jetpack_likes_enabled":true,"jetpack_sharing_enabled":true,"_links":{"self":[{"href":"https:\/\/www.paparazzinews.com.br\/index.php?rest_route=\/wp\/v2\/posts\/11236","targetHints":{"allow":["GET"]}}],"collection":[{"href":"https:\/\/www.paparazzinews.com.br\/index.php?rest_route=\/wp\/v2\/posts"}],"about":[{"href":"https:\/\/www.paparazzinews.com.br\/index.php?rest_route=\/wp\/v2\/types\/post"}],"author":[{"embeddable":true,"href":"https:\/\/www.paparazzinews.com.br\/index.php?rest_route=\/wp\/v2\/users\/1"}],"replies":[{"embeddable":true,"href":"https:\/\/www.paparazzinews.com.br\/index.php?rest_route=%2Fwp%2Fv2%2Fcomments&post=11236"}],"version-history":[{"count":1,"href":"https:\/\/www.paparazzinews.com.br\/index.php?rest_route=\/wp\/v2\/posts\/11236\/revisions"}],"predecessor-version":[{"id":11238,"href":"https:\/\/www.paparazzinews.com.br\/index.php?rest_route=\/wp\/v2\/posts\/11236\/revisions\/11238"}],"wp:featuredmedia":[{"embeddable":true,"href":"https:\/\/www.paparazzinews.com.br\/index.php?rest_route=\/wp\/v2\/media\/11237"}],"wp:attachment":[{"href":"https:\/\/www.paparazzinews.com.br\/index.php?rest_route=%2Fwp%2Fv2%2Fmedia&parent=11236"}],"wp:term":[{"taxonomy":"category","embeddable":true,"href":"https:\/\/www.paparazzinews.com.br\/index.php?rest_route=%2Fwp%2Fv2%2Fcategories&post=11236"},{"taxonomy":"post_tag","embeddable":true,"href":"https:\/\/www.paparazzinews.com.br\/index.php?rest_route=%2Fwp%2Fv2%2Ftags&post=11236"}],"curies":[{"name":"wp","href":"https:\/\/api.w.org\/{rel}","templated":true}]}}