{"id":11230,"date":"2024-08-09T13:05:06","date_gmt":"2024-08-09T16:05:06","guid":{"rendered":"https:\/\/www.paparazzinews.com.br\/?p=11230"},"modified":"2024-08-09T13:05:08","modified_gmt":"2024-08-09T16:05:08","slug":"sp-discute-medidas-para-fortalecer-sustentabilidade-economia-e-seguranca-no-11o-cosud","status":"publish","type":"post","link":"https:\/\/www.paparazzinews.com.br\/?p=11230","title":{"rendered":"SP discute medidas para fortalecer sustentabilidade, economia e seguran\u00e7a no 11\u00ba Cosud"},"content":{"rendered":"\n<p>O Governo de S\u00e3o Paulo participa da 11\u00aa edi\u00e7\u00e3o do Cons\u00f3rcio de Integra\u00e7\u00e3o Sul e Sudeste (Cosud), que acontece nas cidades de Vargem Alta e Domingos Martins, no Esp\u00edrito Santo. O governador Tarc\u00edsio de Freitas e representantes das secretarias estaduais paulistas integram grupos t\u00e9cnicos que discutem pol\u00edticas econ\u00f4micas, ambientais e de seguran\u00e7a p\u00fablica para impulsionar o desenvolvimento das duas regi\u00f5es e de todo o pa\u00eds at\u00e9 s\u00e1bado (10).<\/p>\n\n\n\n<p>\u201cCome\u00e7amos a produzir resultados importantes, como as propostas na \u00e1rea de seguran\u00e7a p\u00fablica para coibir a reincid\u00eancia de crimes, com quest\u00f5es relevantes de legisla\u00e7\u00e3o que podem gerar frutos\u201d, afirmou o governador. Tarc\u00edsio tamb\u00e9m destacou a tem\u00e1tica da sustentabilidade para tornar as cidades mais resilientes. \u201cJ\u00e1 estamos sentindo os efeitos das mudan\u00e7as clim\u00e1ticas. Os estados precisam pensar como integrar mais os esfor\u00e7os de coopera\u00e7\u00e3o. O Cons\u00f3rcio vai ter um papel fundamental nessa discuss\u00e3o e j\u00e1 come\u00e7amos a dar os primeiros passos para aumentar as reservas florestais de cada um de nossos estados\u201d, completou.<\/p>\n\n\n\n<p>O governador de S\u00e3o Paulo tamb\u00e9m salientou temas de interesse comum, como investimento em tecnologia. \u201cPodemos dar passos mais importantes e preparar nossos estados para a economia do conhecimento, da computa\u00e7\u00e3o em nuvem, da intelig\u00eancia artificial. Isso vai fazer a diferen\u00e7a entre riqueza e pobreza das na\u00e7\u00f5es daqui para a frente\u201d, disse Tarc\u00edsio.<\/p>\n\n\n\n<p>O Cosud re\u00fane lideran\u00e7as de S\u00e3o Paulo, Rio de Janeiro, Minas Gerais, Esp\u00edrito Santo, Rio Grande do Sul, Paran\u00e1 e Santa Catarina para fortalecer a coopera\u00e7\u00e3o interestadual em temas relevantes e de interesse comum. Al\u00e9m das lideran\u00e7as e gestores t\u00e9cnicos, a abertura dessa edi\u00e7\u00e3o do evento contou com a presen\u00e7a do ministro da Justi\u00e7a e Seguran\u00e7a P\u00fablica, Ricardo Lewandowski.<\/p>\n\n\n\n<p>Nesta sexta-feira (9), a programa\u00e7\u00e3o ter\u00e1 reuni\u00f5es entre os governadores, procuradores de Justi\u00e7a e grupos de trabalho. No s\u00e1bado (10), durante o encerramento, as lideran\u00e7as far\u00e3o a leitura da Carta que firma o compromisso de seus estados no desenvolvimento de pol\u00edticas p\u00fablicas que fazem a diferen\u00e7a na vida da popula\u00e7\u00e3o.<\/p>\n\n\n\n<figure class=\"wp-block-image\" id=\"attachment_5930648\"><a href=\"https:\/\/i0.wp.com\/www.saopaulo.sp.gov.br\/wp-content\/uploads\/2024\/08\/Discurso-governador-Tarcisio-no-Cosud-no-Espirito-Santo-scaled.jpg?ssl=1\"><img data-recalc-dims=\"1\" height=\"472\" width=\"708\" decoding=\"async\" src=\"https:\/\/i0.wp.com\/www.saopaulo.sp.gov.br\/wp-content\/uploads\/2024\/08\/Discurso-governador-Tarcisio-no-Cosud-no-Espirito-Santo-1024x683.jpg?resize=708%2C472&#038;ssl=1\" alt=\"\" class=\"wp-image-5930648\"\/><\/a><figcaption class=\"wp-element-caption\">Governador destacou import\u00e2ncia da coopera\u00e7\u00e3o entre estados<\/figcaption><\/figure>\n\n\n\n<p>O Governo de S\u00e3o Paulo est\u00e1 representado nesta edi\u00e7\u00e3o pelas secretarias da Administra\u00e7\u00e3o Penitenci\u00e1ria; Agricultura e Abastecimento; Casa Civil; Casa Militar; Ci\u00eancia, Tecnologia e Inova\u00e7\u00e3o; Cultura, Economia e Ind\u00fastria Criativas; Desenvolvimento Econ\u00f4mico; Desenvolvimento Social; Direitos da Pessoa com Defici\u00eancia; Educa\u00e7\u00e3o; Esportes; Fazenda e Planejamento; Governo e Rela\u00e7\u00f5es Institucionais; Justi\u00e7a e Cidadania; Meio Ambiente, Infraestrutura e Log\u00edstica; Parcerias em Investimentos; Pol\u00edticas para a Mulher; Sa\u00fade; Seguran\u00e7a P\u00fablica; Transportes Metropolitanos; e Turismo e Viagens, al\u00e9m de Controladoria Geral, Procuradoria Geral e Prodesp.<\/p>\n\n\n\n<h1 class=\"wp-block-heading\">Hist\u00f3rico<\/h1>\n\n\n\n<p>Realizado desde 2019, o Cosud se dedica a propor a\u00e7\u00f5es conjuntas para diversas \u00e1reas como Meio Ambiente, Seguran\u00e7a P\u00fablica, Assist\u00eancia Social, Cultura, Infraestrutura, Sa\u00fade, Esporte, Turismo, Mobilidade, Educa\u00e7\u00e3o, Desenvolvimento Econ\u00f4mico, Inova\u00e7\u00e3o, Tecnologia e Efici\u00eancia na Gest\u00e3o.<\/p>\n\n\n\n<p>A edi\u00e7\u00e3o anterior do Cosud foi realizada em Porto Alegre (RS), em mar\u00e7o deste ano, e encerrou com a assinatura do Pacto Regional para Seguran\u00e7a P\u00fablica e Enfrentamento ao Crime Organizado. Ao todo, S\u00e3o Paulo, Rio de Janeiro, Esp\u00edrito Santo, Minas Gerais, Rio Grande do Sul, Paran\u00e1 e Santa Catarina somam cerca de 114 milh\u00f5es de habitantes, o equivalente a 56,5% da popula\u00e7\u00e3o nacional. De acordo com dados do Instituto Brasileiro de Geografia e Estat\u00edstica (IBGE), a economia dos sete estados representam 70% do PIB (Produto Interno Bruto) nacional.<\/p>\n\n\n\n<p><strong><em><strong><em><strong><em><strong><em><strong><em><strong><em><strong><em><strong><em><strong>Siga nossas redes sociais no\u00a0<a href=\"https:\/\/www.instagram.com\/ronipaparazzi\/\">Instagram\u00a0<\/a>e\u00a0<a href=\"https:\/\/www.facebook.com\/ronipaparazzicomvoce\">Facebook<\/a>\u00a0participe da nossa comunidade do Canal Roni Paparazzi no Whatsapp e receba as principais not\u00edcias da regi\u00e3o de Ara\u00e7atuba do dia direto no seu celular.<\/strong>\u00a0<a href=\"https:\/\/chat.whatsapp.com\/GsG1XKo0jPOEfjzudWQcml\" target=\"_blank\" rel=\"noreferrer noopener\">\u00a0Clique aqui e se inscreva.<\/a><\/em><\/strong><\/em><\/strong><\/em><\/strong><\/em><\/strong><\/em><\/strong><\/em><\/strong><\/em><\/strong><\/em><\/strong><\/p>\n","protected":false},"excerpt":{"rendered":"<p>O Governo de S\u00e3o Paulo participa da 11\u00aa edi\u00e7\u00e3o do Cons\u00f3rcio de Integra\u00e7\u00e3o Sul e Sudeste (Cosud), que acontece nas cidades de Vargem Alta e Domingos Martins, no Esp\u00edrito Santo. O governador Tarc\u00edsio de Freitas e representantes das secretarias estaduais paulistas integram grupos t\u00e9cnicos que discutem pol\u00edticas econ\u00f4micas, ambientais e de seguran\u00e7a p\u00fablica para impulsionar &hellip;<\/p>\n","protected":false},"author":1,"featured_media":11231,"comment_status":"open","ping_status":"open","sticky":false,"template":"","format":"standard","meta":{"_jetpack_memberships_contains_paid_content":false,"footnotes":"","jetpack_publicize_message":"","jetpack_publicize_feature_enabled":true,"jetpack_social_post_already_shared":false,"jetpack_social_options":{"image_generator_settings":{"template":"highway","default_image_id":0,"enabled":false},"version":2}},"categories":[4],"tags":[],"class_list":["post-11230","post","type-post","status-publish","format-standard","has-post-thumbnail","hentry","category-regiao"],"jetpack_publicize_connections":[],"jetpack_featured_media_url":"https:\/\/i0.wp.com\/www.paparazzinews.com.br\/wp-content\/uploads\/2024\/08\/cosud-no-espirito-santo-1024x683-1.jpg?fit=1024%2C683&ssl=1","views":"2316","jetpack_likes_enabled":true,"jetpack_sharing_enabled":true,"_links":{"self":[{"href":"https:\/\/www.paparazzinews.com.br\/index.php?rest_route=\/wp\/v2\/posts\/11230","targetHints":{"allow":["GET"]}}],"collection":[{"href":"https:\/\/www.paparazzinews.com.br\/index.php?rest_route=\/wp\/v2\/posts"}],"about":[{"href":"https:\/\/www.paparazzinews.com.br\/index.php?rest_route=\/wp\/v2\/types\/post"}],"author":[{"embeddable":true,"href":"https:\/\/www.paparazzinews.com.br\/index.php?rest_route=\/wp\/v2\/users\/1"}],"replies":[{"embeddable":true,"href":"https:\/\/www.paparazzinews.com.br\/index.php?rest_route=%2Fwp%2Fv2%2Fcomments&post=11230"}],"version-history":[{"count":1,"href":"https:\/\/www.paparazzinews.com.br\/index.php?rest_route=\/wp\/v2\/posts\/11230\/revisions"}],"predecessor-version":[{"id":11232,"href":"https:\/\/www.paparazzinews.com.br\/index.php?rest_route=\/wp\/v2\/posts\/11230\/revisions\/11232"}],"wp:featuredmedia":[{"embeddable":true,"href":"https:\/\/www.paparazzinews.com.br\/index.php?rest_route=\/wp\/v2\/media\/11231"}],"wp:attachment":[{"href":"https:\/\/www.paparazzinews.com.br\/index.php?rest_route=%2Fwp%2Fv2%2Fmedia&parent=11230"}],"wp:term":[{"taxonomy":"category","embeddable":true,"href":"https:\/\/www.paparazzinews.com.br\/index.php?rest_route=%2Fwp%2Fv2%2Fcategories&post=11230"},{"taxonomy":"post_tag","embeddable":true,"href":"https:\/\/www.paparazzinews.com.br\/index.php?rest_route=%2Fwp%2Fv2%2Ftags&post=11230"}],"curies":[{"name":"wp","href":"https:\/\/api.w.org\/{rel}","templated":true}]}}