{"id":11203,"date":"2024-08-08T12:56:51","date_gmt":"2024-08-08T15:56:51","guid":{"rendered":"https:\/\/www.paparazzinews.com.br\/?p=11203"},"modified":"2024-08-08T12:56:52","modified_gmt":"2024-08-08T15:56:52","slug":"stf-vai-julgar-justica-de-sp-suspende-programa-de-escolas-civico-militares","status":"publish","type":"post","link":"https:\/\/www.paparazzinews.com.br\/?p=11203","title":{"rendered":"STF VAI JULGAR: Justi\u00e7a de SP suspende programa de escolas c\u00edvico-militares"},"content":{"rendered":"\n<p>A Justi\u00e7a de S\u00e3o Paulo suspendeu a implementa\u00e7\u00e3o do programa Escola C\u00edvico-Militar do governo de S\u00e3o Paulo, ap\u00f3s pedido de liminar do Sindicato dos Professores do Estado de S\u00e3o Paulo (Apeoesp). A decis\u00e3o do desembargador Figueiredo Gon\u00e7alves prev\u00ea a suspens\u00e3o do programa at\u00e9 que o Supremo Tribunal Federal (STF) julgue a A\u00e7\u00e3o Direta de Inconstitucionalidade (ADI) sobre o tema. A informa\u00e7\u00e3o \u00e9 do Estad\u00e3o Conte\u00fado.<br><br>Das mais de 5 mil escolas da rede estadual, 304 demonstraram interesse na ado\u00e7\u00e3o desse modelo. A Secretaria da Educa\u00e7\u00e3o disse que n\u00e3o foi notificada da decis\u00e3o e n\u00e3o iria se pronunciar. Na a\u00e7\u00e3o, a Apeoesp sustenta que a lei que criou o programa padece de &#8220;v\u00edcio formal&#8221;, pela aus\u00eancia de &#8220;compet\u00eancia legislativa concorrente do Estado para tratar sobre diretrizes e bases da educa\u00e7\u00e3o&#8221;.<\/p>\n\n\n\n<p>No entendimento de Gon\u00e7alves, o programa &#8220;parece legislar&#8221; e invadir a compet\u00eancia da Uni\u00e3o. &#8220;\u00c9 certo que se suscitam s\u00e9rias controversas acerca da constitucionalidade desse programa, o que n\u00e3o recomenda sua implementa\u00e7\u00e3o desde j\u00e1. Ao dispor sobre organiza\u00e7\u00e3o escolar, estabelecendo programa que imp\u00f5e modelo pedag\u00f3gico de escola c\u00edvico-militar, a lei parece legislar sobre diretrizes da educa\u00e7\u00e3o escolar. Isso poderia invadir compet\u00eancia da Uni\u00e3o.&#8221;<\/p>\n\n\n\n<p>Gon\u00e7alves tamb\u00e9m justifica que policiais militares na reserva serem selecionados como monitores escolares violaria a Carta Pol\u00edtica Federal, que estabelece fun\u00e7\u00f5es pr\u00f3prias dos profissionais &#8211; como policiamento ostensivo e a preserva\u00e7\u00e3o da ordem p\u00fablica, sem possibilidade de se atribuir outras atividades.<\/p>\n\n\n\n<p>Ele aponta ainda que os policiais poderiam, eventualmente, ser considerados profissionais da educa\u00e7\u00e3o escolar, o que tamb\u00e9m n\u00e3o \u00e9 permitido, j\u00e1 que a Constitui\u00e7\u00e3o Federal estabelece que essa categoria deve estar sujeita a plano de carreira e ingressar na \u00e1rea por meio de concurso p\u00fablico.<\/p>\n\n\n\n<p>O desembargador cita que essas normas da Constitui\u00e7\u00e3o Federal s\u00e3o de reprodu\u00e7\u00e3o obrigat\u00f3ria nas constitui\u00e7\u00f5es estaduais. &#8220;N\u00e3o se cuida, desde j\u00e1, de se impor a interpreta\u00e7\u00e3o acerca da inconstitucionalidade da lei estadual que se questiona nesta ADI Contudo, inegavelmente, h\u00e1 controv\u00e9rsias sobre o bom direito, que justifica a cautela neste instante, para que se defira a liminar reclamada, at\u00e9 decis\u00e3o definitiva sobre o tema.&#8221;<\/p>\n\n\n\n<p><strong>Bandeira e revis\u00e3o<\/strong><\/p>\n\n\n\n<p>O programa Escola C\u00edvico-Militar \u00e9 uma aposta do governador Tarc\u00edsio de Freitas (Republicanos), que come\u00e7ou a ganhar forma ap\u00f3s ser aprovado pela Assembleia Legislativa (Alesp) em maio. Com o projeto, as escolas que aderirem ao modelo teriam ao menos um PM da reserva como monitor para desenvolver atividades extracurriculares para al\u00e9m das disciplinas tradicionais.<\/p>\n\n\n\n<p>O objetivo do governo estadual com o projeto \u00e9 promover uma melhora dos \u00edndices escolares paulistas. Esse ponto, por\u00e9m, tem sido criticado por especialistas em educa\u00e7\u00e3o, que dizem n\u00e3o haver estudos que mostrem que o modelo c\u00edvico-militar promova melhor desempenho acad\u00eamico.<\/p>\n\n\n\n<p>Antes de a decis\u00e3o da Justi\u00e7a ser anunciada, o secret\u00e1rio estadual da Educa\u00e7\u00e3o de S\u00e3o Paulo, Renato Feder, admitiu pela manh\u00e3, em entrevista \u00e0 R\u00e1dio Eldorado, a possibilidade de rever o programa. Uma consulta sobre a iniciativa foi aberta no dia 1 \u00ba e ser\u00e1 realizada at\u00e9 o dia 15, com vota\u00e7\u00e3o de alunos, pais e professores.<\/p>\n\n\n\n<p><strong><em><strong><em><strong><em><strong><em><strong><em><strong><em><strong><em><strong><em><strong>Siga nossas redes sociais no\u00a0<a href=\"https:\/\/www.instagram.com\/ronipaparazzi\/\">Instagram\u00a0<\/a>e\u00a0<a href=\"https:\/\/www.facebook.com\/ronipaparazzicomvoce\">Facebook<\/a>\u00a0participe da nossa comunidade do Canal Roni Paparazzi no Whatsapp e receba as principais not\u00edcias da regi\u00e3o de Ara\u00e7atuba do dia direto no seu celular.<\/strong>\u00a0<a href=\"https:\/\/chat.whatsapp.com\/GsG1XKo0jPOEfjzudWQcml\" target=\"_blank\" rel=\"noreferrer noopener\">\u00a0Clique aqui e se inscreva.<\/a><\/em><\/strong><\/em><\/strong><\/em><\/strong><\/em><\/strong><\/em><\/strong><\/em><\/strong><\/em><\/strong><\/em><\/strong><\/p>\n","protected":false},"excerpt":{"rendered":"<p>A Justi\u00e7a de S\u00e3o Paulo suspendeu a implementa\u00e7\u00e3o do programa Escola C\u00edvico-Militar do governo de S\u00e3o Paulo, ap\u00f3s pedido de liminar do Sindicato dos Professores do Estado de S\u00e3o Paulo (Apeoesp). A decis\u00e3o do desembargador Figueiredo Gon\u00e7alves prev\u00ea a suspens\u00e3o do programa at\u00e9 que o Supremo Tribunal Federal (STF) julgue a A\u00e7\u00e3o Direta de Inconstitucionalidade &hellip;<\/p>\n","protected":false},"author":1,"featured_media":11204,"comment_status":"open","ping_status":"open","sticky":false,"template":"","format":"standard","meta":{"_jetpack_memberships_contains_paid_content":false,"footnotes":"","jetpack_publicize_message":"","jetpack_publicize_feature_enabled":true,"jetpack_social_post_already_shared":false,"jetpack_social_options":{"image_generator_settings":{"template":"highway","default_image_id":0,"enabled":false},"version":2}},"categories":[4],"tags":[],"class_list":["post-11203","post","type-post","status-publish","format-standard","has-post-thumbnail","hentry","category-regiao"],"jetpack_publicize_connections":[],"jetpack_featured_media_url":"https:\/\/i0.wp.com\/www.paparazzinews.com.br\/wp-content\/uploads\/2024\/08\/justica-de-sp-suspende-programa-de-escolas-civico-militares-080824_104710.jpg?fit=815%2C400&ssl=1","views":"2425","jetpack_likes_enabled":true,"jetpack_sharing_enabled":true,"_links":{"self":[{"href":"https:\/\/www.paparazzinews.com.br\/index.php?rest_route=\/wp\/v2\/posts\/11203","targetHints":{"allow":["GET"]}}],"collection":[{"href":"https:\/\/www.paparazzinews.com.br\/index.php?rest_route=\/wp\/v2\/posts"}],"about":[{"href":"https:\/\/www.paparazzinews.com.br\/index.php?rest_route=\/wp\/v2\/types\/post"}],"author":[{"embeddable":true,"href":"https:\/\/www.paparazzinews.com.br\/index.php?rest_route=\/wp\/v2\/users\/1"}],"replies":[{"embeddable":true,"href":"https:\/\/www.paparazzinews.com.br\/index.php?rest_route=%2Fwp%2Fv2%2Fcomments&post=11203"}],"version-history":[{"count":1,"href":"https:\/\/www.paparazzinews.com.br\/index.php?rest_route=\/wp\/v2\/posts\/11203\/revisions"}],"predecessor-version":[{"id":11205,"href":"https:\/\/www.paparazzinews.com.br\/index.php?rest_route=\/wp\/v2\/posts\/11203\/revisions\/11205"}],"wp:featuredmedia":[{"embeddable":true,"href":"https:\/\/www.paparazzinews.com.br\/index.php?rest_route=\/wp\/v2\/media\/11204"}],"wp:attachment":[{"href":"https:\/\/www.paparazzinews.com.br\/index.php?rest_route=%2Fwp%2Fv2%2Fmedia&parent=11203"}],"wp:term":[{"taxonomy":"category","embeddable":true,"href":"https:\/\/www.paparazzinews.com.br\/index.php?rest_route=%2Fwp%2Fv2%2Fcategories&post=11203"},{"taxonomy":"post_tag","embeddable":true,"href":"https:\/\/www.paparazzinews.com.br\/index.php?rest_route=%2Fwp%2Fv2%2Ftags&post=11203"}],"curies":[{"name":"wp","href":"https:\/\/api.w.org\/{rel}","templated":true}]}}