{"id":11200,"date":"2024-08-08T12:48:57","date_gmt":"2024-08-08T15:48:57","guid":{"rendered":"https:\/\/www.paparazzinews.com.br\/?p=11200"},"modified":"2024-08-08T12:48:58","modified_gmt":"2024-08-08T15:48:58","slug":"vitimas-eram-refugiados-pf-deflagra-2a-fase-de-operacao-contra-financiamento-do-terrorismo","status":"publish","type":"post","link":"https:\/\/www.paparazzinews.com.br\/?p=11200","title":{"rendered":"V\u00cdTIMAS ERAM REFUGIADOS: PF deflagra 2\u00aa fase de opera\u00e7\u00e3o contra financiamento do terrorismo"},"content":{"rendered":"\n<p>Nove meses ap\u00f3s\u00a0<a href=\"https:\/\/agenciabrasil.ebc.com.br\/geral\/noticia\/2023-11\/policiais-federais-prendem-dois-suspeitos-de-planejar-atos-terroristas\" target=\"_blank\" rel=\"noreferrer noopener\">prender<\/a>\u00a0dois suspeitos de participar da organiza\u00e7\u00e3o de supostos atos terroristas no Brasil, a Pol\u00edcia Federal (PF) deflagrou, nesta quinta-feira (8), a segunda fase da Opera\u00e7\u00e3o Trapiche, que apura ind\u00edcios de financiamento do terrorismo no pa\u00eds.<img data-recalc-dims=\"1\" decoding=\"async\" src=\"https:\/\/i0.wp.com\/agenciabrasil.ebc.com.br\/ebc.png?w=708&#038;ssl=1\"><img data-recalc-dims=\"1\" decoding=\"async\" src=\"https:\/\/i0.wp.com\/agenciabrasil.ebc.com.br\/ebc.gif?w=708&#038;ssl=1\"> A informa\u00e7\u00e3o \u00e9 da Ag\u00eancia Brasil.<\/p>\n\n\n\n<p>Desde as primeiras horas do dia, agentes federais est\u00e3o cumprindo um&nbsp;mandado judicial de pris\u00e3o preventiva e oito de busca e apreens\u00e3o nas cidades mineiras de Belo Horizonte, Uberl\u00e2ndia e Contagem, e tamb\u00e9m em Bras\u00edlia (DF) e S\u00e3o Paulo (SP). A Justi\u00e7a Federal tamb\u00e9m determinou o sequestro de valores e bloqueios de contas banc\u00e1rias, al\u00e9m da imediata suspens\u00e3o da atividade de empresas-alvos&nbsp;da investiga\u00e7\u00e3o.<\/p>\n\n\n\n<p>Em nota, a PF informou que os investigadores j\u00e1 reuniram provas de que o principal investigado, cujo nome n\u00e3o foi divulgado, se aproveitava da vulnerabilidade de imigrantes e refugiados para abrir contas banc\u00e1rias e empresas no nome destas pessoas, que n\u00e3o tinham conhecimento de que, de acordo com a PF, o esquema era usado para movimentar dinheiro destinado a atividades il\u00edcitas.<\/p>\n\n\n\n<p>\u201cAs evid\u00eancias indicam que passagens a\u00e9reas utilizadas pelos brasileiros recrutados para viajarem ao exterior, onde foram entrevistados a fim de serem selecionados pela organiza\u00e7\u00e3o terrorista, foram financiadas com proventos do com\u00e9rcio il\u00edcito de cigarros eletr\u00f4nicos contrabandeados e vendidos em lojas de tabacarias no Brasil\u201d, sustenta a PF.<\/p>\n\n\n\n<p>Ainda de acordo com a institui\u00e7\u00e3o, o apoio financeiro ao terrorismo sustentava-se em um \u201cbilion\u00e1rio esquema de evas\u00e3o de divisas e lavagem de dinheiro\u201d, descoberto a partir de&nbsp;<a href=\"https:\/\/agenciabrasil.ebc.com.br\/geral\/noticia\/2022-09\/operacao-combate-lavagem-de-dinheiro-no-mercado-de-criptomoedas\" target=\"_blank\" rel=\"noreferrer noopener\">outra opera\u00e7\u00e3o<\/a>, deflagrada em setembro de 2022, para combater a lavagem de dinheiro e um \u201cintrincado\u201d sistema de remessas de recursos il\u00edcitos ao exterior, por interm\u00e9dio da compra e venda de criptoativos.<\/p>\n\n\n\n<p>Os envolvidos poder\u00e3o responder pelos crimes de contrabando, integra\u00e7\u00e3o de organiza\u00e7\u00e3o terrorista, atos preparat\u00f3rios e financiamento do terrorismo e lavagem de dinheiro, cujas penas m\u00e1ximas, se somadas, chegam a 75 anos e 6 meses de reclus\u00e3o.<\/p>\n\n\n\n<p><strong><em><strong><em><strong><em><strong><em><strong><em><strong><em><strong><em><strong><em><strong>Siga nossas redes sociais no\u00a0<a href=\"https:\/\/www.instagram.com\/ronipaparazzi\/\">Instagram\u00a0<\/a>e\u00a0<a href=\"https:\/\/www.facebook.com\/ronipaparazzicomvoce\">Facebook<\/a>\u00a0participe da nossa comunidade do Canal Roni Paparazzi no Whatsapp e receba as principais not\u00edcias da regi\u00e3o de Ara\u00e7atuba do dia direto no seu celular.<\/strong>\u00a0<a href=\"https:\/\/chat.whatsapp.com\/GsG1XKo0jPOEfjzudWQcml\" target=\"_blank\" rel=\"noreferrer noopener\">\u00a0Clique aqui e se inscreva.<\/a><\/em><\/strong><\/em><\/strong><\/em><\/strong><\/em><\/strong><\/em><\/strong><\/em><\/strong><\/em><\/strong><\/em><\/strong><\/p>\n","protected":false},"excerpt":{"rendered":"<p>Nove meses ap\u00f3s\u00a0prender\u00a0dois suspeitos de participar da organiza\u00e7\u00e3o de supostos atos terroristas no Brasil, a Pol\u00edcia Federal (PF) deflagrou, nesta quinta-feira (8), a segunda fase da Opera\u00e7\u00e3o Trapiche, que apura ind\u00edcios de financiamento do terrorismo no pa\u00eds. A informa\u00e7\u00e3o \u00e9 da Ag\u00eancia Brasil. Desde as primeiras horas do dia, agentes federais est\u00e3o cumprindo um&nbsp;mandado judicial &hellip;<\/p>\n","protected":false},"author":1,"featured_media":11201,"comment_status":"open","ping_status":"open","sticky":false,"template":"","format":"standard","meta":{"_jetpack_memberships_contains_paid_content":false,"footnotes":"","jetpack_publicize_message":"","jetpack_publicize_feature_enabled":true,"jetpack_social_post_already_shared":false,"jetpack_social_options":{"image_generator_settings":{"template":"highway","default_image_id":0,"enabled":false},"version":2}},"categories":[3],"tags":[],"class_list":["post-11200","post","type-post","status-publish","format-standard","has-post-thumbnail","hentry","category-policial"],"jetpack_publicize_connections":[],"jetpack_featured_media_url":"https:\/\/i0.wp.com\/www.paparazzinews.com.br\/wp-content\/uploads\/2024\/08\/raf05213.jpg?fit=1100%2C659&ssl=1","views":"2216","jetpack_likes_enabled":true,"jetpack_sharing_enabled":true,"_links":{"self":[{"href":"https:\/\/www.paparazzinews.com.br\/index.php?rest_route=\/wp\/v2\/posts\/11200","targetHints":{"allow":["GET"]}}],"collection":[{"href":"https:\/\/www.paparazzinews.com.br\/index.php?rest_route=\/wp\/v2\/posts"}],"about":[{"href":"https:\/\/www.paparazzinews.com.br\/index.php?rest_route=\/wp\/v2\/types\/post"}],"author":[{"embeddable":true,"href":"https:\/\/www.paparazzinews.com.br\/index.php?rest_route=\/wp\/v2\/users\/1"}],"replies":[{"embeddable":true,"href":"https:\/\/www.paparazzinews.com.br\/index.php?rest_route=%2Fwp%2Fv2%2Fcomments&post=11200"}],"version-history":[{"count":1,"href":"https:\/\/www.paparazzinews.com.br\/index.php?rest_route=\/wp\/v2\/posts\/11200\/revisions"}],"predecessor-version":[{"id":11202,"href":"https:\/\/www.paparazzinews.com.br\/index.php?rest_route=\/wp\/v2\/posts\/11200\/revisions\/11202"}],"wp:featuredmedia":[{"embeddable":true,"href":"https:\/\/www.paparazzinews.com.br\/index.php?rest_route=\/wp\/v2\/media\/11201"}],"wp:attachment":[{"href":"https:\/\/www.paparazzinews.com.br\/index.php?rest_route=%2Fwp%2Fv2%2Fmedia&parent=11200"}],"wp:term":[{"taxonomy":"category","embeddable":true,"href":"https:\/\/www.paparazzinews.com.br\/index.php?rest_route=%2Fwp%2Fv2%2Fcategories&post=11200"},{"taxonomy":"post_tag","embeddable":true,"href":"https:\/\/www.paparazzinews.com.br\/index.php?rest_route=%2Fwp%2Fv2%2Ftags&post=11200"}],"curies":[{"name":"wp","href":"https:\/\/api.w.org\/{rel}","templated":true}]}}