{"id":11176,"date":"2024-08-07T14:57:37","date_gmt":"2024-08-07T17:57:37","guid":{"rendered":"https:\/\/www.paparazzinews.com.br\/?p=11176"},"modified":"2024-08-07T14:57:38","modified_gmt":"2024-08-07T17:57:38","slug":"governo-eleva-estimativa-de-salario-minimo-para-r-1-509-em-2025","status":"publish","type":"post","link":"https:\/\/www.paparazzinews.com.br\/?p=11176","title":{"rendered":"Governo eleva estimativa de sal\u00e1rio m\u00ednimo para R$ 1.509 em 2025"},"content":{"rendered":"\n<p>O governo federal elevou a estimativa do sal\u00e1rio m\u00ednimo para R$ 1.509 em 2025. A proje\u00e7\u00e3o inicial era de R$ 1.502, conforme previsto no Projeto de Lei de Diretrizes Or\u00e7ament\u00e1rias (PLDO) de 2025 enviado ao Congresso. O valor ainda \u00e9 uma estimativa, mas, se confirmado, representar\u00e1 um aumento de 6,87% se comparado ao sal\u00e1rio m\u00ednimo atual, de R$ 1.412. A informa\u00e7\u00e3o \u00e9 do Estad\u00e3o Conte\u00fado.\u00a0<\/p>\n\n\n\n<p>De acordo com fontes da equipe econ\u00f4mica, houve esse aumento na proje\u00e7\u00e3o por causa de altera\u00e7\u00f5es na grade de par\u00e2metros elaborada pela Secretaria de Pol\u00edtica Econ\u00f4mica (SPE), como varia\u00e7\u00e3o na infla\u00e7\u00e3o.<\/p>\n\n\n\n<p>A nova proje\u00e7\u00e3o est\u00e1 alinhada \u00e0 pol\u00edtica do governo federal de valoriza\u00e7\u00e3o do sal\u00e1rio m\u00ednimo, que estabelece que o piso deve ser corrigido pelo \u00cdndice Nacional de Pre\u00e7os ao Consumidor (INPC) acumulado em 12 meses at\u00e9 novembro mais a varia\u00e7\u00e3o do Produto Interno Bruto (PIB) de dois anos atr\u00e1s.<\/p>\n\n\n\n<p>No envio do PLDO, a previs\u00e3o era de que o INPC ficasse em 3,25%. No \u00faltimo relat\u00f3rio, a SPE atualizou o n\u00famero para 3,65%.<\/p>\n\n\n\n<p>Pelas novas estimativas, o sal\u00e1rio m\u00ednimo seria de R$ 1.595 em 2026; de R$ 1.687 em 2027, e de R$ 1.783 em 2028. O piso \u00e9 usado para reajustar diversos benef\u00edcios, como previdenci\u00e1rios e assistenciais. Para evitar a press\u00e3o sobre gastos obrigat\u00f3rios, a equipe econ\u00f4mica chegou a discutir uma desvincula\u00e7\u00e3o, mas ainda n\u00e3o teve aval do presidente Luiz In\u00e1cio Lula da Silva.<\/p>\n\n\n\n<p><strong>Press\u00e3o sobre os gastos<\/strong><\/p>\n\n\n\n<p>Em abril do ano passado, o governo Lula definiu que o sal\u00e1rio m\u00ednimo fosse corrigido anualmente pela infla\u00e7\u00e3o mais a varia\u00e7\u00e3o do Produto Interno Bruto (PIB) consolidado de dois anos atr\u00e1s. Essa pol\u00edtica, no entanto, tem acelerado o crescimento dos gastos obrigat\u00f3rios, como benef\u00edcios previdenci\u00e1rios e assistenciais, que s\u00e3o vinculados ao sal\u00e1rio m\u00ednimo.<\/p>\n\n\n\n<p>A&nbsp;pol\u00edtica de valoriza\u00e7\u00e3o do m\u00ednimo e sua vincula\u00e7\u00e3o aos benef\u00edcios do Instituto Nacional do Seguro Social (INSS) v\u00e3o corroer mais da metade dos efeitos esperados com a reforma da Previd\u00eancia aprovada em 2019.<\/p>\n\n\n\n<p>Pelas contas do economista Fabio Giambiagi, do FGV\/Ibre, o aumento do m\u00ednimo associado ao crescimento do PIB deve provocar uma alta de despesas de R$ 638 bilh\u00f5es nos pr\u00f3ximos dez anos &#8211; consumindo cerca de 56% da economia prevista com reforma no mesmo per\u00edodo.<\/p>\n\n\n\n<p>Na terceira revis\u00e3o bimestral de receitas e despesas, divulgada em 22 de julho, o governo informou que prev\u00ea gastar mais R$ 4,9 bilh\u00f5es com a Previd\u00eancia e R$ 6,4 bilh\u00f5es com o Benef\u00edcio de Presta\u00e7\u00e3o Continuada (BPC) &#8211; pago a idosos e pessoas com defici\u00eancia de baixa renda &#8211; neste ano em rela\u00e7\u00e3o \u00e0s proje\u00e7\u00f5es do relat\u00f3rio anterior.<\/p>\n\n\n\n<p>Esses gastos est\u00e3o crescendo num ritmo acima do limite permitido pelo novo arcabou\u00e7o fiscal (2,5% ao acima da infla\u00e7\u00e3o), comprimindo cada vez mais outras despesas no Or\u00e7amento e colocando em xeque a sustentabilidade da nova regra para as contas p\u00fablicas.<\/p>\n\n\n\n<p>Resistente \u00e0 agenda de revis\u00e3o de gastos, o presidente Lula vem defendendo a pol\u00edtica de reajuste do sal\u00e1rio m\u00ednimo e dizendo que n\u00e3o h\u00e1 espa\u00e7o para se discutir uma desvincula\u00e7\u00e3o dos benef\u00edcios previdenci\u00e1rios e assistenciais &#8211; o que j\u00e1 havia sido aventado pela ministra do Planejamento e Or\u00e7amento, Simone Tebet.<\/p>\n\n\n\n<p><strong><em><strong><em><strong><em><strong><em><strong><em><strong><em><strong><em><strong><em><strong>Siga nossas redes sociais no\u00a0<a href=\"https:\/\/www.instagram.com\/ronipaparazzi\/\">Instagram\u00a0<\/a>e\u00a0<a href=\"https:\/\/www.facebook.com\/ronipaparazzicomvoce\">Facebook<\/a>\u00a0participe da nossa comunidade do Canal Roni Paparazzi no Whatsapp e receba as principais not\u00edcias da regi\u00e3o de Ara\u00e7atuba do dia direto no seu celular.<\/strong>\u00a0<a href=\"https:\/\/chat.whatsapp.com\/GsG1XKo0jPOEfjzudWQcml\" target=\"_blank\" rel=\"noreferrer noopener\">\u00a0Clique aqui e se inscreva.<\/a><\/em><\/strong><\/em><\/strong><\/em><\/strong><\/em><\/strong><\/em><\/strong><\/em><\/strong><\/em><\/strong><\/em><\/strong><\/p>\n","protected":false},"excerpt":{"rendered":"<p>O governo federal elevou a estimativa do sal\u00e1rio m\u00ednimo para R$ 1.509 em 2025. A proje\u00e7\u00e3o inicial era de R$ 1.502, conforme previsto no Projeto de Lei de Diretrizes Or\u00e7ament\u00e1rias (PLDO) de 2025 enviado ao Congresso. O valor ainda \u00e9 uma estimativa, mas, se confirmado, representar\u00e1 um aumento de 6,87% se comparado ao sal\u00e1rio m\u00ednimo &hellip;<\/p>\n","protected":false},"author":1,"featured_media":11177,"comment_status":"open","ping_status":"open","sticky":false,"template":"","format":"standard","meta":{"_jetpack_memberships_contains_paid_content":false,"footnotes":"","jetpack_publicize_message":"","jetpack_publicize_feature_enabled":true,"jetpack_social_post_already_shared":false,"jetpack_social_options":{"image_generator_settings":{"template":"highway","default_image_id":0,"enabled":false},"version":2}},"categories":[4],"tags":[],"class_list":["post-11176","post","type-post","status-publish","format-standard","has-post-thumbnail","hentry","category-regiao"],"jetpack_publicize_connections":[],"jetpack_featured_media_url":"https:\/\/i0.wp.com\/www.paparazzinews.com.br\/wp-content\/uploads\/2024\/08\/governo-eleva-estimativa-de-salario-minimo-para-r-1-509-em-2025-070824_082345.jpg?fit=633%2C400&ssl=1","views":"2291","jetpack_likes_enabled":true,"jetpack_sharing_enabled":true,"_links":{"self":[{"href":"https:\/\/www.paparazzinews.com.br\/index.php?rest_route=\/wp\/v2\/posts\/11176","targetHints":{"allow":["GET"]}}],"collection":[{"href":"https:\/\/www.paparazzinews.com.br\/index.php?rest_route=\/wp\/v2\/posts"}],"about":[{"href":"https:\/\/www.paparazzinews.com.br\/index.php?rest_route=\/wp\/v2\/types\/post"}],"author":[{"embeddable":true,"href":"https:\/\/www.paparazzinews.com.br\/index.php?rest_route=\/wp\/v2\/users\/1"}],"replies":[{"embeddable":true,"href":"https:\/\/www.paparazzinews.com.br\/index.php?rest_route=%2Fwp%2Fv2%2Fcomments&post=11176"}],"version-history":[{"count":1,"href":"https:\/\/www.paparazzinews.com.br\/index.php?rest_route=\/wp\/v2\/posts\/11176\/revisions"}],"predecessor-version":[{"id":11178,"href":"https:\/\/www.paparazzinews.com.br\/index.php?rest_route=\/wp\/v2\/posts\/11176\/revisions\/11178"}],"wp:featuredmedia":[{"embeddable":true,"href":"https:\/\/www.paparazzinews.com.br\/index.php?rest_route=\/wp\/v2\/media\/11177"}],"wp:attachment":[{"href":"https:\/\/www.paparazzinews.com.br\/index.php?rest_route=%2Fwp%2Fv2%2Fmedia&parent=11176"}],"wp:term":[{"taxonomy":"category","embeddable":true,"href":"https:\/\/www.paparazzinews.com.br\/index.php?rest_route=%2Fwp%2Fv2%2Fcategories&post=11176"},{"taxonomy":"post_tag","embeddable":true,"href":"https:\/\/www.paparazzinews.com.br\/index.php?rest_route=%2Fwp%2Fv2%2Ftags&post=11176"}],"curies":[{"name":"wp","href":"https:\/\/api.w.org\/{rel}","templated":true}]}}