{"id":11158,"date":"2024-08-07T13:48:30","date_gmt":"2024-08-07T16:48:30","guid":{"rendered":"https:\/\/www.paparazzinews.com.br\/?p=11158"},"modified":"2024-08-07T13:48:31","modified_gmt":"2024-08-07T16:48:31","slug":"alta-letalidade-no-transito-campanha-de-conscientizacao-no-dia-internacional-do-pedestre-e-lancada","status":"publish","type":"post","link":"https:\/\/www.paparazzinews.com.br\/?p=11158","title":{"rendered":"ALTA LETALIDADE NO TR\u00c2NSITO: Campanha de conscientiza\u00e7\u00e3o no Dia Internacional do Pedestre \u00e9 lan\u00e7ada"},"content":{"rendered":"\n<p>O primeiro semestre de 2024 foi o mais letal para o pedestre nos \u00faltimos cinco anos no estado de S\u00e3o Paulo, segundo as estat\u00edsticas do Infosiga, portal de dados vi\u00e1rios do Departamento Estadual de Tr\u00e2nsito de S\u00e3o Paulo (Detran-SP). Foram 700 mortes, contra 585 no mesmo per\u00edodo do ano passado, 678 \u00f3bitos de janeiro a junho em 2022 e 678 em 2019. De 2023 a 2024, o crescimento nas mortes por atropelamento \u00e9 de 19,7%.<\/p>\n\n\n\n<p>Para frear essa tend\u00eancia, o Governo de S\u00e3o Paulo p\u00f5e na rua sua nova campanha educativa, \u201cSinal de respeito\u201d, com pe\u00e7as em TV, m\u00eddia digital, impressa e externa frases como \u201cToda faixa de pedestre \u00e9 um sinal de respeito\u201d e uma s\u00e9rie de a\u00e7\u00f5es pelo estado nesta quinta-feira (8), Dia Internacional do Pedestre.<\/p>\n\n\n\n<p>O Dia D do Pedestre, como tem sido chamado, ter\u00e1 programa\u00e7\u00e3o nas suas 18 superintend\u00eancias \u2013 na capital e nas 17 regi\u00f5es em que litoral e interior est\u00e3o divididos pelo Detran-SP \u2013 para chamar tanto motoristas como transeuntes para a responsabilidade de respeitar a faixa de pedestres.<\/p>\n\n\n\n<p>O mapa de a\u00e7\u00e3o, criado pela ger\u00eancia de Educa\u00e7\u00e3o para o Tr\u00e2nsito do Detran-SP com dados do Infosiga, prioriza locais com maior n\u00famero de sinistros no estado.<\/p>\n\n\n\n<p>Durante a quinta-feira, a capital, por exemplo, contar\u00e1 com atividades de conscientiza\u00e7\u00e3o em cinco importantes pontos:<\/p>\n\n\n\n<p>\u2013 Rua da Consola\u00e7\u00e3o X Rua Piau\u00ed<br>\u2013 Avenida Paulista X Avenida Brigadeiro Luis Ant\u00f4nio<br>\u2013 Rua Boa Vista, centro<br>\u2013 Av. Rebou\u00e7as x Av. Brasil<br>\u2013 Av. Faria Lima x Rua Teodoro Sampaio<\/p>\n\n\n\n<p>E em tr\u00eas pontos em esta\u00e7\u00f5es da CPTM, do Metr\u00f4 e em terminais da EMTU, das 10h \u00e0s 15h, onde os passageiros poder\u00e3o participar de um quiz educativo sobre o tema:<\/p>\n\n\n\n<p>\u2013 Esta\u00e7\u00e3o Tatuap\u00e9 (Metr\u00f4)<br>\u2013 Esta\u00e7\u00e3o Br\u00e1s (CPTM)<br>\u2013 Terminal Intermunicipal Luiz Bortolosso (EMTU), em Osasco<\/p>\n\n\n\n<p>As a\u00e7\u00f5es ter\u00e3o o apoio da Pol\u00edcia Militar, da CET (Companhia de Engenharia de Tr\u00e1fego), da Secretaria dos Transportes Metropolitanos, do DER (Departamento de Estradas de Rodagem) e da Artesp \u2013 Ag\u00eancia de Transporte do Estado de S\u00e3o Paulo, que vai exibir mensagens educativas nos pain\u00e9is das estradas.<\/p>\n\n\n\n<p>\u201cSalvar vidas \u00e9 compromisso do Detran-SP, que se empenha em promover uma maior seguran\u00e7a vi\u00e1ria em todo o estado\u201d, afirma o diretor-presidente do \u00f3rg\u00e3o, Eduardo Aggio. A campanha d\u00e1 in\u00edcio a uma ampla pol\u00edtica de esfor\u00e7os em defesa do pedestre, que deve pautar iniciativas do Detran-SP nos pr\u00f3ximos anos.<\/p>\n\n\n\n<p>Tamb\u00e9m no dia 8, o DER atuar\u00e1 em tr\u00eas pontos para possibilitar a travessia de pedestres com seguran\u00e7a:<\/p>\n\n\n\n<p>-SP 324 km 89 \u2013 munic\u00edpio de Campinas<br>-SP 055 km 217 \u2013 munic\u00edpio de Bertioga<br>-SP 055 km 109 \u2013 munic\u00edpio de Caraguatatuba<\/p>\n\n\n\n<p>\u201cO DER sa\u00fada a iniciativa em prol da educa\u00e7\u00e3o no tr\u00e2nsito e do respeito aos pedestres, em sintonia com a nossa atua\u00e7\u00e3o. Na gest\u00e3o dos 13 mil quil\u00f4metros de malha rodovi\u00e1ria do departamento, o principal objetivo da atual gest\u00e3o \u00e9 salvar vidas e reduzir o n\u00famero de acidentes nas estradas\u201d, diz<br>Sergio Codelo, superintendente do DER.<\/p>\n\n\n\n<h2 class=\"wp-block-heading\">Sinal de respeito: a campanha para pedestre<\/h2>\n\n\n\n<p>Est\u00e1 no C\u00f3digo de Tr\u00e2nsito Brasileiro (CTB): a prioridade na via \u00e9 de quem transita a p\u00e9. Essa determina\u00e7\u00e3o, por\u00e9m, nem sempre \u00e9 respeitada. Foi para falar sobre respeito e salvar vidas que o Detran-SP idealizou a nova campanha e convidou para comand\u00e1-la o fil\u00f3sofo e professor Cl\u00f3vis de Barros Filho, conhecido por suas falas sobre \u00e9tica, moral e civilidade. \u201cDesenhamos uma campanha educativa para falar \u00e0 alma do cidad\u00e3o paulista. Quando as primeiras propostas foram trazidas, o nome do professor Cl\u00f3vis de Barros Filho despontou. Juntos, salvaremos vidas\u201d, diz Eduardo Aggio.<\/p>\n\n\n\n<p>Nas diversas m\u00eddias pelas quais se espalhar\u00e1, a campanha ter\u00e1 diferentes momentos, ora com foco nos motoristas, lembrando-os de sua responsabilidade na via p\u00fablica, ora dirigida aos pedestres, chamando aten\u00e7\u00e3o para os cuidados ao atravessar a rua: respeitar a faixa, caminhar sem distra\u00e7\u00e3o e, caso n\u00e3o haja faixa delimitada, fazer contato visual e erguer a m\u00e3o para o condutor, pedindo que pare. \u201cMotorista: pare antes de toda faixa. Inclusive daquelas que n\u00e3o t\u00eam sinal\u201d, diz Barros Filho numa das pe\u00e7as. \u201cEmpatia \u00e9 se colocar no lugar do outro. Inclusive na hora de atravessar na faixa\u201d, diz em outro momento. Afinal, h\u00e1 sinistros causados por transeuntes ao celular.<\/p>\n\n\n\n<p>A prioridade do pedestre \u00e9 definida pelo artigo 70 do CTB. J\u00e1 os artigos 214 e 170 enquadram como infra\u00e7\u00e3o grave ou grav\u00edssima o desrespeito, por parte do motorista, \u00e0 passagem do transeunte.<\/p>\n\n\n\n<p>A infra\u00e7\u00e3o grave, com multa de R$ 195,23 e 5 pontos na carteira nacional de habilita\u00e7\u00e3o (CNH), acontece quando o motorista avan\u00e7a enquanto o pedestre atravessa a via transversal ou fora da faixa a ele destinada. A infra\u00e7\u00e3o grav\u00edssima, com multa de R$ 293,47 e 7 pontos na CNH, se d\u00e1 quando o motorista desrespeita o pedestre que integra um grupo priorit\u00e1rio (crian\u00e7as, idosos, portadores de defici\u00eancia f\u00edsica e gestantes), estando esse pedestre sobre a faixa ou em meio \u00e0 travessia, mesmo que o sem\u00e1foro abra. J\u00e1 amea\u00e7ar um pedestre \u2013 anote a\u00ed o artigo 170 \u2013 tamb\u00e9m \u00e9 infra\u00e7\u00e3o grav\u00edssima e leva \u00e0 suspens\u00e3o da CNH.<\/p>\n\n\n\n<h2 class=\"wp-block-heading\">N\u00fameros desenham o cen\u00e1rio<\/h2>\n\n\n\n<p>Apesar de todos esses artigos, dados do Infosiga mostram que o CTB \u00e9 muitas vezes ignorado. A consequ\u00eancia \u00e9 o sacrif\u00edcio do pedestre, sobretudo se ele tem a partir de 35 anos e \u00e9 homem: 79% dos \u00f3bitos por atropelamento no estado de S\u00e3o Paulo neste ano vitimaram pessoas do g\u00eanero masculino, indica o portal do Sistema de Informa\u00e7\u00f5es Gerenciais de Sinistros de Tr\u00e2nsito, o Infosiga, reformulado em parceria com a Iniciativa Bloomberg para Seguran\u00e7a Vi\u00e1ria Global (BIGRS, na sigla em ingl\u00eas).<\/p>\n\n\n\n<p>Quanto \u00e0 idade, a letalidade cresce \u00e0 medida que ela avan\u00e7a: neste ano, em todo o estado, houve 12 v\u00edtimas fatais por atropelamento no estrato de 15 a 19 anos. Na faixa et\u00e1ria de 25 a 29, o n\u00famero sobe para 40. Mas, a partir dos 35, o volume de \u00f3bitos \u00e9 ainda maior: 59. O grupo de 45 a 49 anos soma 79 mortes em 2024. A quantidade de v\u00edtimas fatais diminui um pouco na sequ\u00eancia das faixas et\u00e1rias, mas continua alto. O grupo de 80 anos em diante j\u00e1 conta com 65 mortes em 2024.<\/p>\n\n\n\n<p>Para reduzir esses n\u00fameros, o Detran-SP adota medidas em diferentes frentes. Al\u00e9m das campanhas educativas e das a\u00e7\u00f5es de fiscaliza\u00e7\u00e3o, como a Opera\u00e7\u00e3o Dire\u00e7\u00e3o Segura Integrada (ODSI), que vai \u00e0s ruas em parceria com as Pol\u00edcias Militar, Civil, T\u00e9cnico-Cient\u00edfica, e de sua atua\u00e7\u00e3o em f\u00f3runs com outros atores do ecossistema de tr\u00e2nsito, como o rec\u00e9m-criado Sistran (Sistema Estadual de Tr\u00e2nsito), o \u00f3rg\u00e3o realiza um dos maiores programas de redu\u00e7\u00e3o aos sinistros do Brasil, o Respeito \u00e0 Vida.<\/p>\n\n\n\n<p>O programa investe recursos oriundos das multas de tr\u00e2nsito para transformar epis\u00f3dios negativos em prote\u00e7\u00e3o \u00e0 vida, executando de infraestrutura e sinaliza\u00e7\u00e3o, como pinturas de faixas, em munic\u00edpios paulistas. Apenas em 2023, foram aplicados mais de R$ 302 milh\u00f5es no Respeito \u00e0 Vida. O programa tamb\u00e9m \u00e9 respons\u00e1vel pela gest\u00e3o do Infosiga, portal que \u00e9 pioneiro no Brasil no tratamento e divulga\u00e7\u00e3o de estat\u00edsticas mensais e balan\u00e7os semestrais e anuais sobre v\u00edtimas de tr\u00e2nsito. Suas informa\u00e7\u00f5es sobre todos os 645 munic\u00edpios de S\u00e3o Paulo s\u00e3o evid\u00eancias valiosas para o embasamento de pol\u00edticas p\u00fablicas de seguran\u00e7a vi\u00e1ria no estado.<\/p>\n\n\n\n<p>Gerido pela Secretaria de Gest\u00e3o e Governo Digital, por meio do Detran-SP, o Respeito \u00e0 Vida envolve ainda as secretarias de Comunica\u00e7\u00e3o, Educa\u00e7\u00e3o, Seguran\u00e7a P\u00fablica, Sa\u00fade, Log\u00edstica e Transportes, Transportes Metropolitanos, Desenvolvimento Regional, Desenvolvimento Econ\u00f4mico e Direitos da Pessoa com Defici\u00eancia.<\/p>\n\n\n\n<p><strong><em><strong><em><strong><em><strong><em><strong><em><strong><em><strong><em><strong><em><strong>Siga nossas redes sociais no\u00a0<a href=\"https:\/\/www.instagram.com\/ronipaparazzi\/\">Instagram\u00a0<\/a>e\u00a0<a href=\"https:\/\/www.facebook.com\/ronipaparazzicomvoce\">Facebook<\/a>\u00a0participe da nossa comunidade do Canal Roni Paparazzi no Whatsapp e receba as principais not\u00edcias da regi\u00e3o de Ara\u00e7atuba do dia direto no seu celular.<\/strong>\u00a0<a href=\"https:\/\/chat.whatsapp.com\/GsG1XKo0jPOEfjzudWQcml\" target=\"_blank\" rel=\"noreferrer noopener\">\u00a0Clique aqui e se inscreva.<\/a><\/em><\/strong><\/em><\/strong><\/em><\/strong><\/em><\/strong><\/em><\/strong><\/em><\/strong><\/em><\/strong><\/em><\/strong><\/p>\n","protected":false},"excerpt":{"rendered":"<p>O primeiro semestre de 2024 foi o mais letal para o pedestre nos \u00faltimos cinco anos no estado de S\u00e3o Paulo, segundo as estat\u00edsticas do Infosiga, portal de dados vi\u00e1rios do Departamento Estadual de Tr\u00e2nsito de S\u00e3o Paulo (Detran-SP). Foram 700 mortes, contra 585 no mesmo per\u00edodo do ano passado, 678 \u00f3bitos de janeiro a &hellip;<\/p>\n","protected":false},"author":1,"featured_media":11159,"comment_status":"open","ping_status":"open","sticky":false,"template":"","format":"standard","meta":{"_jetpack_memberships_contains_paid_content":false,"footnotes":"","jetpack_publicize_message":"","jetpack_publicize_feature_enabled":true,"jetpack_social_post_already_shared":false,"jetpack_social_options":{"image_generator_settings":{"template":"highway","default_image_id":0,"enabled":false},"version":2}},"categories":[4],"tags":[],"class_list":["post-11158","post","type-post","status-publish","format-standard","has-post-thumbnail","hentry","category-regiao"],"jetpack_publicize_connections":[],"jetpack_featured_media_url":"https:\/\/i0.wp.com\/www.paparazzinews.com.br\/wp-content\/uploads\/2024\/08\/pedestres.png?fit=839%2C465&ssl=1","views":"2361","jetpack_likes_enabled":true,"jetpack_sharing_enabled":true,"_links":{"self":[{"href":"https:\/\/www.paparazzinews.com.br\/index.php?rest_route=\/wp\/v2\/posts\/11158","targetHints":{"allow":["GET"]}}],"collection":[{"href":"https:\/\/www.paparazzinews.com.br\/index.php?rest_route=\/wp\/v2\/posts"}],"about":[{"href":"https:\/\/www.paparazzinews.com.br\/index.php?rest_route=\/wp\/v2\/types\/post"}],"author":[{"embeddable":true,"href":"https:\/\/www.paparazzinews.com.br\/index.php?rest_route=\/wp\/v2\/users\/1"}],"replies":[{"embeddable":true,"href":"https:\/\/www.paparazzinews.com.br\/index.php?rest_route=%2Fwp%2Fv2%2Fcomments&post=11158"}],"version-history":[{"count":1,"href":"https:\/\/www.paparazzinews.com.br\/index.php?rest_route=\/wp\/v2\/posts\/11158\/revisions"}],"predecessor-version":[{"id":11160,"href":"https:\/\/www.paparazzinews.com.br\/index.php?rest_route=\/wp\/v2\/posts\/11158\/revisions\/11160"}],"wp:featuredmedia":[{"embeddable":true,"href":"https:\/\/www.paparazzinews.com.br\/index.php?rest_route=\/wp\/v2\/media\/11159"}],"wp:attachment":[{"href":"https:\/\/www.paparazzinews.com.br\/index.php?rest_route=%2Fwp%2Fv2%2Fmedia&parent=11158"}],"wp:term":[{"taxonomy":"category","embeddable":true,"href":"https:\/\/www.paparazzinews.com.br\/index.php?rest_route=%2Fwp%2Fv2%2Fcategories&post=11158"},{"taxonomy":"post_tag","embeddable":true,"href":"https:\/\/www.paparazzinews.com.br\/index.php?rest_route=%2Fwp%2Fv2%2Ftags&post=11158"}],"curies":[{"name":"wp","href":"https:\/\/api.w.org\/{rel}","templated":true}]}}