{"id":11155,"date":"2024-08-07T13:45:18","date_gmt":"2024-08-07T16:45:18","guid":{"rendered":"https:\/\/www.paparazzinews.com.br\/?p=11155"},"modified":"2024-08-07T13:45:19","modified_gmt":"2024-08-07T16:45:19","slug":"crime-organizado-forcas-de-seguranca-prendem-lider-do-pcc-lacram-imoveis-e-fecham-pontos-de-droga","status":"publish","type":"post","link":"https:\/\/www.paparazzinews.com.br\/?p=11155","title":{"rendered":"CRIME ORGANIZADO: For\u00e7as de Seguran\u00e7a prendem l\u00edder do PCC, lacram im\u00f3veis e fecham pontos de droga"},"content":{"rendered":"\n<p>O Governo de S\u00e3o Paulo apresentou no in\u00edcio da tarde desta ter\u00e7a-feira (6) o balan\u00e7o preliminar da&nbsp;<a href=\"https:\/\/www.saopaulo.sp.gov.br\/spnoticias\/ultimas-noticias\/forcas-de-seguranca-do-estado-de-sp-deflagram-operacao-integrada-de-combate-ao-trafico\/\">Opera\u00e7\u00e3o Salus et Dignitas<\/a>, realizada no centro de S\u00e3o Paulo para desarticular a log\u00edstica do crime organizado em diferentes pontos da regi\u00e3o. O governador Tarc\u00edsio de Freitas, em coletiva no Centro de Opera\u00e7\u00f5es da Pol\u00edcia Militar (Copom), destacou o trabalho integrado entre as for\u00e7as de seguran\u00e7a do Estado, \u00f3rg\u00e3os das esferas municipal e federal, al\u00e9m do Grupo de Atua\u00e7\u00e3o Especial de Combate ao Crime Organizado (Gaeco) do Minist\u00e9rio P\u00fablico Estadual.<\/p>\n\n\n\n<p>\u201c\u00c9 um trabalho exaustivo para tentar abordar a quest\u00e3o do crime organizado no centro de S\u00e3o Paulo de forma diferente. Nessa opera\u00e7\u00e3o, atacamos o ecossistema do crime que alimenta o tr\u00e1fico de drogas. O objetivo era uma abordagem abrangente, integral, que desmantelasse sistemas de monitoramento e comunica\u00e7\u00e3o desses criminosos\u201d, afirmou o governador Tarc\u00edsio de Freitas.<\/p>\n\n\n\n<p>\u201cA a\u00e7\u00e3o de hoje \u00e9 uma grande coopera\u00e7\u00e3o entre o Minist\u00e9rio P\u00fablico do Estado de S\u00e3o Paulo, Receita Federal, Pol\u00edcia Rodovi\u00e1ria Federal, Anatel e muitos outros que atuaram para desarticular diversos pontos de apoio do PCC, afetando diretamente a atua\u00e7\u00e3o do crime e do tr\u00e1fico na Capital. O objetivo \u00e9 desidratar esse movimento, interrompendo os canais de log\u00edstica.\u201d, destacou o governador.<\/p>\n\n\n\n<p>A opera\u00e7\u00e3o \u00e9 resultado de mais de um ano de trabalho de intelig\u00eancia e investiga\u00e7\u00e3o das for\u00e7as de seguran\u00e7a do Estado. Ao todo, cinco mandados de pris\u00e3o foram cumpridos, entre eles o de Leonardo Monteiro Moja, que foi preso na Praia Grande. Conhecido como Leo do Moinho, ele \u00e9 um dos l\u00edderes do PCC e apontado como propriet\u00e1rio de hot\u00e9is e estabelecimentos no centro da capital. Os locais eram registrados em nome de laranjas e funcionavam como pontos de tr\u00e1fico de drogas. Mais cinco pessoas foram presas em flagrante e outras tr\u00eas foram detidas para averigua\u00e7\u00e3o.<\/p>\n\n\n\n<p>Deflagrada no in\u00edcio da manh\u00e3, a a\u00e7\u00e3o, ainda em andamento, visa ao cumprimento de 117 mandados de busca e apreens\u00e3o, 7 de pris\u00e3o, 46 de sequestro e bloqueio de bens e suspens\u00e3o de atividade econ\u00f4mica de 44 pr\u00e9dios comerciais. Al\u00e9m da perda da licen\u00e7a, os im\u00f3veis ser\u00e3o lacrados pelas autoridades municipais para garantir que a atividade il\u00edcita n\u00e3o volte a ser praticada no local. Entre os locais est\u00e3o hot\u00e9is, hospedarias, ferro velhos, estacionamentos e com\u00e9rcios de celulares e outros produtos. Um efetivo de 1.359 agentes p\u00fablicos, 327 viaturas, duas aeronaves e 30 c\u00e3es farejadores se envolveram na opera\u00e7\u00e3o.<\/p>\n\n\n\n<figure class=\"wp-block-image\" id=\"attachment_5928860\"><a href=\"https:\/\/i0.wp.com\/www.saopaulo.sp.gov.br\/wp-content\/uploads\/2024\/08\/00055743.jpg?ssl=1\"><img data-recalc-dims=\"1\" height=\"531\" width=\"708\" decoding=\"async\" src=\"https:\/\/i0.wp.com\/www.saopaulo.sp.gov.br\/wp-content\/uploads\/2024\/08\/00055743-1024x768.jpg?resize=708%2C531&#038;ssl=1\" alt=\"\" class=\"wp-image-5928860\"\/><\/a><figcaption class=\"wp-element-caption\">Batizada de Salus et Dignitas, a a\u00e7\u00e3o consiste no cumprimento de 117 mandados de busca e apreens\u00e3o, 7 de pris\u00e3o, 46 de sequestro e bloqueio de bens e suspens\u00e3o de atividade econ\u00f4mica de 44 pr\u00e9dios comerciais<\/figcaption><\/figure>\n\n\n\n<p>As investiga\u00e7\u00f5es mostraram tamb\u00e9m a exist\u00eancia de um esquema que explorava o trabalho de dependentes qu\u00edmicos, em regime an\u00e1logo \u00e0 escravid\u00e3o, em ferros-velhos e empresas de reciclagem. Em troca de \u00e1lcool ou drogas, essas pessoas cometiam roubos e furtos e entregavam os produtos il\u00edcitos aos respons\u00e1veis pelos estabelecimentos.<\/p>\n\n\n\n<p>As for\u00e7as de seguran\u00e7a tamb\u00e9m realizaram uma grande a\u00e7\u00e3o na Favela do Moinho. De acordo com as investiga\u00e7\u00f5es, o local tem sido usado como bunker do crime organizado. Uma grande quantidade de drogas foi apreendida.<\/p>\n\n\n\n<p>Durante a mega opera\u00e7\u00e3o na regi\u00e3o central, foram apreendidos cerca de R$ 156 mil em dinheiro, 122 celulares, 119 computadores, HDs e UBSs, uma arma, 12 muni\u00e7\u00f5es e 10 kg de entorpecentes em 58 locais patrulhados. As a\u00e7\u00f5es tamb\u00e9m inclu\u00edram a remo\u00e7\u00e3o de 78 ve\u00edculos e 12 fiscaliza\u00e7\u00f5es ambientais, que resultaram em uma autua\u00e7\u00e3o.<\/p>\n\n\n\n<h2 class=\"wp-block-heading\">A\u00e7\u00f5es sociais na regi\u00e3o<\/h2>\n\n\n\n<p>O Governo de SP montou uma grande rede de atendimento \u00e0s pessoas que est\u00e3o alocadas nos im\u00f3veis que s\u00e3o alvo da opera\u00e7\u00e3o. Em parceria com a Prefeitura de S\u00e3o Paulo, o estado reuniu uma equipe multidisciplinar com profissionais de sa\u00fade e assist\u00eancia social para atender moradores dos im\u00f3veis que foram alvo da opera\u00e7\u00e3o. As fam\u00edlias est\u00e3o sendo encaminhadas para equipamentos como a Central Integrada de Aten\u00e7\u00e3o e Acolhimento, montado na Rua Guaianazes, 1.112, que tamb\u00e9m vai servir cerca de 200 refei\u00e7\u00f5es do Bom Prato e abrigar uma unidade m\u00f3vel do Poupatempo para emiss\u00e3o de documentos e mais 3 mil servi\u00e7os.<\/p>\n\n\n\n<p>O Servi\u00e7o Estadual de Acolhimento da Secretaria de Estado de Desenvolvimento Social, na Pra\u00e7a da S\u00e9, tamb\u00e9m disponibilizou mais de 200 vagas para suporte \u00e0s fam\u00edlias. Todos receber\u00e3o kits de higiene, cobertores e roupas organizados pelas equipes do Fundo Social de S\u00e3o Paulo e da Defesa Civil do Estado. A casa de passagem funcionar\u00e1 a partir das 12h e ser\u00e1 um servi\u00e7o de retaguarda e acolhimento.<\/p>\n\n\n\n<p>Os dependentes qu\u00edmicos ter\u00e3o atendimento \u00e0 disposi\u00e7\u00e3o em equipamentos como o Hub de Cuidados em Crack e Outras Drogas, unidades de sa\u00fade, casas terap\u00eauticas e abrigos de passagem.<\/p>\n\n\n\n<p>As a\u00e7\u00f5es, em parcerias com a Prefeitura da Capital, ocorrem por meio das secretarias de Estado de Desenvolvimento Social, Sa\u00fade, Fazenda e Planejamento, Justi\u00e7a e Cidadania, Desenvolvimento Urbano e Habita\u00e7\u00e3o, Gest\u00e3o e Governo Digital, Defesa Civil do Estado e do Fundo Social de S\u00e3o Paulo.<\/p>\n\n\n\n<p><strong><em><strong><em><strong><em><strong><em><strong><em><strong><em><strong><em><strong><em><strong>Siga nossas redes sociais no&nbsp;<a href=\"https:\/\/www.instagram.com\/ronipaparazzi\/\">Instagram&nbsp;<\/a>e&nbsp;<a href=\"https:\/\/www.facebook.com\/ronipaparazzicomvoce\">Facebook<\/a>&nbsp;participe da nossa comunidade do Canal Roni Paparazzi no Whatsapp e receba as principais not\u00edcias da regi\u00e3o de Ara\u00e7atuba do dia direto no seu celular.<\/strong>&nbsp;<a href=\"https:\/\/chat.whatsapp.com\/GsG1XKo0jPOEfjzudWQcml\" target=\"_blank\" rel=\"noreferrer noopener\">&nbsp;Clique aqui e se inscreva.<\/a><\/em><\/strong><\/em><\/strong><\/em><\/strong><\/em><\/strong><\/em><\/strong><\/em><\/strong><\/em><\/strong><\/em><\/strong><\/p>\n\n\n\n<p><a href=\"https:\/\/www.paparazzinews.com.br\/wp-admin\/post.php?post=11152&amp;action=edit\"><\/a><\/p>\n","protected":false},"excerpt":{"rendered":"<p>O Governo de S\u00e3o Paulo apresentou no in\u00edcio da tarde desta ter\u00e7a-feira (6) o balan\u00e7o preliminar da&nbsp;Opera\u00e7\u00e3o Salus et Dignitas, realizada no centro de S\u00e3o Paulo para desarticular a log\u00edstica do crime organizado em diferentes pontos da regi\u00e3o. O governador Tarc\u00edsio de Freitas, em coletiva no Centro de Opera\u00e7\u00f5es da Pol\u00edcia Militar (Copom), destacou o &hellip;<\/p>\n","protected":false},"author":1,"featured_media":11156,"comment_status":"open","ping_status":"open","sticky":false,"template":"","format":"standard","meta":{"_jetpack_memberships_contains_paid_content":false,"footnotes":"","jetpack_publicize_message":"","jetpack_publicize_feature_enabled":true,"jetpack_social_post_already_shared":false,"jetpack_social_options":{"image_generator_settings":{"template":"highway","default_image_id":0,"enabled":false},"version":2}},"categories":[3],"tags":[],"class_list":["post-11155","post","type-post","status-publish","format-standard","has-post-thumbnail","hentry","category-policial"],"jetpack_publicize_connections":[],"jetpack_featured_media_url":"https:\/\/i0.wp.com\/www.paparazzinews.com.br\/wp-content\/uploads\/2024\/08\/53906617498_2b88a7ecfb_k-1024x683-1.jpg?fit=1024%2C683&ssl=1","views":"2268","jetpack_likes_enabled":true,"jetpack_sharing_enabled":true,"_links":{"self":[{"href":"https:\/\/www.paparazzinews.com.br\/index.php?rest_route=\/wp\/v2\/posts\/11155","targetHints":{"allow":["GET"]}}],"collection":[{"href":"https:\/\/www.paparazzinews.com.br\/index.php?rest_route=\/wp\/v2\/posts"}],"about":[{"href":"https:\/\/www.paparazzinews.com.br\/index.php?rest_route=\/wp\/v2\/types\/post"}],"author":[{"embeddable":true,"href":"https:\/\/www.paparazzinews.com.br\/index.php?rest_route=\/wp\/v2\/users\/1"}],"replies":[{"embeddable":true,"href":"https:\/\/www.paparazzinews.com.br\/index.php?rest_route=%2Fwp%2Fv2%2Fcomments&post=11155"}],"version-history":[{"count":1,"href":"https:\/\/www.paparazzinews.com.br\/index.php?rest_route=\/wp\/v2\/posts\/11155\/revisions"}],"predecessor-version":[{"id":11157,"href":"https:\/\/www.paparazzinews.com.br\/index.php?rest_route=\/wp\/v2\/posts\/11155\/revisions\/11157"}],"wp:featuredmedia":[{"embeddable":true,"href":"https:\/\/www.paparazzinews.com.br\/index.php?rest_route=\/wp\/v2\/media\/11156"}],"wp:attachment":[{"href":"https:\/\/www.paparazzinews.com.br\/index.php?rest_route=%2Fwp%2Fv2%2Fmedia&parent=11155"}],"wp:term":[{"taxonomy":"category","embeddable":true,"href":"https:\/\/www.paparazzinews.com.br\/index.php?rest_route=%2Fwp%2Fv2%2Fcategories&post=11155"},{"taxonomy":"post_tag","embeddable":true,"href":"https:\/\/www.paparazzinews.com.br\/index.php?rest_route=%2Fwp%2Fv2%2Ftags&post=11155"}],"curies":[{"name":"wp","href":"https:\/\/api.w.org\/{rel}","templated":true}]}}