{"id":11152,"date":"2024-08-07T13:37:36","date_gmt":"2024-08-07T16:37:36","guid":{"rendered":"https:\/\/www.paparazzinews.com.br\/?p=11152"},"modified":"2024-08-07T13:37:37","modified_gmt":"2024-08-07T16:37:37","slug":"estado-de-sp-prorroga-ate-13-de-agosto-as-inscricoes-para-professores-do-ensino-tecnico-escola-de-castilho-tem-vagas","status":"publish","type":"post","link":"https:\/\/www.paparazzinews.com.br\/?p=11152","title":{"rendered":"Estado de SP prorroga at\u00e9 13 de agosto as inscri\u00e7\u00f5es para professores do ensino t\u00e9cnico, escola de Castilho tem vagas"},"content":{"rendered":"\n<p>A Secretaria da Educa\u00e7\u00e3o do Estado de S\u00e3o Paulo (Seduc-SP) ampliou o prazo de inscri\u00e7\u00f5es para profissionais interessados em atuar como professores do Ensino M\u00e9dio T\u00e9cnico nas escolas da rede estadual a partir de 2025. O prazo final para cadastro, inicialmente marcado para a segunda-feira (5), foi prorrogado para a pr\u00f3xima ter\u00e7a-feira (13). S\u00e3o 3 mil oportunidades de emprego para o pr\u00f3ximo ano letivo.<\/p>\n\n\n\n<p>No edital do processo seletivo, dispon\u00edvel no portal da Seduc-SP, profissionais formados em diferentes \u00e1reas podem checar se est\u00e3o aptos a lecionar em um dos nove cursos t\u00e9cnicos oferecidos nas escolas estaduais: administra\u00e7\u00e3o, agroneg\u00f3cio, ci\u00eancia de dados, desenvolvimento de sistemas, enfermagem, farm\u00e1cia, hospedagem, log\u00edstica e vendas.<\/p>\n\n\n\n<p>Em S\u00e3o Paulo, a remunera\u00e7\u00e3o dos professores de ensino t\u00e9cnico \u00e9 de R$ 5.300 para jornada de 40 horas semanais e de R$ 3.312,50 para jornada de 25 horas semanais.<\/p>\n\n\n\n<p>Para o ano que vem, a secretaria deve expandir em quase 140% o n\u00famero de vagas no ensino t\u00e9cnico para estudantes do Ensino M\u00e9dio.<\/p>\n\n\n\n<p>Para se inscrever no processo seletivo, profissionais interessados devem se cadastrar no site da FGV, respons\u00e1vel pela prova de sele\u00e7\u00e3o, no&nbsp;<a href=\"https:\/\/conhecimento.fgv.br\/concursos\/seducsp24\" target=\"_blank\" rel=\"noreferrer noopener\">link&nbsp;<\/a><\/p>\n\n\n\n<p>O candidato deve escolher uma Diretoria de Ensino de sua prefer\u00eancia entre as 91 regionais de todo o estado para eventual aloca\u00e7\u00e3o. Dever\u00e1 tamb\u00e9m indicar um Eixo de Prova, de acordo com os cursos em que pretende lecionar.<\/p>\n\n\n\n<p><strong><em><strong><em><strong><em><strong><em><strong><em><strong><em><strong><em><strong><em><strong>Siga nossas redes sociais no\u00a0<a href=\"https:\/\/www.instagram.com\/ronipaparazzi\/\">Instagram\u00a0<\/a>e\u00a0<a href=\"https:\/\/www.facebook.com\/ronipaparazzicomvoce\">Facebook<\/a>\u00a0participe da nossa comunidade do Canal Roni Paparazzi no Whatsapp e receba as principais not\u00edcias da regi\u00e3o de Ara\u00e7atuba do dia direto no seu celular.<\/strong>\u00a0<a href=\"https:\/\/chat.whatsapp.com\/GsG1XKo0jPOEfjzudWQcml\" target=\"_blank\" rel=\"noreferrer noopener\">\u00a0Clique aqui e se inscreva.<\/a><\/em><\/strong><\/em><\/strong><\/em><\/strong><\/em><\/strong><\/em><\/strong><\/em><\/strong><\/em><\/strong><\/em><\/strong><\/p>\n","protected":false},"excerpt":{"rendered":"<p>A Secretaria da Educa\u00e7\u00e3o do Estado de S\u00e3o Paulo (Seduc-SP) ampliou o prazo de inscri\u00e7\u00f5es para profissionais interessados em atuar como professores do Ensino M\u00e9dio T\u00e9cnico nas escolas da rede estadual a partir de 2025. O prazo final para cadastro, inicialmente marcado para a segunda-feira (5), foi prorrogado para a pr\u00f3xima ter\u00e7a-feira (13). S\u00e3o 3 &hellip;<\/p>\n","protected":false},"author":1,"featured_media":11153,"comment_status":"open","ping_status":"open","sticky":false,"template":"","format":"standard","meta":{"_jetpack_memberships_contains_paid_content":false,"footnotes":"","jetpack_publicize_message":"","jetpack_publicize_feature_enabled":true,"jetpack_social_post_already_shared":false,"jetpack_social_options":{"image_generator_settings":{"template":"highway","default_image_id":0,"enabled":false},"version":2}},"categories":[4],"tags":[],"class_list":["post-11152","post","type-post","status-publish","format-standard","has-post-thumbnail","hentry","category-regiao"],"jetpack_publicize_connections":[],"jetpack_featured_media_url":"https:\/\/i0.wp.com\/www.paparazzinews.com.br\/wp-content\/uploads\/2024\/08\/educacao-professores-768x512-1.jpg?fit=768%2C512&ssl=1","views":"2296","jetpack_likes_enabled":true,"jetpack_sharing_enabled":true,"_links":{"self":[{"href":"https:\/\/www.paparazzinews.com.br\/index.php?rest_route=\/wp\/v2\/posts\/11152","targetHints":{"allow":["GET"]}}],"collection":[{"href":"https:\/\/www.paparazzinews.com.br\/index.php?rest_route=\/wp\/v2\/posts"}],"about":[{"href":"https:\/\/www.paparazzinews.com.br\/index.php?rest_route=\/wp\/v2\/types\/post"}],"author":[{"embeddable":true,"href":"https:\/\/www.paparazzinews.com.br\/index.php?rest_route=\/wp\/v2\/users\/1"}],"replies":[{"embeddable":true,"href":"https:\/\/www.paparazzinews.com.br\/index.php?rest_route=%2Fwp%2Fv2%2Fcomments&post=11152"}],"version-history":[{"count":1,"href":"https:\/\/www.paparazzinews.com.br\/index.php?rest_route=\/wp\/v2\/posts\/11152\/revisions"}],"predecessor-version":[{"id":11154,"href":"https:\/\/www.paparazzinews.com.br\/index.php?rest_route=\/wp\/v2\/posts\/11152\/revisions\/11154"}],"wp:featuredmedia":[{"embeddable":true,"href":"https:\/\/www.paparazzinews.com.br\/index.php?rest_route=\/wp\/v2\/media\/11153"}],"wp:attachment":[{"href":"https:\/\/www.paparazzinews.com.br\/index.php?rest_route=%2Fwp%2Fv2%2Fmedia&parent=11152"}],"wp:term":[{"taxonomy":"category","embeddable":true,"href":"https:\/\/www.paparazzinews.com.br\/index.php?rest_route=%2Fwp%2Fv2%2Fcategories&post=11152"},{"taxonomy":"post_tag","embeddable":true,"href":"https:\/\/www.paparazzinews.com.br\/index.php?rest_route=%2Fwp%2Fv2%2Ftags&post=11152"}],"curies":[{"name":"wp","href":"https:\/\/api.w.org\/{rel}","templated":true}]}}