{"id":11133,"date":"2024-08-06T13:20:07","date_gmt":"2024-08-06T16:20:07","guid":{"rendered":"https:\/\/www.paparazzinews.com.br\/?p=11133"},"modified":"2024-08-06T13:20:08","modified_gmt":"2024-08-06T16:20:08","slug":"forcas-de-seguranca-do-estado-de-sp-deflagram-operacao-integrada-de-combate-ao-trafico-mais-de-200-mps-sao-cumpridos","status":"publish","type":"post","link":"https:\/\/www.paparazzinews.com.br\/?p=11133","title":{"rendered":"For\u00e7as de seguran\u00e7a do Estado de SP deflagram opera\u00e7\u00e3o integrada de combate ao tr\u00e1fico, mais de 200 MPs s\u00e3o cumpridos"},"content":{"rendered":"\n<p>As for\u00e7as de seguran\u00e7a do Estado de S\u00e3o Paulo, em parceria com o Grupo de Atua\u00e7\u00e3o Especial de Combate ao Crime Organizado (Gaeco) do Minist\u00e9rio P\u00fablico Estadual e a prefeitura da capital, realizam nesta ter\u00e7a-feira (6) uma opera\u00e7\u00e3o integrada com foco na desarticula\u00e7\u00e3o da log\u00edstica do crime organizado em diferentes pontos da regi\u00e3o central da capital paulista.<\/p>\n\n\n\n<p>Batizada de Salus et Dignitas, a a\u00e7\u00e3o consiste no cumprimento de 117 mandados de busca e apreens\u00e3o, 7 de pris\u00e3o, 46 de sequestro e bloqueio de bens e suspens\u00e3o de atividade econ\u00f4mica de 44 pr\u00e9dios comerciais. Al\u00e9m da perda da licen\u00e7a, os im\u00f3veis ser\u00e3o lacrados pelas autoridades municipais para garantir que a atividade il\u00edcita n\u00e3o volte a acontecer no local.<\/p>\n\n\n\n<p>Uma equipe multidisciplinar, composta por profissionais de sa\u00fade e da assist\u00eancia social, ser\u00e1 a respons\u00e1vel pelo atendimento \u00e0s fam\u00edlias que est\u00e3o alocadas nos im\u00f3veis que s\u00e3o alvo da opera\u00e7\u00e3o. Ap\u00f3s o acolhimento inicial e a triagem, as pessoas ser\u00e3o encaminhadas aos equipamentos do estado e do munic\u00edpio, como a Central Integrada de Aten\u00e7\u00e3o e Acolhimento, o Hub de Cuidados em Crack e Outras Drogas, unidades de sa\u00fade e abrigos de passagem, de acordo com a necessidade de cada um.<\/p>\n\n\n\n<figure class=\"wp-block-image\" id=\"attachment_5928863\"><a href=\"https:\/\/i0.wp.com\/www.saopaulo.sp.gov.br\/wp-content\/uploads\/2024\/08\/00055744.jpg?ssl=1\"><img data-recalc-dims=\"1\" height=\"531\" width=\"708\" decoding=\"async\" src=\"https:\/\/i0.wp.com\/www.saopaulo.sp.gov.br\/wp-content\/uploads\/2024\/08\/00055744-1024x768.jpg?resize=708%2C531&#038;ssl=1\" alt=\"\" class=\"wp-image-5928863\"\/><\/a><figcaption class=\"wp-element-caption\">For\u00e7as de seguran\u00e7a do Estado de S\u00e3o Paulo, em parceria com o Grupo de Atua\u00e7\u00e3o Especial de Combate ao Crime Organizado (Gaeco) do Minist\u00e9rio P\u00fablico Estadual e a Prefeitura da capital, realizam nesta ter\u00e7a-feira (6) uma opera\u00e7\u00e3o integrada<\/figcaption><\/figure>\n\n\n\n<p>A opera\u00e7\u00e3o contar\u00e1 tamb\u00e9m com a\u00e7\u00f5es integradas de outras pastas do Governo de SP e da Prefeitura de S\u00e3o Paulo para a emiss\u00e3o de documentos, alimenta\u00e7\u00e3o, distribui\u00e7\u00e3o de kits com roupas e produtos de higiene pessoal. Entre esses \u00f3rg\u00e3os est\u00e3o as secretarias de Desenvolvimento Social, Desenvolvimento Urbano e Habita\u00e7\u00e3o, Fazenda e Planejamento, Sa\u00fade, Gest\u00e3o e Governo Digital, Justi\u00e7a e Cidadania, da Defesa Civil do Estado e do Fundo Social de S\u00e3o Paulo.<\/p>\n\n\n\n<p>Planejada ao longo do ano pelos centros de intelig\u00eancia das for\u00e7as de seguran\u00e7a e Gaeco, a opera\u00e7\u00e3o conta com a participa\u00e7\u00e3o de mais de mil agentes das policiais civis e militares, al\u00e9m de rodovi\u00e1rios federais, promotores p\u00fablicos e representantes das subprefeituras da capital e do Minist\u00e9rio do Trabalho e Emprego (MTE). O efetivo \u00e9 apoiado por viaturas, helic\u00f3pteros, drones e c\u00e3es farejadores do 5\u00ba BPChoque (Canil) e de pelo menos outros tr\u00eas batalh\u00f5es da pol\u00edcia.<\/p>\n\n\n\n<p><strong><em><strong><em><strong><em><strong><em><strong><em><strong><em><strong><em><strong><em><strong>Siga nossas redes sociais no\u00a0<a href=\"https:\/\/www.instagram.com\/ronipaparazzi\/\">Instagram\u00a0<\/a>e\u00a0<a href=\"https:\/\/www.facebook.com\/ronipaparazzicomvoce\">Facebook<\/a>\u00a0participe da nossa comunidade do Canal Roni Paparazzi no Whatsapp e receba as principais not\u00edcias da regi\u00e3o de Ara\u00e7atuba do dia direto no seu celular.<\/strong>\u00a0<a href=\"https:\/\/chat.whatsapp.com\/GsG1XKo0jPOEfjzudWQcml\" target=\"_blank\" rel=\"noreferrer noopener\">\u00a0Clique aqui e se inscreva.<\/a><\/em><\/strong><\/em><\/strong><\/em><\/strong><\/em><\/strong><\/em><\/strong><\/em><\/strong><\/em><\/strong><\/em><\/strong><\/p>\n","protected":false},"excerpt":{"rendered":"<p>As for\u00e7as de seguran\u00e7a do Estado de S\u00e3o Paulo, em parceria com o Grupo de Atua\u00e7\u00e3o Especial de Combate ao Crime Organizado (Gaeco) do Minist\u00e9rio P\u00fablico Estadual e a prefeitura da capital, realizam nesta ter\u00e7a-feira (6) uma opera\u00e7\u00e3o integrada com foco na desarticula\u00e7\u00e3o da log\u00edstica do crime organizado em diferentes pontos da regi\u00e3o central da &hellip;<\/p>\n","protected":false},"author":1,"featured_media":11134,"comment_status":"open","ping_status":"open","sticky":false,"template":"","format":"standard","meta":{"_jetpack_memberships_contains_paid_content":false,"footnotes":"","jetpack_publicize_message":"","jetpack_publicize_feature_enabled":true,"jetpack_social_post_already_shared":false,"jetpack_social_options":{"image_generator_settings":{"template":"highway","default_image_id":0,"enabled":false},"version":2}},"categories":[3],"tags":[],"class_list":["post-11133","post","type-post","status-publish","format-standard","has-post-thumbnail","hentry","category-policial"],"jetpack_publicize_connections":[],"jetpack_featured_media_url":"https:\/\/i0.wp.com\/www.paparazzinews.com.br\/wp-content\/uploads\/2024\/08\/00055743-1024x768-1.jpg?fit=1024%2C768&ssl=1","views":"2215","jetpack_likes_enabled":true,"jetpack_sharing_enabled":true,"_links":{"self":[{"href":"https:\/\/www.paparazzinews.com.br\/index.php?rest_route=\/wp\/v2\/posts\/11133","targetHints":{"allow":["GET"]}}],"collection":[{"href":"https:\/\/www.paparazzinews.com.br\/index.php?rest_route=\/wp\/v2\/posts"}],"about":[{"href":"https:\/\/www.paparazzinews.com.br\/index.php?rest_route=\/wp\/v2\/types\/post"}],"author":[{"embeddable":true,"href":"https:\/\/www.paparazzinews.com.br\/index.php?rest_route=\/wp\/v2\/users\/1"}],"replies":[{"embeddable":true,"href":"https:\/\/www.paparazzinews.com.br\/index.php?rest_route=%2Fwp%2Fv2%2Fcomments&post=11133"}],"version-history":[{"count":1,"href":"https:\/\/www.paparazzinews.com.br\/index.php?rest_route=\/wp\/v2\/posts\/11133\/revisions"}],"predecessor-version":[{"id":11135,"href":"https:\/\/www.paparazzinews.com.br\/index.php?rest_route=\/wp\/v2\/posts\/11133\/revisions\/11135"}],"wp:featuredmedia":[{"embeddable":true,"href":"https:\/\/www.paparazzinews.com.br\/index.php?rest_route=\/wp\/v2\/media\/11134"}],"wp:attachment":[{"href":"https:\/\/www.paparazzinews.com.br\/index.php?rest_route=%2Fwp%2Fv2%2Fmedia&parent=11133"}],"wp:term":[{"taxonomy":"category","embeddable":true,"href":"https:\/\/www.paparazzinews.com.br\/index.php?rest_route=%2Fwp%2Fv2%2Fcategories&post=11133"},{"taxonomy":"post_tag","embeddable":true,"href":"https:\/\/www.paparazzinews.com.br\/index.php?rest_route=%2Fwp%2Fv2%2Ftags&post=11133"}],"curies":[{"name":"wp","href":"https:\/\/api.w.org\/{rel}","templated":true}]}}