{"id":111,"date":"2022-06-22T13:43:15","date_gmt":"2022-06-22T16:43:15","guid":{"rendered":"https:\/\/www.paparazzinews.com.br\/?p=111"},"modified":"2022-06-22T13:43:16","modified_gmt":"2022-06-22T16:43:16","slug":"oab-promove-debate-sobre-o-fim-da-vigencia-da-suspensao-de-despejos","status":"publish","type":"post","link":"https:\/\/www.paparazzinews.com.br\/?p=111","title":{"rendered":"OAB promove debate sobre o fim da vig\u00eancia da suspens\u00e3o de despejos"},"content":{"rendered":"\n<p>A Ordem dos Advogados do Brasil se\u00e7\u00e3o S\u00e3o Paulo (OAB SP) promover\u00e1, na pr\u00f3xima sexta-feira (24), das 14h \u00e0s 18h, semin\u00e1rio sobre o fim da vig\u00eancia da suspens\u00e3o de despejos e desocupa\u00e7\u00f5es em \u00e1reas urbanas e rurais em raz\u00e3o da pandemia da Covid-19.<\/p>\n\n\n\n<p>O evento, que ser\u00e1 realizado de forma h\u00edbrida \u2013 na sede da Secional e com transmiss\u00e3o ao vivo pela WebTV OAB SP, no YouTube \u2013, debater\u00e1 os desafios e as poss\u00edveis solu\u00e7\u00f5es com o t\u00e9rmino do prazo da Argui\u00e7\u00e3o de Descumprimento de Preceito Fundamental (ADPF) 828, do Supremo Tribunal Federal (STF), prevista para 30 de junho de 2022. As inscri\u00e7\u00f5es s\u00e3o gratuitas e devem ser feitas por meio da plataforma Sympla [<a href=\"https:\/\/bit.ly\/3xBa8oM\" target=\"_blank\" rel=\"noreferrer noopener\">https:\/\/bit.ly\/3xBa8oM<\/a>].<\/p>\n\n\n\n<p>Promovido pelas comiss\u00f5es de Direitos Humanos, de Direito Urban\u00edstico e pela Secretaria Cultural da OAB SP, o semin\u00e1rio visa abrir um di\u00e1logo efetivo com o sistema de justi\u00e7a paulista, institutos, movimentos sociais e poder p\u00fablico estadual. Ap\u00f3s as exposi\u00e7\u00f5es sobre os problemas referentes ao fim da vig\u00eancia da ADPF 828, a OAB SP vai preparar um documento que ser\u00e1 apresentado \u00e0s autoridades dos Tr\u00eas Poderes do Estado, ao Conselho Nacional de Justi\u00e7a (CNJ) e&nbsp;ao pr\u00f3prio STF.<\/p>\n\n\n\n<p><a><\/a>Segundo o&nbsp;membro da Comiss\u00e3o de Direitos Humanos, Rildo&nbsp;Marques de Oliveira, cerca de 42 mil fam\u00edlias podem ser despejadas, devido ao t\u00e9rmino do prazo da Argui\u00e7\u00e3o. \u201cCom isso, o contingente de pessoas em situa\u00e7\u00e3o de rua pode ter um aumento sem precedentes\u201d, ressalta ele, que coordena o N\u00facleo de Movimentos Sociais e Popula\u00e7\u00e3o de Rua, da Secional paulista.<\/p>\n\n\n\n<p><strong>Servi\u00e7o<\/strong><\/p>\n\n\n\n<p>Semin\u00e1rio &#8220;O fim do prazo da ADPF 828 do STF: desafios e solu\u00e7\u00f5es a curto prazo&#8221;<\/p>\n\n\n\n<p>Quando: 24 de junho, das 14h \u00e0s 18h<\/p>\n\n\n\n<p>Onde: Rua Maria Paula, 35, Bela Vista, S\u00e3o Paulo (SP) \u2013 audit\u00f3rio do 2\u00aa andar<\/p>\n\n\n\n<p>Transmiss\u00e3o:&nbsp;<a href=\"http:\/\/youtube.com\/c\/webtvoabsp\" target=\"_blank\" rel=\"noreferrer noopener\">youtube.com\/c\/webtvoabsp<\/a><\/p>\n","protected":false},"excerpt":{"rendered":"<p>A Ordem dos Advogados do Brasil se\u00e7\u00e3o S\u00e3o Paulo (OAB SP) promover\u00e1, na pr\u00f3xima sexta-feira (24), das 14h \u00e0s 18h, semin\u00e1rio sobre o fim da vig\u00eancia da suspens\u00e3o de despejos e desocupa\u00e7\u00f5es em \u00e1reas urbanas e rurais em raz\u00e3o da pandemia da Covid-19. O evento, que ser\u00e1 realizado de forma h\u00edbrida \u2013 na sede da &hellip;<\/p>\n","protected":false},"author":1,"featured_media":112,"comment_status":"open","ping_status":"open","sticky":false,"template":"","format":"standard","meta":{"_jetpack_memberships_contains_paid_content":false,"footnotes":"","jetpack_publicize_message":"","jetpack_publicize_feature_enabled":true,"jetpack_social_post_already_shared":false,"jetpack_social_options":{"image_generator_settings":{"template":"highway","default_image_id":0,"enabled":false},"version":2}},"categories":[4],"tags":[],"class_list":["post-111","post","type-post","status-publish","format-standard","has-post-thumbnail","hentry","category-regiao"],"jetpack_publicize_connections":[],"jetpack_featured_media_url":"https:\/\/i0.wp.com\/www.paparazzinews.com.br\/wp-content\/uploads\/2022\/06\/Foto_Adobe-Stock.jpeg?fit=1024%2C680&ssl=1","views":"3329","jetpack_likes_enabled":true,"jetpack_sharing_enabled":true,"_links":{"self":[{"href":"https:\/\/www.paparazzinews.com.br\/index.php?rest_route=\/wp\/v2\/posts\/111","targetHints":{"allow":["GET"]}}],"collection":[{"href":"https:\/\/www.paparazzinews.com.br\/index.php?rest_route=\/wp\/v2\/posts"}],"about":[{"href":"https:\/\/www.paparazzinews.com.br\/index.php?rest_route=\/wp\/v2\/types\/post"}],"author":[{"embeddable":true,"href":"https:\/\/www.paparazzinews.com.br\/index.php?rest_route=\/wp\/v2\/users\/1"}],"replies":[{"embeddable":true,"href":"https:\/\/www.paparazzinews.com.br\/index.php?rest_route=%2Fwp%2Fv2%2Fcomments&post=111"}],"version-history":[{"count":1,"href":"https:\/\/www.paparazzinews.com.br\/index.php?rest_route=\/wp\/v2\/posts\/111\/revisions"}],"predecessor-version":[{"id":113,"href":"https:\/\/www.paparazzinews.com.br\/index.php?rest_route=\/wp\/v2\/posts\/111\/revisions\/113"}],"wp:featuredmedia":[{"embeddable":true,"href":"https:\/\/www.paparazzinews.com.br\/index.php?rest_route=\/wp\/v2\/media\/112"}],"wp:attachment":[{"href":"https:\/\/www.paparazzinews.com.br\/index.php?rest_route=%2Fwp%2Fv2%2Fmedia&parent=111"}],"wp:term":[{"taxonomy":"category","embeddable":true,"href":"https:\/\/www.paparazzinews.com.br\/index.php?rest_route=%2Fwp%2Fv2%2Fcategories&post=111"},{"taxonomy":"post_tag","embeddable":true,"href":"https:\/\/www.paparazzinews.com.br\/index.php?rest_route=%2Fwp%2Fv2%2Ftags&post=111"}],"curies":[{"name":"wp","href":"https:\/\/api.w.org\/{rel}","templated":true}]}}