{"id":11087,"date":"2024-08-05T16:56:24","date_gmt":"2024-08-05T19:56:24","guid":{"rendered":"https:\/\/www.paparazzinews.com.br\/?p=11087"},"modified":"2024-08-05T16:56:25","modified_gmt":"2024-08-05T19:56:25","slug":"educacao-de-sp-aplica-prova-de-recuperacao-para-estudantes-a-partir-de-segunda-5","status":"publish","type":"post","link":"https:\/\/www.paparazzinews.com.br\/?p=11087","title":{"rendered":"Educa\u00e7\u00e3o de SP aplica prova de recupera\u00e7\u00e3o para estudantes a partir de segunda (5)"},"content":{"rendered":"\n<p>A Secretaria da Educa\u00e7\u00e3o do Estado de S\u00e3o Paulo (Seduc-SP) aplica no in\u00edcio da pr\u00f3xima semana, segunda e ter\u00e7a-feira (5 e 6), as provas de recupera\u00e7\u00e3o para estudantes do 5\u00ba ano do Ensino Fundamental \u00e0 3\u00aa s\u00e9rie do Ensino M\u00e9dio. Dever\u00e3o fazer as provas os alunos que alcan\u00e7aram notas menores de cinco no primeiro e segundo bimestre deste ano.&nbsp;<a href=\"https:\/\/www.saopaulo.sp.gov.br\/spnoticias\/ultimas-noticias\/sp-tera-recuperacao-semestral-para-alunos-da-rede-estadual-com-baixo-rendimento\/\">As avalia\u00e7\u00f5es podem substituir a menor nota entre os dois primeiros bimestres do ano letivo.&nbsp;<\/a><\/p>\n\n\n\n<p>As provas ser\u00e3o aplicadas durante o hor\u00e1rio de aulas e todos os estudantes podem participar, independentemente se eles foram ou n\u00e3o encaminhados para as aulas de refor\u00e7o. As escolas t\u00eam autonomia para decidir os dias das provas de cada disciplina \u2013 no dia 5 ou 6. As aulas de recupera\u00e7\u00e3o foram ministradas na \u00faltima semana de aulas, no in\u00edcio do m\u00eas de julho, e nesta semana, desde o retorno do recesso, na segunda-feira (29).<\/p>\n\n\n\n<p>\u201cNossas escolas est\u00e3o fazendo um esfor\u00e7o muito grande para que os alunos n\u00e3o fiquem para tr\u00e1s. Aqueles alunos que est\u00e3o com defasagem, com nota vermelha, est\u00e3o no foco do trabalho dos nossos professores e escolas. Nesta semana, assim como no in\u00edcio do m\u00eas, os estudantes participam do refor\u00e7o para rever temas de maior dificuldade para que, a partir de segunda-feira, dia 5 de agosto, eles fa\u00e7am a prova de recupera\u00e7\u00e3o para superar suas notas vermelhas\u201d, afirma o secret\u00e1rio da Educa\u00e7\u00e3o, Renato Feder.<\/p>\n\n\n\n<p>Considerando que as notas da prova de recupera\u00e7\u00e3o tamb\u00e9m podem substituir uma das notas do primeiro ou segundo bimestre \u2014 mesmo para aqueles alunos que tiraram notas 6, 7 ou 8, por exemplo \u2014, todos os estudantes dos anos e s\u00e9ries avaliados poder\u00e3o ser beneficiados com a revis\u00e3o de notas e atualiza\u00e7\u00f5es do boletim escolar. Sendo assim, a prova poder\u00e1 ser feita por 2,5 milh\u00f5es de estudantes.&nbsp;<\/p>\n\n\n\n<p>Caso haja necessidade, a Seduc-SP definiu para os dias 8 e 9 de agosto a repescagem da recupera\u00e7\u00e3o.&nbsp;No final deste ano letivo, o refor\u00e7o e as provas de recupera\u00e7\u00e3o tamb\u00e9m ser\u00e3o oferecidos para aqueles com dificuldades no 3\u00ba e 4\u00ba bimestre.<\/p>\n\n\n\n<p><strong><em><strong><em><strong><em><strong><em><strong><em><strong><em><strong><em><strong><em><strong>Siga nossas redes sociais no\u00a0<a href=\"https:\/\/www.instagram.com\/ronipaparazzi\/\">Instagram\u00a0<\/a>e\u00a0<a href=\"https:\/\/www.facebook.com\/ronipaparazzicomvoce\">Facebook<\/a>\u00a0participe da nossa comunidade do Canal Roni Paparazzi no Whatsapp e receba as principais not\u00edcias da regi\u00e3o de Ara\u00e7atuba do dia direto no seu celular.<\/strong>\u00a0<a href=\"https:\/\/chat.whatsapp.com\/GsG1XKo0jPOEfjzudWQcml\" target=\"_blank\" rel=\"noreferrer noopener\">\u00a0Clique aqui e se inscreva.<\/a><\/em><\/strong><\/em><\/strong><\/em><\/strong><\/em><\/strong><\/em><\/strong><\/em><\/strong><\/em><\/strong><\/em><\/strong><\/p>\n","protected":false},"excerpt":{"rendered":"<p>A Secretaria da Educa\u00e7\u00e3o do Estado de S\u00e3o Paulo (Seduc-SP) aplica no in\u00edcio da pr\u00f3xima semana, segunda e ter\u00e7a-feira (5 e 6), as provas de recupera\u00e7\u00e3o para estudantes do 5\u00ba ano do Ensino Fundamental \u00e0 3\u00aa s\u00e9rie do Ensino M\u00e9dio. Dever\u00e3o fazer as provas os alunos que alcan\u00e7aram notas menores de cinco no primeiro e &hellip;<\/p>\n","protected":false},"author":1,"featured_media":11088,"comment_status":"open","ping_status":"open","sticky":false,"template":"","format":"standard","meta":{"_jetpack_memberships_contains_paid_content":false,"footnotes":"","jetpack_publicize_message":"","jetpack_publicize_feature_enabled":true,"jetpack_social_post_already_shared":false,"jetpack_social_options":{"image_generator_settings":{"template":"highway","default_image_id":0,"enabled":false},"version":2}},"categories":[4],"tags":[],"class_list":["post-11087","post","type-post","status-publish","format-standard","has-post-thumbnail","hentry","category-regiao"],"jetpack_publicize_connections":[],"jetpack_featured_media_url":"https:\/\/i0.wp.com\/www.paparazzinews.com.br\/wp-content\/uploads\/2024\/08\/educacao-scaled-1-e1722887775967.jpg?fit=1000%2C667&ssl=1","views":"1869","jetpack_likes_enabled":true,"jetpack_sharing_enabled":true,"_links":{"self":[{"href":"https:\/\/www.paparazzinews.com.br\/index.php?rest_route=\/wp\/v2\/posts\/11087","targetHints":{"allow":["GET"]}}],"collection":[{"href":"https:\/\/www.paparazzinews.com.br\/index.php?rest_route=\/wp\/v2\/posts"}],"about":[{"href":"https:\/\/www.paparazzinews.com.br\/index.php?rest_route=\/wp\/v2\/types\/post"}],"author":[{"embeddable":true,"href":"https:\/\/www.paparazzinews.com.br\/index.php?rest_route=\/wp\/v2\/users\/1"}],"replies":[{"embeddable":true,"href":"https:\/\/www.paparazzinews.com.br\/index.php?rest_route=%2Fwp%2Fv2%2Fcomments&post=11087"}],"version-history":[{"count":1,"href":"https:\/\/www.paparazzinews.com.br\/index.php?rest_route=\/wp\/v2\/posts\/11087\/revisions"}],"predecessor-version":[{"id":11089,"href":"https:\/\/www.paparazzinews.com.br\/index.php?rest_route=\/wp\/v2\/posts\/11087\/revisions\/11089"}],"wp:featuredmedia":[{"embeddable":true,"href":"https:\/\/www.paparazzinews.com.br\/index.php?rest_route=\/wp\/v2\/media\/11088"}],"wp:attachment":[{"href":"https:\/\/www.paparazzinews.com.br\/index.php?rest_route=%2Fwp%2Fv2%2Fmedia&parent=11087"}],"wp:term":[{"taxonomy":"category","embeddable":true,"href":"https:\/\/www.paparazzinews.com.br\/index.php?rest_route=%2Fwp%2Fv2%2Fcategories&post=11087"},{"taxonomy":"post_tag","embeddable":true,"href":"https:\/\/www.paparazzinews.com.br\/index.php?rest_route=%2Fwp%2Fv2%2Ftags&post=11087"}],"curies":[{"name":"wp","href":"https:\/\/api.w.org\/{rel}","templated":true}]}}