{"id":11081,"date":"2024-08-05T16:31:55","date_gmt":"2024-08-05T19:31:55","guid":{"rendered":"https:\/\/www.paparazzinews.com.br\/?p=11081"},"modified":"2024-08-05T16:31:56","modified_gmt":"2024-08-05T19:31:56","slug":"governo-de-sao-paulo-apresenta-projeto-que-cria-policia-penal-do-estado","status":"publish","type":"post","link":"https:\/\/www.paparazzinews.com.br\/?p=11081","title":{"rendered":"Governo de S\u00e3o Paulo apresenta projeto que cria Pol\u00edcia Penal do Estado"},"content":{"rendered":"\n<p>O Governo de S\u00e3o Paulo enviou \u00e0 Assembleia Legislativa (Alesp) o Projeto de Lei Complementar que cria a Pol\u00edcia Penal no estado. A proposta agora passar\u00e1 a ser discutida entre os parlamentares. A Secretaria de Administra\u00e7\u00e3o Penitenci\u00e1ria (SAP) tem atualmente a cust\u00f3dia de 201.233 presos, entre 182 unidades na capital e no interior do estado.<\/p>\n\n\n\n<p>Al\u00e9m de unificar as categorias de Agente de Seguran\u00e7a Penitenci\u00e1ria (ASP) e Agente de Escolta e Vigil\u00e2ncia Penitenci\u00e1ria (AEVP) em uma \u00fanica carreira, a nova legisla\u00e7\u00e3o estabelece a Pol\u00edcia Penal como \u00f3rg\u00e3o permanente de seguran\u00e7a p\u00fablica, elevando-a ao mesmo patamar de import\u00e2ncia das pol\u00edcias Militar, Civil e T\u00e9cnico-Cient\u00edfica.<\/p>\n\n\n\n<p>\u201c\u00c9 um projeto complexo. A categoria tem cerca de 26 mil servidores e \u00e9 fundamental que a carreira seja regulamentada. Com muito di\u00e1logo com os trabalhadores e o parlamento, fizemos um grande trabalho de constru\u00e7\u00e3o da regulamenta\u00e7\u00e3o da Pol\u00edcia Penal, que \u00e9 um segmento importante para a nossa seguran\u00e7a p\u00fablica, e agora, efetivamente, n\u00f3s vamos ter uma Pol\u00edcia Penal no estado de S\u00e3o Paulo\u201d, afirma o governador Tarc\u00edsio de Freitas.<\/p>\n\n\n\n<p>A nova fun\u00e7\u00e3o ter\u00e1 reajuste salarial em rela\u00e7\u00e3o aos cargos anteriores. Em m\u00e9dia, os reajustes ser\u00e3o de 23% para os antigos ASPs e de 33% para os antigos AEVPs. Fun\u00e7\u00f5es de confian\u00e7a, como diretores de diversos n\u00edveis, tamb\u00e9m receber\u00e3o remunera\u00e7\u00e3o superior \u00e0 praticada atualmente. A Corregedoria ter\u00e1 exclusivamente policiais penais e sistema de remunera\u00e7\u00e3o conforme determina\u00e7\u00e3o da Constitui\u00e7\u00e3o Federal.<\/p>\n\n\n\n<p>A Pol\u00edcia Penal e sua Corregedoria ser\u00e3o dirigidos por servidores de carreira policial. Para ingresso na nova institui\u00e7\u00e3o, os candidatos dever\u00e3o ter n\u00edvel superior de ensino. Qualifica\u00e7\u00e3o e especializa\u00e7\u00e3o tamb\u00e9m ser\u00e3o aspectos valorizados para a progress\u00e3o de carreira.<\/p>\n\n\n\n<p>\u201c\u00c9 compromisso da gest\u00e3o fortalecer as for\u00e7as de seguran\u00e7a paulistas. Aumentar efetivos, melhorar as remunera\u00e7\u00f5es, aprimorar os mecanismos de intelig\u00eancia com novas tecnologias e inova\u00e7\u00f5es e fortalecer nossos agentes da Administra\u00e7\u00e3o Penitenci\u00e1ria, agora com a cria\u00e7\u00e3o da Pol\u00edcia Penal\u201d, afirma o secret\u00e1rio da&nbsp;<a href=\"http:\/\/www.sap.sp.gov.br\/principal.html\" target=\"_blank\" rel=\"noreferrer noopener\">SAP<\/a>, Marcello Streifinger.<\/p>\n\n\n\n<p>Com a nova Pol\u00edcia Penal, o Governo de S\u00e3o Paulo avan\u00e7a no processo de Moderniza\u00e7\u00e3o da Administra\u00e7\u00e3o P\u00fablica, um dos eixos centrais do programa S\u00e3o Paulo na Dire\u00e7\u00e3o Certa, que busca garantir mais efici\u00eancia na gest\u00e3o.<\/p>\n\n\n\n<p><strong><em><strong><em><strong><em><strong><em><strong><em><strong><em><strong><em><strong><em><strong>Siga nossas redes sociais no&nbsp;<a href=\"https:\/\/www.instagram.com\/ronipaparazzi\/\">Instagram&nbsp;<\/a>e&nbsp;<a href=\"https:\/\/www.facebook.com\/ronipaparazzicomvoce\">Facebook<\/a>&nbsp;participe da nossa comunidade do Canal Roni Paparazzi no Whatsapp e receba as principais not\u00edcias da regi\u00e3o de Ara\u00e7atuba do dia direto no seu celular.<\/strong>&nbsp;<a href=\"https:\/\/chat.whatsapp.com\/GsG1XKo0jPOEfjzudWQcml\" target=\"_blank\" rel=\"noreferrer noopener\">&nbsp;Clique aqui e se inscreva.<\/a><\/em><\/strong><\/em><\/strong><\/em><\/strong><\/em><\/strong><\/em><\/strong><\/em><\/strong><\/em><\/strong><\/em><\/strong><\/p>\n","protected":false},"excerpt":{"rendered":"<p>O Governo de S\u00e3o Paulo enviou \u00e0 Assembleia Legislativa (Alesp) o Projeto de Lei Complementar que cria a Pol\u00edcia Penal no estado. A proposta agora passar\u00e1 a ser discutida entre os parlamentares. A Secretaria de Administra\u00e7\u00e3o Penitenci\u00e1ria (SAP) tem atualmente a cust\u00f3dia de 201.233 presos, entre 182 unidades na capital e no interior do estado. &hellip;<\/p>\n","protected":false},"author":1,"featured_media":11082,"comment_status":"open","ping_status":"open","sticky":false,"template":"","format":"standard","meta":{"_jetpack_memberships_contains_paid_content":false,"footnotes":"","jetpack_publicize_message":"","jetpack_publicize_feature_enabled":true,"jetpack_social_post_already_shared":false,"jetpack_social_options":{"image_generator_settings":{"template":"highway","default_image_id":0,"enabled":false},"version":2}},"categories":[3],"tags":[],"class_list":["post-11081","post","type-post","status-publish","format-standard","has-post-thumbnail","hentry","category-policial"],"jetpack_publicize_connections":[],"jetpack_featured_media_url":"https:\/\/i0.wp.com\/www.paparazzinews.com.br\/wp-content\/uploads\/2024\/08\/Imagem-do-WhatsApp-de-2024-08-02-as-16.16.09_1fba0e2a.jpg?fit=1600%2C1066&ssl=1","views":"2252","jetpack_likes_enabled":true,"jetpack_sharing_enabled":true,"_links":{"self":[{"href":"https:\/\/www.paparazzinews.com.br\/index.php?rest_route=\/wp\/v2\/posts\/11081","targetHints":{"allow":["GET"]}}],"collection":[{"href":"https:\/\/www.paparazzinews.com.br\/index.php?rest_route=\/wp\/v2\/posts"}],"about":[{"href":"https:\/\/www.paparazzinews.com.br\/index.php?rest_route=\/wp\/v2\/types\/post"}],"author":[{"embeddable":true,"href":"https:\/\/www.paparazzinews.com.br\/index.php?rest_route=\/wp\/v2\/users\/1"}],"replies":[{"embeddable":true,"href":"https:\/\/www.paparazzinews.com.br\/index.php?rest_route=%2Fwp%2Fv2%2Fcomments&post=11081"}],"version-history":[{"count":1,"href":"https:\/\/www.paparazzinews.com.br\/index.php?rest_route=\/wp\/v2\/posts\/11081\/revisions"}],"predecessor-version":[{"id":11083,"href":"https:\/\/www.paparazzinews.com.br\/index.php?rest_route=\/wp\/v2\/posts\/11081\/revisions\/11083"}],"wp:featuredmedia":[{"embeddable":true,"href":"https:\/\/www.paparazzinews.com.br\/index.php?rest_route=\/wp\/v2\/media\/11082"}],"wp:attachment":[{"href":"https:\/\/www.paparazzinews.com.br\/index.php?rest_route=%2Fwp%2Fv2%2Fmedia&parent=11081"}],"wp:term":[{"taxonomy":"category","embeddable":true,"href":"https:\/\/www.paparazzinews.com.br\/index.php?rest_route=%2Fwp%2Fv2%2Fcategories&post=11081"},{"taxonomy":"post_tag","embeddable":true,"href":"https:\/\/www.paparazzinews.com.br\/index.php?rest_route=%2Fwp%2Fv2%2Ftags&post=11081"}],"curies":[{"name":"wp","href":"https:\/\/api.w.org\/{rel}","templated":true}]}}