{"id":11072,"date":"2024-08-01T21:55:55","date_gmt":"2024-08-02T00:55:55","guid":{"rendered":"https:\/\/www.paparazzinews.com.br\/?p=11072"},"modified":"2024-08-01T21:55:56","modified_gmt":"2024-08-02T00:55:56","slug":"medica-doa-mais-de-20-cobertores-para-santa-casa-de-andradina-utilizar-em-pacientes","status":"publish","type":"post","link":"https:\/\/www.paparazzinews.com.br\/?p=11072","title":{"rendered":"M\u00e9dica doa mais de 20 cobertores para Santa Casa de Andradina utilizar em pacientes"},"content":{"rendered":"\n<p>A chegada de temperaturas mais baixas, marca o in\u00edcio do inverno e com isso a necessidade de cobertores para os pacientes internados. Pensando nisso, o Setor de Ouvidoria iniciou a Campanha \u201cAque\u00e7a com Amor Doe um cobertor\u201d E nesta Segunda Feira o Ber\u00e7\u00e1rio da Santa Casa de Andradina recebeu de 22 cobertores doados pela Dra. Natalia Barbato e confeccionados voluntariamente pelo Ateli\u00ea da Val.<\/p>\n\n\n\n<p>A doa\u00e7\u00e3o ajudar\u00e1 no conforto dos beb\u00eas e refor\u00e7a o quantitativo que o Hospital disp\u00f5e. <a><\/a>O estoque de cobertores da entidade precisa ser reposto constantemente, pois ocorre um desgaste natural devido \u00e0s constantes lavagens e desinfec\u00e7\u00f5es, realizadas conforme a necessidade.<\/p>\n\n\n\n<p>\u201cA doa\u00e7\u00e3o \u00e9 uma alternativa fundamental para manter os pacientes aquecidos e auxiliar na recupera\u00e7\u00e3o da sa\u00fade\u201d, afirma a chefe do setor Sandra Chagas. \u201cAgradecemos, de cora\u00e7\u00e3o, esta doa\u00e7\u00e3o que vem em um momento t\u00e3o prop\u00edcio, pois com a chegada do inverno, o uso de cobertores \u00e9 expressivamente alto e as doa\u00e7\u00f5es beneficiar\u00e3o um grande n\u00famero de pessoas\u201d, finaliza.<\/p>\n\n\n\n<p>Quer participar das a\u00e7\u00f5es da Santa Casa de Andradina? Ligue nos telefones: (18) 3702.11.00 Ramal 1190.<\/p>\n\n\n\n<p><strong><em><strong><em><strong><em><strong><em><strong><em><strong><em><strong><em><strong><em><strong>Siga nossas redes sociais no\u00a0<a href=\"https:\/\/www.instagram.com\/ronipaparazzi\/\">Instagram\u00a0<\/a>e\u00a0<a href=\"https:\/\/www.facebook.com\/ronipaparazzicomvoce\">Facebook<\/a>\u00a0participe da nossa comunidade do Canal Roni Paparazzi no Whatsapp e receba as principais not\u00edcias da regi\u00e3o de Ara\u00e7atuba do dia direto no seu celular.<\/strong>\u00a0<a href=\"https:\/\/chat.whatsapp.com\/GsG1XKo0jPOEfjzudWQcml\" target=\"_blank\" rel=\"noreferrer noopener\">\u00a0Clique aqui e se inscreva.<\/a><\/em><\/strong><\/em><\/strong><\/em><\/strong><\/em><\/strong><\/em><\/strong><\/em><\/strong><\/em><\/strong><\/em><\/strong><\/p>\n","protected":false},"excerpt":{"rendered":"<p>A chegada de temperaturas mais baixas, marca o in\u00edcio do inverno e com isso a necessidade de cobertores para os pacientes internados. Pensando nisso, o Setor de Ouvidoria iniciou a Campanha \u201cAque\u00e7a com Amor Doe um cobertor\u201d E nesta Segunda Feira o Ber\u00e7\u00e1rio da Santa Casa de Andradina recebeu de 22 cobertores doados pela Dra. &hellip;<\/p>\n","protected":false},"author":1,"featured_media":11073,"comment_status":"open","ping_status":"open","sticky":false,"template":"","format":"standard","meta":{"_jetpack_memberships_contains_paid_content":false,"footnotes":"","jetpack_publicize_message":"","jetpack_publicize_feature_enabled":true,"jetpack_social_post_already_shared":false,"jetpack_social_options":{"image_generator_settings":{"template":"highway","default_image_id":0,"enabled":false},"version":2}},"categories":[4],"tags":[],"class_list":["post-11072","post","type-post","status-publish","format-standard","has-post-thumbnail","hentry","category-regiao"],"jetpack_publicize_connections":[],"jetpack_featured_media_url":"https:\/\/i0.wp.com\/www.paparazzinews.com.br\/wp-content\/uploads\/2024\/08\/452807574_18067559176567684_5566874444859286626_n-e1722560147481.jpg?fit=1000%2C1250&ssl=1","views":"2758","jetpack_likes_enabled":true,"jetpack_sharing_enabled":true,"_links":{"self":[{"href":"https:\/\/www.paparazzinews.com.br\/index.php?rest_route=\/wp\/v2\/posts\/11072","targetHints":{"allow":["GET"]}}],"collection":[{"href":"https:\/\/www.paparazzinews.com.br\/index.php?rest_route=\/wp\/v2\/posts"}],"about":[{"href":"https:\/\/www.paparazzinews.com.br\/index.php?rest_route=\/wp\/v2\/types\/post"}],"author":[{"embeddable":true,"href":"https:\/\/www.paparazzinews.com.br\/index.php?rest_route=\/wp\/v2\/users\/1"}],"replies":[{"embeddable":true,"href":"https:\/\/www.paparazzinews.com.br\/index.php?rest_route=%2Fwp%2Fv2%2Fcomments&post=11072"}],"version-history":[{"count":1,"href":"https:\/\/www.paparazzinews.com.br\/index.php?rest_route=\/wp\/v2\/posts\/11072\/revisions"}],"predecessor-version":[{"id":11074,"href":"https:\/\/www.paparazzinews.com.br\/index.php?rest_route=\/wp\/v2\/posts\/11072\/revisions\/11074"}],"wp:featuredmedia":[{"embeddable":true,"href":"https:\/\/www.paparazzinews.com.br\/index.php?rest_route=\/wp\/v2\/media\/11073"}],"wp:attachment":[{"href":"https:\/\/www.paparazzinews.com.br\/index.php?rest_route=%2Fwp%2Fv2%2Fmedia&parent=11072"}],"wp:term":[{"taxonomy":"category","embeddable":true,"href":"https:\/\/www.paparazzinews.com.br\/index.php?rest_route=%2Fwp%2Fv2%2Fcategories&post=11072"},{"taxonomy":"post_tag","embeddable":true,"href":"https:\/\/www.paparazzinews.com.br\/index.php?rest_route=%2Fwp%2Fv2%2Ftags&post=11072"}],"curies":[{"name":"wp","href":"https:\/\/api.w.org\/{rel}","templated":true}]}}