{"id":11042,"date":"2024-08-01T16:40:28","date_gmt":"2024-08-01T19:40:28","guid":{"rendered":"https:\/\/www.paparazzinews.com.br\/?p=11042"},"modified":"2024-08-01T16:40:29","modified_gmt":"2024-08-01T19:40:29","slug":"carmen-lucia-tse-tem-desafio-de-garantir-tranquilidade-das-eleicoes","status":"publish","type":"post","link":"https:\/\/www.paparazzinews.com.br\/?p=11042","title":{"rendered":"C\u00e1rmen L\u00facia: TSE tem desafio de garantir tranquilidade das elei\u00e7\u00f5es"},"content":{"rendered":"\n<p>A presidente do Tribunal Superior Eleitoral (TSE), ministra C\u00e1rmen L\u00facia, disse nesta quinta-feira (1\u00ba) que o foco da atua\u00e7\u00e3o do tribunal ser\u00e1 garantir \u00e0 sociedade a tranquilidade\u00a0das elei\u00e7\u00f5es municipais de 2024. O primeiro turno do pleito ocorre no dia 6 de outubro e o segundo no dia 27 de outubro, para os munic\u00edpios com mais de 200 mil eleitores.<img data-recalc-dims=\"1\" decoding=\"async\" src=\"https:\/\/i0.wp.com\/agenciabrasil.ebc.com.br\/ebc.png?w=708&#038;ssl=1\"><img data-recalc-dims=\"1\" decoding=\"async\" src=\"https:\/\/i0.wp.com\/agenciabrasil.ebc.com.br\/ebc.gif?w=708&#038;ssl=1\"> A informa\u00e7\u00e3o \u00e9 da Ag\u00eancia Brasil.<\/p>\n\n\n\n<p>\u201cEstamos a 65 dias das elei\u00e7\u00f5es, come\u00e7amos o semestre com o foco especifico de garantir a sociedade brasileira a realiza\u00e7\u00e3o das elei\u00e7\u00f5es\u201d, disse a ministra durante a abertura dos trabalhos da corte no segundo semestre. \u201cPara que os cidad\u00e3os brasileiros tenham tranquilidade e alegria na hora de votar\u201d, completou. &nbsp;<\/p>\n\n\n\n<p>C\u00e1rmen L\u00facia explicou ainda que durante todo o primeiro semestre foram realizados trabalhos de campo com testes nas urnas que ser\u00e3o utilizadas no pleito.<\/p>\n\n\n\n<p>\u201cO TSE j\u00e1 adotou todas as provid\u00eancias, os testes de campo&nbsp;necess\u00e1rios em todos os estados brasileiros. S\u00e3o medidas necess\u00e1rias para que tenhamos elei\u00e7\u00f5es democr\u00e1ticas e seguras, e urnas auditadas, com seguran\u00e7a absoluta para as eleitoras e os eleitores exercerem livremente o direito de voto. Portanto, iniciamos o segundo semestre com esse foco\u201d, continuou a presidente do TSE.<\/p>\n\n\n\n<p>A ministra destacou ainda que o TSE dar\u00e1 prioridade para julgar os processos que tenham algum tipo de repercuss\u00e3o com as elei\u00e7\u00f5es deste ano<\/p>\n\n\n\n<p>\u201cSer\u00e1 um per\u00edodo de muito trabalho, como \u00e9 pr\u00f3prio das elei\u00e7\u00f5es municipais. Mas tamb\u00e9m ser\u00e1 um trabalho feito para o fortalecimento da democracia brasileira, para as melhores condi\u00e7\u00f5es de exerc\u00edcio da cidadania plenamente\u201d, afirmou.<\/p>\n\n\n\n<p>No dia 6 de outubro, eleitores de 5.569 munic\u00edpios escolher\u00e3o os representantes para as prefeituras e c\u00e2maras municipais. O segundo turno poder\u00e1 ocorrer em 103 munic\u00edpios que contam com mais de 200 mil eleitoras e eleitores registrados, caso nenhuma das candidatas ou nenhum dos candidatos obtenha&nbsp;a maioria absoluta dos votos na primeira fase do pleito.<\/p>\n\n\n\n<p>A vota\u00e7\u00e3o ser\u00e1 iniciada \u00e0s 8h e, se n\u00e3o houver eleitores na fila, encerrada \u00e0s 17h, seguindo o hor\u00e1rio de Bras\u00edlia (DF).<\/p>\n\n\n\n<p>Pelo calend\u00e1rio eleitoral, os partidos e federa\u00e7\u00f5es poder\u00e3o realizar at\u00e9 o dia 5 de agosto conven\u00e7\u00f5es partid\u00e1rias para deliberar sobre coliga\u00e7\u00f5es e escolher candidatas e candidatos aos cargos de prefeito, vice-prefeito e vereador.<\/p>\n\n\n\n<p>Ap\u00f3s a defini\u00e7\u00e3o das candidaturas, as agremia\u00e7\u00f5es t\u00eam at\u00e9 15 de agosto para registrar os nomes na Justi\u00e7a Eleitoral.<\/p>\n\n\n\n<p>A propagando eleitoral ter\u00e1 in\u00edcio a partir do dia 16 de agosto. At\u00e9 l\u00e1, qualquer publicidade ou manifesta\u00e7\u00e3o com pedido expl\u00edcito de voto pode ser considerada irregular e \u00e9 pass\u00edvel de multa.&nbsp;<\/p>\n\n\n\n<p>A data tamb\u00e9m \u00e9 o \u00faltimo dia para os tribunais regionais eleitorais (TREs) listarem as emissoras que transmitir\u00e3o a propaganda eleitoral gratuita de candidatas e candidatos de munic\u00edpio onde n\u00e3o haja emissora de r\u00e1dio e TV.<\/p>\n\n\n\n<p><strong><em><strong><em><strong><em><strong><em><strong><em><strong><em><strong><em><strong><em><strong>Siga nossas redes sociais no\u00a0<a href=\"https:\/\/www.instagram.com\/ronipaparazzi\/\">Instagram\u00a0<\/a>e\u00a0<a href=\"https:\/\/www.facebook.com\/ronipaparazzicomvoce\">Facebook<\/a>\u00a0participe da nossa comunidade do Canal Roni Paparazzi no Whatsapp e receba as principais not\u00edcias da regi\u00e3o de Ara\u00e7atuba do dia direto no seu celular.<\/strong>\u00a0<a href=\"https:\/\/chat.whatsapp.com\/GsG1XKo0jPOEfjzudWQcml\" target=\"_blank\" rel=\"noreferrer noopener\">\u00a0Clique aqui e se inscreva.<\/a><\/em><\/strong><\/em><\/strong><\/em><\/strong><\/em><\/strong><\/em><\/strong><\/em><\/strong><\/em><\/strong><\/em><\/strong><\/p>\n","protected":false},"excerpt":{"rendered":"<p>A presidente do Tribunal Superior Eleitoral (TSE), ministra C\u00e1rmen L\u00facia, disse nesta quinta-feira (1\u00ba) que o foco da atua\u00e7\u00e3o do tribunal ser\u00e1 garantir \u00e0 sociedade a tranquilidade\u00a0das elei\u00e7\u00f5es municipais de 2024. O primeiro turno do pleito ocorre no dia 6 de outubro e o segundo no dia 27 de outubro, para os munic\u00edpios com mais &hellip;<\/p>\n","protected":false},"author":1,"featured_media":11043,"comment_status":"open","ping_status":"open","sticky":false,"template":"","format":"standard","meta":{"_jetpack_memberships_contains_paid_content":false,"footnotes":"","jetpack_publicize_message":"","jetpack_publicize_feature_enabled":true,"jetpack_social_post_already_shared":false,"jetpack_social_options":{"image_generator_settings":{"template":"highway","default_image_id":0,"enabled":false},"version":2}},"categories":[7],"tags":[],"class_list":["post-11042","post","type-post","status-publish","format-standard","has-post-thumbnail","hentry","category-politica"],"jetpack_publicize_connections":[],"jetpack_featured_media_url":"https:\/\/i0.wp.com\/www.paparazzinews.com.br\/wp-content\/uploads\/2024\/08\/956cc519-b69e-4061-8d3d-0dbf0c9c253d.jpeg?fit=1170%2C700&ssl=1","views":"2198","jetpack_likes_enabled":true,"jetpack_sharing_enabled":true,"_links":{"self":[{"href":"https:\/\/www.paparazzinews.com.br\/index.php?rest_route=\/wp\/v2\/posts\/11042","targetHints":{"allow":["GET"]}}],"collection":[{"href":"https:\/\/www.paparazzinews.com.br\/index.php?rest_route=\/wp\/v2\/posts"}],"about":[{"href":"https:\/\/www.paparazzinews.com.br\/index.php?rest_route=\/wp\/v2\/types\/post"}],"author":[{"embeddable":true,"href":"https:\/\/www.paparazzinews.com.br\/index.php?rest_route=\/wp\/v2\/users\/1"}],"replies":[{"embeddable":true,"href":"https:\/\/www.paparazzinews.com.br\/index.php?rest_route=%2Fwp%2Fv2%2Fcomments&post=11042"}],"version-history":[{"count":1,"href":"https:\/\/www.paparazzinews.com.br\/index.php?rest_route=\/wp\/v2\/posts\/11042\/revisions"}],"predecessor-version":[{"id":11044,"href":"https:\/\/www.paparazzinews.com.br\/index.php?rest_route=\/wp\/v2\/posts\/11042\/revisions\/11044"}],"wp:featuredmedia":[{"embeddable":true,"href":"https:\/\/www.paparazzinews.com.br\/index.php?rest_route=\/wp\/v2\/media\/11043"}],"wp:attachment":[{"href":"https:\/\/www.paparazzinews.com.br\/index.php?rest_route=%2Fwp%2Fv2%2Fmedia&parent=11042"}],"wp:term":[{"taxonomy":"category","embeddable":true,"href":"https:\/\/www.paparazzinews.com.br\/index.php?rest_route=%2Fwp%2Fv2%2Fcategories&post=11042"},{"taxonomy":"post_tag","embeddable":true,"href":"https:\/\/www.paparazzinews.com.br\/index.php?rest_route=%2Fwp%2Fv2%2Ftags&post=11042"}],"curies":[{"name":"wp","href":"https:\/\/api.w.org\/{rel}","templated":true}]}}