{"id":1104,"date":"2022-11-05T17:41:29","date_gmt":"2022-11-05T20:41:29","guid":{"rendered":"https:\/\/www.paparazzinews.com.br\/?p=1104"},"modified":"2022-11-05T17:41:30","modified_gmt":"2022-11-05T20:41:30","slug":"adolescente-e-detido-com-faca-apos-roubar-bar-em-andradina","status":"publish","type":"post","link":"https:\/\/www.paparazzinews.com.br\/?p=1104","title":{"rendered":"Adolescente \u00e9 detido com faca ap\u00f3s roubar bar em Andradina"},"content":{"rendered":"\n<p>Um adolescente de 16 anos foi detido pela Pol\u00edcia Militar ap\u00f3s roubar um bar nesta sexta-feira (4), em Andradina (SP).<\/p>\n\n\n\n<p>Os policiais de posse de informa\u00e7\u00f5es que levava ao autor foram at\u00e9 a resid\u00eancia onde o encontrou, foram apreendidas duas facas usadas no assalto, R$ 10,00 e uma por\u00e7\u00e3o de maconha, que ele declarou ter comprado com o dinheiro do crime praticado.<\/p>\n\n\n\n<p>A ocorr\u00eancia foi encaminhada para a Pol\u00edcia Civil onde ficou apreendido a disposi\u00e7\u00e3o da Justi\u00e7a.<\/p>\n","protected":false},"excerpt":{"rendered":"<p>Um adolescente de 16 anos foi detido pela Pol\u00edcia Militar ap\u00f3s roubar um bar nesta sexta-feira (4), em Andradina (SP). Os policiais de posse de informa\u00e7\u00f5es que levava ao autor foram at\u00e9 a resid\u00eancia onde o encontrou, foram apreendidas duas facas usadas no assalto, R$ 10,00 e uma por\u00e7\u00e3o de maconha, que ele declarou ter &hellip;<\/p>\n","protected":false},"author":1,"featured_media":1105,"comment_status":"open","ping_status":"open","sticky":false,"template":"","format":"standard","meta":{"_jetpack_memberships_contains_paid_content":false,"footnotes":"","jetpack_publicize_message":"","jetpack_publicize_feature_enabled":true,"jetpack_social_post_already_shared":false,"jetpack_social_options":{"image_generator_settings":{"template":"highway","default_image_id":0,"enabled":false},"version":2}},"categories":[3],"tags":[],"class_list":["post-1104","post","type-post","status-publish","format-standard","has-post-thumbnail","hentry","category-policial"],"jetpack_publicize_connections":[],"jetpack_featured_media_url":"https:\/\/i0.wp.com\/www.paparazzinews.com.br\/wp-content\/uploads\/2022\/11\/ba6e813e-c683-47b7-b323-868d1127db88.jpg?fit=839%2C1149&ssl=1","views":"3831","jetpack_likes_enabled":true,"jetpack_sharing_enabled":true,"_links":{"self":[{"href":"https:\/\/www.paparazzinews.com.br\/index.php?rest_route=\/wp\/v2\/posts\/1104","targetHints":{"allow":["GET"]}}],"collection":[{"href":"https:\/\/www.paparazzinews.com.br\/index.php?rest_route=\/wp\/v2\/posts"}],"about":[{"href":"https:\/\/www.paparazzinews.com.br\/index.php?rest_route=\/wp\/v2\/types\/post"}],"author":[{"embeddable":true,"href":"https:\/\/www.paparazzinews.com.br\/index.php?rest_route=\/wp\/v2\/users\/1"}],"replies":[{"embeddable":true,"href":"https:\/\/www.paparazzinews.com.br\/index.php?rest_route=%2Fwp%2Fv2%2Fcomments&post=1104"}],"version-history":[{"count":1,"href":"https:\/\/www.paparazzinews.com.br\/index.php?rest_route=\/wp\/v2\/posts\/1104\/revisions"}],"predecessor-version":[{"id":1106,"href":"https:\/\/www.paparazzinews.com.br\/index.php?rest_route=\/wp\/v2\/posts\/1104\/revisions\/1106"}],"wp:featuredmedia":[{"embeddable":true,"href":"https:\/\/www.paparazzinews.com.br\/index.php?rest_route=\/wp\/v2\/media\/1105"}],"wp:attachment":[{"href":"https:\/\/www.paparazzinews.com.br\/index.php?rest_route=%2Fwp%2Fv2%2Fmedia&parent=1104"}],"wp:term":[{"taxonomy":"category","embeddable":true,"href":"https:\/\/www.paparazzinews.com.br\/index.php?rest_route=%2Fwp%2Fv2%2Fcategories&post=1104"},{"taxonomy":"post_tag","embeddable":true,"href":"https:\/\/www.paparazzinews.com.br\/index.php?rest_route=%2Fwp%2Fv2%2Ftags&post=1104"}],"curies":[{"name":"wp","href":"https:\/\/api.w.org\/{rel}","templated":true}]}}