{"id":11033,"date":"2024-08-01T16:31:57","date_gmt":"2024-08-01T19:31:57","guid":{"rendered":"https:\/\/www.paparazzinews.com.br\/?p=11033"},"modified":"2024-08-01T16:31:59","modified_gmt":"2024-08-01T19:31:59","slug":"utis-84-dos-brasileiros-internados-conseguem-alta-medica","status":"publish","type":"post","link":"https:\/\/www.paparazzinews.com.br\/?p=11033","title":{"rendered":"UTIs: 84% dos brasileiros internados conseguem alta m\u00e9dica"},"content":{"rendered":"\n<p>Quase nove em cada dez brasileiros que passam por uma unidade de terapia intensiva (UTI) conseguem alta, de acordo com dados divulgados nesta quinta-feira (1\u00ba) pela Associa\u00e7\u00e3o de Medicina Intensiva Brasileira (Amib).<img data-recalc-dims=\"1\" decoding=\"async\" src=\"https:\/\/i0.wp.com\/agenciabrasil.ebc.com.br\/ebc.png?w=708&#038;ssl=1\"><img data-recalc-dims=\"1\" decoding=\"async\" src=\"https:\/\/i0.wp.com\/agenciabrasil.ebc.com.br\/ebc.gif?w=708&#038;ssl=1\"> A informa\u00e7\u00e3o \u00e9 da Ag\u00eancia Brasil.<\/p>\n\n\n\n<p>Os n\u00fameros fazem parte do Projeto UTIs Brasileiras, que monitora mais de 50% das admiss\u00f5es de adultos em UTIs no pa\u00eds, e mostram que a taxa de sobreviv\u00eancia nesses ambientes chega a 84%.<\/p>\n\n\n\n<p>\u201cSe, por um lado, a taxa de mortalidade global nas UTIs brasileiras foi registrada em 16%, o levantamento evidencia algumas desigualdades que preocupam os m\u00e9dicos\u201d, destacou a entidade, por meio de nota.<\/p>\n\n\n\n<p>A Regi\u00e3o Nordeste, por exemplo, tem a maior taxa de mortalidade hospitalar (24,5%), seguida pelo Sudeste (23,2%), enquanto o Sul apresenta a menor taxa (14,7%).<\/p>\n\n\n\n<p>Al\u00e9m disso, hospitais p\u00fablicos, por exemplo, apresentam taxas de mortalidade mais elevadas (27%) quando comparados a hospitais privados (11%). \u201cEm todos os cen\u00e1rios, \u00e9 poss\u00edvel observar um aumento significativo em 2020, chegando a aproximadamente 35% devido \u00e0 pandemia, seguido por uma diminui\u00e7\u00e3o nos anos seguintes\u201d, destacou a associa\u00e7\u00e3o.<\/p>\n\n\n\n<h2 class=\"wp-block-heading\">Sepse<\/h2>\n\n\n\n<p>Popularmente conhecida como infec\u00e7\u00e3o generalizada, a sepse continua respondendo como principal causa de interna\u00e7\u00e3o n\u00e3o cir\u00fargica em UTIs brasileiras. Quase um ter\u00e7o dos pacientes que chegam a essas unidades o fazem devido a complica\u00e7\u00f5es infecciosas graves.<\/p>\n\n\n\n<p>O quadro \u00e9 uma resposta inflamat\u00f3ria sist\u00eamica a uma infec\u00e7\u00e3o que pode levar rapidamente \u00e0 fal\u00eancia de m\u00faltiplos \u00f3rg\u00e3os e \u00e0 morte quando n\u00e3o tratada prontamente.<\/p>\n\n\n\n<h2 class=\"wp-block-heading\">Cirurgias ortop\u00e9dicas<\/h2>\n\n\n\n<p>Entre as cirurgias eletivas, as cirurgias ortop\u00e9dicas s\u00e3o a principal causa de interna\u00e7\u00e3o em UTIs no pa\u00eds, representando 14,7% dos casos, seguidas por procedimentos invasivos card\u00edacos e endovasculares (10%). Entre as cirurgias de urg\u00eancia, as cirurgias ortop\u00e9dicas tamb\u00e9m lideram, com 15,2% das interna\u00e7\u00f5es, seguidas por cirurgias abdominais (12,6%).<\/p>\n\n\n\n<h2 class=\"wp-block-heading\">Perfil<\/h2>\n\n\n\n<p>Os dados divulgados pela Amib revelam um perfil equilibrado entre pacientes adultos de UTIs, com homens e mulheres representando aproximadamente metade de todas as interna\u00e7\u00f5es ao longo dos anos. A distribui\u00e7\u00e3o et\u00e1ria indica uma concentra\u00e7\u00e3o significativa de interna\u00e7\u00f5es entre idosos, sendo que a idade m\u00e9dia dos pacientes internados \u00e9 63 anos.<\/p>\n\n\n\n<p>As comorbidades mais frequentes entre pacientes internados em UTIs incluem a hipertens\u00e3o arterial, presente em 66,6% dos casos, e o diabetes, diagnosticado em 33,9% dos pacientes. Outras comorbidades classificadas como significativas s\u00e3o tumores s\u00f3lidos, insufici\u00eancia renal cr\u00f4nica e insufici\u00eancia card\u00edaca.<\/p>\n\n\n\n<h2 class=\"wp-block-heading\">Campanha<\/h2>\n\n\n\n<p>Por meio da campanha Orgulho de Ser Intensivista, a Amib pretende reconhecer e valorizar o papel de m\u00e9dicos intensivistas na recupera\u00e7\u00e3o de pacientes cr\u00edticos, al\u00e9m de sensibilizar a sociedade e os gestores de sa\u00fade sobre o trabalho em um dos ambientes mais desafiadores da medicina.<\/p>\n\n\n\n<p>A entidade considera a presen\u00e7a de intensivistas capacitados fator decisivo para a redu\u00e7\u00e3o das taxas de mortalidade em UTIs, \u201co que demonstra a import\u00e2ncia de investimentos cont\u00ednuos na forma\u00e7\u00e3o e valoriza\u00e7\u00e3o dos especialistas para melhorar ainda mais os resultados nas UTIs em todo o Brasil\u201d.<\/p>\n\n\n\n<p><strong><em><strong><em><strong><em><strong><em><strong><em><strong><em><strong><em><strong><em><strong>Siga nossas redes sociais no&nbsp;<a href=\"https:\/\/www.instagram.com\/ronipaparazzi\/\">Instagram&nbsp;<\/a>e&nbsp;<a href=\"https:\/\/www.facebook.com\/ronipaparazzicomvoce\">Facebook<\/a>&nbsp;participe da nossa comunidade do Canal Roni Paparazzi no Whatsapp e receba as principais not\u00edcias da regi\u00e3o de Ara\u00e7atuba do dia direto no seu celular.<\/strong>&nbsp;<a href=\"https:\/\/chat.whatsapp.com\/GsG1XKo0jPOEfjzudWQcml\" target=\"_blank\" rel=\"noreferrer noopener\">&nbsp;Clique aqui e se inscreva.<\/a><\/em><\/strong><\/em><\/strong><\/em><\/strong><\/em><\/strong><\/em><\/strong><\/em><\/strong><\/em><\/strong><\/em><\/strong><\/p>\n\n\n\n<p><a href=\"https:\/\/www.paparazzinews.com.br\/wp-admin\/post.php?post=11028&amp;action=edit\"><\/a><\/p>\n","protected":false},"excerpt":{"rendered":"<p>Quase nove em cada dez brasileiros que passam por uma unidade de terapia intensiva (UTI) conseguem alta, de acordo com dados divulgados nesta quinta-feira (1\u00ba) pela Associa\u00e7\u00e3o de Medicina Intensiva Brasileira (Amib). A informa\u00e7\u00e3o \u00e9 da Ag\u00eancia Brasil. Os n\u00fameros fazem parte do Projeto UTIs Brasileiras, que monitora mais de 50% das admiss\u00f5es de adultos &hellip;<\/p>\n","protected":false},"author":1,"featured_media":11034,"comment_status":"open","ping_status":"open","sticky":false,"template":"","format":"standard","meta":{"_jetpack_memberships_contains_paid_content":false,"footnotes":"","jetpack_publicize_message":"","jetpack_publicize_feature_enabled":true,"jetpack_social_post_already_shared":false,"jetpack_social_options":{"image_generator_settings":{"template":"highway","default_image_id":0,"enabled":false},"version":2}},"categories":[4],"tags":[],"class_list":["post-11033","post","type-post","status-publish","format-standard","has-post-thumbnail","hentry","category-regiao"],"jetpack_publicize_connections":[],"jetpack_featured_media_url":"https:\/\/i0.wp.com\/www.paparazzinews.com.br\/wp-content\/uploads\/2024\/08\/WhatsApp-Image-2024-08-01-at-16.30.26.jpeg?fit=1170%2C700&ssl=1","views":"2181","jetpack_likes_enabled":true,"jetpack_sharing_enabled":true,"_links":{"self":[{"href":"https:\/\/www.paparazzinews.com.br\/index.php?rest_route=\/wp\/v2\/posts\/11033","targetHints":{"allow":["GET"]}}],"collection":[{"href":"https:\/\/www.paparazzinews.com.br\/index.php?rest_route=\/wp\/v2\/posts"}],"about":[{"href":"https:\/\/www.paparazzinews.com.br\/index.php?rest_route=\/wp\/v2\/types\/post"}],"author":[{"embeddable":true,"href":"https:\/\/www.paparazzinews.com.br\/index.php?rest_route=\/wp\/v2\/users\/1"}],"replies":[{"embeddable":true,"href":"https:\/\/www.paparazzinews.com.br\/index.php?rest_route=%2Fwp%2Fv2%2Fcomments&post=11033"}],"version-history":[{"count":1,"href":"https:\/\/www.paparazzinews.com.br\/index.php?rest_route=\/wp\/v2\/posts\/11033\/revisions"}],"predecessor-version":[{"id":11035,"href":"https:\/\/www.paparazzinews.com.br\/index.php?rest_route=\/wp\/v2\/posts\/11033\/revisions\/11035"}],"wp:featuredmedia":[{"embeddable":true,"href":"https:\/\/www.paparazzinews.com.br\/index.php?rest_route=\/wp\/v2\/media\/11034"}],"wp:attachment":[{"href":"https:\/\/www.paparazzinews.com.br\/index.php?rest_route=%2Fwp%2Fv2%2Fmedia&parent=11033"}],"wp:term":[{"taxonomy":"category","embeddable":true,"href":"https:\/\/www.paparazzinews.com.br\/index.php?rest_route=%2Fwp%2Fv2%2Fcategories&post=11033"},{"taxonomy":"post_tag","embeddable":true,"href":"https:\/\/www.paparazzinews.com.br\/index.php?rest_route=%2Fwp%2Fv2%2Ftags&post=11033"}],"curies":[{"name":"wp","href":"https:\/\/api.w.org\/{rel}","templated":true}]}}