{"id":11028,"date":"2024-08-01T16:27:10","date_gmt":"2024-08-01T19:27:10","guid":{"rendered":"https:\/\/www.paparazzinews.com.br\/?p=11028"},"modified":"2024-08-01T16:27:12","modified_gmt":"2024-08-01T19:27:12","slug":"brasil-quer-chegar-a-70-de-aleitamento-materno-exclusivo-ate-2030","status":"publish","type":"post","link":"https:\/\/www.paparazzinews.com.br\/?p=11028","title":{"rendered":"Brasil quer chegar a 70% de aleitamento materno exclusivo at\u00e9 2030"},"content":{"rendered":"\n<p>Dados do Estudo Nacional de Alimenta\u00e7\u00e3o e Nutri\u00e7\u00e3o Infantil, publicado em 2021, indicam que a preval\u00eancia de aleitamento materno exclusivo entre crian\u00e7as menores de 6 meses no Brasil era de 45,8%. O \u00edndice, apesar de baixo, representa um avan\u00e7o em rela\u00e7\u00e3o \u00e0s \u00faltimas d\u00e9cadas \u2013 em 1986, por exemplo, o percentual no pa\u00eds foi apenas 3%.<img data-recalc-dims=\"1\" decoding=\"async\" src=\"https:\/\/i0.wp.com\/agenciabrasil.ebc.com.br\/ebc.png?w=708&#038;ssl=1\"><img data-recalc-dims=\"1\" decoding=\"async\" src=\"https:\/\/i0.wp.com\/agenciabrasil.ebc.com.br\/ebc.gif?w=708&#038;ssl=1\"> A informa\u00e7\u00e3o \u00e9 da Ag\u00eancia Brasil.<\/p>\n\n\n\n<p>Nos anos de 1970, as crian\u00e7as brasileiras eram amamentadas, em m\u00e9dia, por dois meses e meio. Atualmente, a dura\u00e7\u00e3o m\u00e9dia \u00e9 16 meses, o equivalente a 1 ano e quatro meses de vida. A meta estabelecida pela Organiza\u00e7\u00e3o Mundial da Sa\u00fade (OMS) \u00e9 que, at\u00e9 2025, pelo menos 50% das crian\u00e7as de at\u00e9 6 meses sejam amamentadas exclusivamente.<\/p>\n\n\n\n<figure class=\"wp-block-image\"><img data-recalc-dims=\"1\" decoding=\"async\" src=\"https:\/\/i0.wp.com\/imagens.ebc.com.br\/JF7k07w30O2NiitpynX8f_pLPrw%3D\/365x0\/smart\/https%3A\/\/agenciabrasil.ebc.com.br\/sites\/default\/files\/thumbnails\/image\/2024\/08\/01\/0d9a6781_0.jpg?w=708&#038;ssl=1\" alt=\"Bras\u00edlia (DF), 01-08-2024 - A ministra da Sa\u00fade, N\u00edsia Trindade, anuncia novas a\u00e7\u00f5es de apoio \u00e0 amamenta\u00e7\u00e3o no pa\u00eds, durante a solenidade de lan\u00e7amento da campanha da Semana Mundial da Amamenta\u00e7\u00e3o 2024, que este ano tem como tema \" title=\"Jos\u00e9 Cruz\/Ag\u00eancia Brasil\"\/><\/figure>\n\n\n\n<p>Semana Mundial da Amamenta\u00e7\u00e3o 2024, por Jos\u00e9 Cruz\/Ag\u00eancia Brasil<\/p>\n\n\n\n<p>A expectativa do governo brasileiro \u00e9 que esse \u00edndice chegue a 70% at\u00e9 2030. \u201cQue melhoremos ainda mais esses n\u00fameros rumo \u00e0 meta dos 70% de aleitamento materno exclusivo at\u00e9 os 6 meses. Que possamos dar esse exemplo a outros pa\u00edses\u201d, avaliou a ministra da Sa\u00fade, N\u00edsia Trindade. \u201cO Brasil \u00e9 refer\u00eancia naquilo que a sa\u00fade p\u00fablica mais sabe fazer: unir conhecimento cientifico, gest\u00e3o e mobiliza\u00e7\u00e3o social.\u201d<\/p>\n\n\n\n<h2 class=\"wp-block-heading\">Campanha<\/h2>\n\n\n\n<p>No primeiro dia da Semana Mundial da Amamenta\u00e7\u00e3o, celebrada de 1\u00ba a 7 de agosto, o minist\u00e9rio refor\u00e7ou que a amamenta\u00e7\u00e3o \u00e9 a forma de prote\u00e7\u00e3o mais econ\u00f4mica e eficaz para redu\u00e7\u00e3o da mortalidade infantil, com grande impacto na sa\u00fade da crian\u00e7a, diminuindo a ocorr\u00eancia de diarreias, afec\u00e7\u00f5es perinatais e infec\u00e7\u00f5es, principais causas de morte entre rec\u00e9m-nascidos.<\/p>\n\n\n\n<p>Ao mesmo tempo, traz in\u00fameros benef\u00edcios para a sa\u00fade da mulher, como a redu\u00e7\u00e3o das chances de desenvolver c\u00e2ncer de mama e de ov\u00e1rio. \u201cA amamenta\u00e7\u00e3o n\u00e3o deve ser tratada como um privil\u00e9gio e sim como um direito de crian\u00e7as e m\u00e3es. Al\u00e9m de direito, ela \u00e9 fundamental para a garantia da vida dessas crian\u00e7as e dessas m\u00e3es\u201d, avaliou o secret\u00e1rio adjunto de Aten\u00e7\u00e3o Prim\u00e1ria \u00e0 Sa\u00fade, Jersey Timoteo.<\/p>\n\n\n\n<h2 class=\"wp-block-heading\">Relato<\/h2>\n\n\n\n<p>La\u00eds Costa \u00e9 pesquisadora da Funda\u00e7\u00e3o Oswaldo Cruz (Fiocruz) e m\u00e3e de duas crian\u00e7as. Ela conta que, quando ambas as filhas nasceram, produziu bastante leite, mas, com a primog\u00eanita, saiu da maternidade com a f\u00f3rmula prescrita, para que a beb\u00ea se alimentasse com leite artificial. J\u00e1 com a segunda filha, La\u00eds deixou a maternidade amamentando a crian\u00e7a.<\/p>\n\n\n\n<p>\u201cA grande diferen\u00e7a entre as minhas duas filhas \u00e9 que a primog\u00eanita nasceu com s\u00edndrome de Down. Havia um pressuposto de que a doen\u00e7a a impediria de mamar. Isso \u00e9 um mito. Fam\u00edlias de crian\u00e7as com s\u00edndrome de Down saem com f\u00f3rmula prescrita, mas, quando chegam no banco de leite ou numa informa\u00e7\u00e3o precisa, consegue garantir esse direito \u00e0 vida.\u201d<\/p>\n\n\n\n<p>\u201cMinha filha primog\u00eanita nasceu com uma cardiopatia e claro, que o leite humano \u2013 a gente j\u00e1 sabe disso \u2013 \u00e9 o melhor alimento para todos os beb\u00eas, mas ele beneficia proporcionalmente ainda mais alguns. Ele protege ainda mais alguns que precisam de mais prote\u00e7\u00e3o. A pergunta \u00e9: por que, das minhas filhas, aquela que precisava de mais prote\u00e7\u00e3o foi aquela privada desse direito fundamental para a garantia da vida?\u201d<\/p>\n\n\n\n<p><strong><em><strong><em><strong><em><strong><em><strong><em><strong><em><strong><em><strong><em><strong>Siga nossas redes sociais no\u00a0<a href=\"https:\/\/www.instagram.com\/ronipaparazzi\/\">Instagram\u00a0<\/a>e\u00a0<a href=\"https:\/\/www.facebook.com\/ronipaparazzicomvoce\">Facebook<\/a>\u00a0participe da nossa comunidade do Canal Roni Paparazzi no Whatsapp e receba as principais not\u00edcias da regi\u00e3o de Ara\u00e7atuba do dia direto no seu celular.<\/strong>\u00a0<a href=\"https:\/\/chat.whatsapp.com\/GsG1XKo0jPOEfjzudWQcml\" target=\"_blank\" rel=\"noreferrer noopener\">\u00a0Clique aqui e se inscreva.<\/a><\/em><\/strong><\/em><\/strong><\/em><\/strong><\/em><\/strong><\/em><\/strong><\/em><\/strong><\/em><\/strong><\/em><\/strong><\/p>\n","protected":false},"excerpt":{"rendered":"<p>Dados do Estudo Nacional de Alimenta\u00e7\u00e3o e Nutri\u00e7\u00e3o Infantil, publicado em 2021, indicam que a preval\u00eancia de aleitamento materno exclusivo entre crian\u00e7as menores de 6 meses no Brasil era de 45,8%. O \u00edndice, apesar de baixo, representa um avan\u00e7o em rela\u00e7\u00e3o \u00e0s \u00faltimas d\u00e9cadas \u2013 em 1986, por exemplo, o percentual no pa\u00eds foi apenas &hellip;<\/p>\n","protected":false},"author":1,"featured_media":11029,"comment_status":"open","ping_status":"open","sticky":false,"template":"","format":"standard","meta":{"_jetpack_memberships_contains_paid_content":false,"footnotes":"","jetpack_publicize_message":"","jetpack_publicize_feature_enabled":true,"jetpack_social_post_already_shared":false,"jetpack_social_options":{"image_generator_settings":{"template":"highway","default_image_id":0,"enabled":false},"version":2}},"categories":[4],"tags":[],"class_list":["post-11028","post","type-post","status-publish","format-standard","has-post-thumbnail","hentry","category-regiao"],"jetpack_publicize_connections":[],"jetpack_featured_media_url":"https:\/\/i0.wp.com\/www.paparazzinews.com.br\/wp-content\/uploads\/2024\/08\/WhatsApp-Image-2024-08-01-at-16.24.42.jpeg?fit=1170%2C700&ssl=1","views":"2172","jetpack_likes_enabled":true,"jetpack_sharing_enabled":true,"_links":{"self":[{"href":"https:\/\/www.paparazzinews.com.br\/index.php?rest_route=\/wp\/v2\/posts\/11028","targetHints":{"allow":["GET"]}}],"collection":[{"href":"https:\/\/www.paparazzinews.com.br\/index.php?rest_route=\/wp\/v2\/posts"}],"about":[{"href":"https:\/\/www.paparazzinews.com.br\/index.php?rest_route=\/wp\/v2\/types\/post"}],"author":[{"embeddable":true,"href":"https:\/\/www.paparazzinews.com.br\/index.php?rest_route=\/wp\/v2\/users\/1"}],"replies":[{"embeddable":true,"href":"https:\/\/www.paparazzinews.com.br\/index.php?rest_route=%2Fwp%2Fv2%2Fcomments&post=11028"}],"version-history":[{"count":1,"href":"https:\/\/www.paparazzinews.com.br\/index.php?rest_route=\/wp\/v2\/posts\/11028\/revisions"}],"predecessor-version":[{"id":11030,"href":"https:\/\/www.paparazzinews.com.br\/index.php?rest_route=\/wp\/v2\/posts\/11028\/revisions\/11030"}],"wp:featuredmedia":[{"embeddable":true,"href":"https:\/\/www.paparazzinews.com.br\/index.php?rest_route=\/wp\/v2\/media\/11029"}],"wp:attachment":[{"href":"https:\/\/www.paparazzinews.com.br\/index.php?rest_route=%2Fwp%2Fv2%2Fmedia&parent=11028"}],"wp:term":[{"taxonomy":"category","embeddable":true,"href":"https:\/\/www.paparazzinews.com.br\/index.php?rest_route=%2Fwp%2Fv2%2Fcategories&post=11028"},{"taxonomy":"post_tag","embeddable":true,"href":"https:\/\/www.paparazzinews.com.br\/index.php?rest_route=%2Fwp%2Fv2%2Ftags&post=11028"}],"curies":[{"name":"wp","href":"https:\/\/api.w.org\/{rel}","templated":true}]}}