{"id":11009,"date":"2024-08-01T15:44:35","date_gmt":"2024-08-01T18:44:35","guid":{"rendered":"https:\/\/www.paparazzinews.com.br\/?p=11009"},"modified":"2024-08-01T15:44:36","modified_gmt":"2024-08-01T18:44:36","slug":"sp-divulga-concurso-de-redacao-sobre-mudancas-climaticas-para-escolas-estaduais","status":"publish","type":"post","link":"https:\/\/www.paparazzinews.com.br\/?p=11009","title":{"rendered":"SP divulga concurso de reda\u00e7\u00e3o sobre mudan\u00e7as clim\u00e1ticas para escolas estaduais"},"content":{"rendered":"\n<p>As secretarias de Meio Ambiente, Infraestrutura e Log\u00edstica (Semil) e Educa\u00e7\u00e3o (Seduc) do Estado de S\u00e3o Paulo divulgam nesta quinta-feira (1\u00ba) o regulamento do Concurso de Reda\u00e7\u00e3o Adapta Escola SP: Mudan\u00e7as Clim\u00e1ticas e as A\u00e7\u00f5es das Comunidades Escolares do Estado de S\u00e3o Paulo, lan\u00e7ado durante as comemora\u00e7\u00f5es do Dia Mundial do Meio Ambiente. O concurso visa promover nas escolas estaduais a conscientiza\u00e7\u00e3o sobre as mudan\u00e7as clim\u00e1ticas, incentivando a comunidade escolar a desenvolver projetos e adotar medidas que contribuam para a redu\u00e7\u00e3o das emiss\u00f5es de g\u00e1s carb\u00f4nico e a preserva\u00e7\u00e3o do planeta.<\/p>\n\n\n\n<p>Para a secret\u00e1ria de Meio Ambiente, Infraestrutura e Log\u00edstica, Nat\u00e1lia Resende, o projeto vai al\u00e9m da quest\u00e3o textual: \u201cQueremos gerar consci\u00eancia e engajar os alunos para que possam, por meio de atitudes do dia a dia, fazer a diferen\u00e7a nas casas deles, nas escolas e na comunidade\u201d, avaliou.<\/p>\n\n\n\n<p>Podem participar do concurso estudantes da rede p\u00fablica estadual, a partir do 5\u00ba ano do Ensino Fundamental. A competi\u00e7\u00e3o ser\u00e1 dividida em tr\u00eas categorias: Anos Iniciais do Ensino Fundamental (5\u00ba ano), Anos Finais do Ensino Fundamental (6\u00ba ao 9\u00ba ano) e Ensino M\u00e9dio (1\u00aa a 3\u00aa s\u00e9rie). Neste contexto, est\u00e3o inseridos mais de 2,6 milh\u00f5es de estudantes.<\/p>\n\n\n\n<p>As reda\u00e7\u00f5es precisam abordar o tema \u201cMudan\u00e7as Clim\u00e1ticas\u201d e podem explorar aspectos de mitiga\u00e7\u00e3o e adapta\u00e7\u00e3o, com diferentes g\u00eaneros textuais para cada categoria: os alunos de 5\u00ba ano do Ensino Fundamental devem produzir o texto, seguindo a linha \u201cVoc\u00ea sabia que\u2026\u201d, e os das duas outras categorias (6\u00ba ao 9\u00ba ano do Ensino Fundamental e Ensino M\u00e9dio) t\u00eam que criar um texto dissertativo argumentativo. Essas turmas podem relatar projetos que desenvolveram na pr\u00f3pria escola, envolvendo a comunidade.<\/p>\n\n\n\n<p>As reda\u00e7\u00f5es devem ser produzidas em equipe, composta por tr\u00eas alunos da unidade escolar, com o acompanhamento de um professor orientador. Para orientar os alunos, os professores contar\u00e3o com materiais disponibilizados pela Semil no&nbsp;<a href=\"http:\/\/semil.sp.gov.br\/educacaoambiental\" target=\"_blank\" rel=\"noreferrer noopener\">site da Educa\u00e7\u00e3o Ambiental<\/a>&nbsp;e ser\u00e3o instru\u00eddos por meio de uma live, que ser\u00e1 realizada no dia 2 de agosto.<\/p>\n\n\n\n<p>Os estudantes poder\u00e3o desenvolver as reda\u00e7\u00f5es de 5 de agosto a 4 de outubro. Nesta primeira etapa, cada unidade escolar ir\u00e1 formar uma comiss\u00e3o julgadora e escolher tr\u00eas reda\u00e7\u00f5es, uma por categoria.<\/p>\n\n\n\n<p>Depois, do dia 7 de outubro a 25 de outubro, cada diretoria de ensino ir\u00e1 escolher tr\u00eas reda\u00e7\u00f5es, uma por categoria.<\/p>\n\n\n\n<p>Os textos selecionados ser\u00e3o encaminhados para a Seduc, que vai escolher nove reda\u00e7\u00f5es, tr\u00eas por categoria. Por fim, a Semil classificar\u00e1 esses textos em primeiro, segundo e terceiro lugar.<\/p>\n\n\n\n<p>Os crit\u00e9rios de avalia\u00e7\u00e3o da produ\u00e7\u00e3o textual dos alunos do 5\u00ba ano levar\u00e3o em considera\u00e7\u00e3o originalidade, capacidade de comunica\u00e7\u00e3o e argumenta\u00e7\u00e3o, entendimento do g\u00eanero textual proposto, desenvolvimento do tema e qualidade da escrita e normas ortogr\u00e1ficas e gramaticais. As reda\u00e7\u00f5es dos estudantes do 6\u00ba ao 9\u00ba do Ensino Fundamental e do Ensino M\u00e9dio ser\u00e3o avaliadas conforme os seguintes crit\u00e9rios: criatividade, relev\u00e2ncia, organiza\u00e7\u00e3o do texto, ortografia e gram\u00e1tica.<\/p>\n\n\n\n<p>O resultado ser\u00e1 divulgado no dia 22 de novembro no site das secretarias. A premia\u00e7\u00e3o ser\u00e1 no dia 29 de novembro em local a ser definido. Os pr\u00eamios ser\u00e3o leitores de livros digitais, tablets e notebooks.<\/p>\n\n\n\n<p>O regulamento completo pode ser consultado na&nbsp;<a href=\"http:\/\/www.escoladeformacao.sp.gov.br\/portais\/Default.aspx?tabid=9390\" target=\"_blank\" rel=\"noreferrer noopener\">p\u00e1gina do Centro de Refer\u00eancia em Educa\u00e7\u00e3o (CRE) Mario Covas.<\/a><\/p>\n\n\n\n<p><strong><em><strong><em><strong><em><strong><em><strong><em><strong><em><strong><em><strong><em><strong>Siga nossas redes sociais no\u00a0<a href=\"https:\/\/www.instagram.com\/ronipaparazzi\/\">Instagram\u00a0<\/a>e\u00a0<a href=\"https:\/\/www.facebook.com\/ronipaparazzicomvoce\">Facebook<\/a>\u00a0participe da nossa comunidade do Canal Roni Paparazzi no Whatsapp e receba as principais not\u00edcias da regi\u00e3o de Ara\u00e7atuba do dia direto no seu celular.<\/strong>\u00a0<a href=\"https:\/\/chat.whatsapp.com\/GsG1XKo0jPOEfjzudWQcml\" target=\"_blank\" rel=\"noreferrer noopener\">\u00a0Clique aqui e se inscreva.<\/a><\/em><\/strong><\/em><\/strong><\/em><\/strong><\/em><\/strong><\/em><\/strong><\/em><\/strong><\/em><\/strong><\/em><\/strong><\/p>\n","protected":false},"excerpt":{"rendered":"<p>As secretarias de Meio Ambiente, Infraestrutura e Log\u00edstica (Semil) e Educa\u00e7\u00e3o (Seduc) do Estado de S\u00e3o Paulo divulgam nesta quinta-feira (1\u00ba) o regulamento do Concurso de Reda\u00e7\u00e3o Adapta Escola SP: Mudan\u00e7as Clim\u00e1ticas e as A\u00e7\u00f5es das Comunidades Escolares do Estado de S\u00e3o Paulo, lan\u00e7ado durante as comemora\u00e7\u00f5es do Dia Mundial do Meio Ambiente. O concurso &hellip;<\/p>\n","protected":false},"author":1,"featured_media":11010,"comment_status":"open","ping_status":"open","sticky":false,"template":"","format":"standard","meta":{"_jetpack_memberships_contains_paid_content":false,"footnotes":"","jetpack_publicize_message":"","jetpack_publicize_feature_enabled":true,"jetpack_social_post_already_shared":false,"jetpack_social_options":{"image_generator_settings":{"template":"highway","default_image_id":0,"enabled":false},"version":2}},"categories":[4],"tags":[],"class_list":["post-11009","post","type-post","status-publish","format-standard","has-post-thumbnail","hentry","category-regiao"],"jetpack_publicize_connections":[],"jetpack_featured_media_url":"https:\/\/i0.wp.com\/www.paparazzinews.com.br\/wp-content\/uploads\/2024\/08\/estudante.jpg?fit=1024%2C683&ssl=1","views":"2186","jetpack_likes_enabled":true,"jetpack_sharing_enabled":true,"_links":{"self":[{"href":"https:\/\/www.paparazzinews.com.br\/index.php?rest_route=\/wp\/v2\/posts\/11009","targetHints":{"allow":["GET"]}}],"collection":[{"href":"https:\/\/www.paparazzinews.com.br\/index.php?rest_route=\/wp\/v2\/posts"}],"about":[{"href":"https:\/\/www.paparazzinews.com.br\/index.php?rest_route=\/wp\/v2\/types\/post"}],"author":[{"embeddable":true,"href":"https:\/\/www.paparazzinews.com.br\/index.php?rest_route=\/wp\/v2\/users\/1"}],"replies":[{"embeddable":true,"href":"https:\/\/www.paparazzinews.com.br\/index.php?rest_route=%2Fwp%2Fv2%2Fcomments&post=11009"}],"version-history":[{"count":1,"href":"https:\/\/www.paparazzinews.com.br\/index.php?rest_route=\/wp\/v2\/posts\/11009\/revisions"}],"predecessor-version":[{"id":11011,"href":"https:\/\/www.paparazzinews.com.br\/index.php?rest_route=\/wp\/v2\/posts\/11009\/revisions\/11011"}],"wp:featuredmedia":[{"embeddable":true,"href":"https:\/\/www.paparazzinews.com.br\/index.php?rest_route=\/wp\/v2\/media\/11010"}],"wp:attachment":[{"href":"https:\/\/www.paparazzinews.com.br\/index.php?rest_route=%2Fwp%2Fv2%2Fmedia&parent=11009"}],"wp:term":[{"taxonomy":"category","embeddable":true,"href":"https:\/\/www.paparazzinews.com.br\/index.php?rest_route=%2Fwp%2Fv2%2Fcategories&post=11009"},{"taxonomy":"post_tag","embeddable":true,"href":"https:\/\/www.paparazzinews.com.br\/index.php?rest_route=%2Fwp%2Fv2%2Ftags&post=11009"}],"curies":[{"name":"wp","href":"https:\/\/api.w.org\/{rel}","templated":true}]}}