{"id":11006,"date":"2024-08-01T15:43:17","date_gmt":"2024-08-01T18:43:17","guid":{"rendered":"https:\/\/www.paparazzinews.com.br\/?p=11006"},"modified":"2024-08-01T15:43:18","modified_gmt":"2024-08-01T18:43:18","slug":"carretas-da-mamografia-passam-por-municipios-de-sp-no-mes-de-agosto-veja-quais","status":"publish","type":"post","link":"https:\/\/www.paparazzinews.com.br\/?p=11006","title":{"rendered":"Carretas da Mamografia passam por munic\u00edpios de SP no m\u00eas de agosto; veja quais"},"content":{"rendered":"\n<p>Os munic\u00edpios de Cunha, Len\u00e7\u00f3is Paulista, Queluz e Agua\u00ed receber\u00e3o durante o m\u00eas de agosto as Carretas da Mamografia, do Programa Mulheres de Peito, que visa o diagn\u00f3stico e tratamento precoce do c\u00e2ncer de mama. O servi\u00e7o \u00e9 uma iniciativa do Governo de S\u00e3o Paulo, por meio da Secretaria de Estado da Sa\u00fade (SES) que promove mamografia gratuita para mulheres acima de 35 anos.<\/p>\n\n\n\n<p>Incentivando o autocuidado, as carretas atendem mulheres, sem necessidade de agendamento, entre 35 e 49 anos e acima de 70 anos mediante apresenta\u00e7\u00e3o do RG, cart\u00e3o do SUS (Sistema \u00danico de Sa\u00fade) e pedido m\u00e9dico. Para as pacientes com idade entre 50 e 69 anos, \u00e9 necess\u00e1rio apresentar apenas RG e cart\u00e3o do SUS.<\/p>\n\n\n\n<p>Do dia 3 de janeiro at\u00e9 27 de julho deste ano, foram realizados 18.895 exames de mamografia em 39 munic\u00edpios do estado com tr\u00eas carretas de mamografia em funcionamento. Em 2023, o programa realizou 24.690 exames e percorreu 47 munic\u00edpios.<\/p>\n\n\n\n<p>Caso sejam detectadas altera\u00e7\u00f5es no exame, as pacientes s\u00e3o encaminhadas a um servi\u00e7o de refer\u00eancia do SUS para a realiza\u00e7\u00e3o de exames complementares ou tratamento.<\/p>\n\n\n\n<p>O servi\u00e7o funciona de segunda a sexta-feira, das 8h \u00e0s 17h, com disponibiliza\u00e7\u00e3o de at\u00e9 50 senhas. Aos s\u00e1bados, o hor\u00e1rio \u00e9 das 8h \u00e0s 12h, exceto feriados, com atendimento de at\u00e9 25 mulheres. A distribui\u00e7\u00e3o de senhas \u00e9 feita por demanda espont\u00e2nea e por ordem de chegada.<\/p>\n\n\n\n<p>Atualmente, a popula\u00e7\u00e3o pode ter acesso ao itiner\u00e1rio das carretas da mamografia pelo app e site do Poupatempo.O programa \u201cMulheres de Peito\u201d tamb\u00e9m j\u00e1 est\u00e1 dispon\u00edvel nas plataformas, auxiliando no agendamento de mamografias e direcionando as liga\u00e7\u00f5es para o telefone 0800-779-0000, da Central de Regula\u00e7\u00e3o de Oferta de Servi\u00e7os do Estado (Cross).<\/p>\n\n\n\n<p>Por meio do \u201c0800\u201d, as mulheres entre 50 e 69 anos que n\u00e3o fizeram mamografia nos \u00faltimos dois anos podem agendar o exame mesmo sem pedido m\u00e9dico.<\/p>\n\n\n\n<h2 class=\"wp-block-heading\">Sobre o exame<\/h2>\n\n\n\n<p>As imagens capturadas nos mam\u00f3grafos s\u00e3o encaminhadas para o Servi\u00e7o Estadual de Diagn\u00f3stico por Imagem (SEDI) da Secretaria de Estado da Sa\u00fade, localizado na capital paulista, que emite laudos \u00e0 dist\u00e2ncia. O resultado sai em at\u00e9 dois dias ap\u00f3s a realiza\u00e7\u00e3o do exame.<\/p>\n\n\n\n<p>As carretas contam com uma equipe multidisciplinar composta por t\u00e9cnicos em radiologia, agentes administrativos e supervisor de unidade. Para agilizar o diagn\u00f3stico, cada ve\u00edculo \u00e9 equipado com conversor de imagens anal\u00f3gicas em digitais, impressoras, computadores e mobili\u00e1rios.<\/p>\n\n\n\n<p>Caso sejam detectadas altera\u00e7\u00f5es no exame, as pacientes s\u00e3o encaminhadas a um servi\u00e7o de refer\u00eancia do SUS para a realiza\u00e7\u00e3o de exames complementares ou tratamento.<\/p>\n\n\n\n<h2 class=\"wp-block-heading\">Confira o cronograma em cada munic\u00edpio:<\/h2>\n\n\n\n<p><strong>Carreta da Mamografia em Cunha:<\/strong><br>Data: 06 a 17 de agosto de 2024<br>Hor\u00e1rio: segunda a sexta-feira, das 8h \u00e0s 17h, e, aos s\u00e1bados, das 8h \u00e0s 12h (exceto feriados)<br>Endere\u00e7o: Alameda Lavap\u00e9s \u2013 Centro \u2013 CEP:12530-000 \u2013 Cunha -SP<\/p>\n\n\n\n<p><strong>Carreta da Mamografia em Len\u00e7\u00f3is Paulista:<\/strong><br>Data: 13 a 24 de agosto de 2024<br>Hor\u00e1rio: segunda a sexta-feira, das 8h \u00e0s 17h, e, aos s\u00e1bados, das 8h \u00e0s 12h (exceto feriados)<br>Endere\u00e7o: Rua Sete de Setembro, Pra\u00e7a Comendador Jos\u00e9 Zillo \u2013 CEP: 18680-005 \u2013 Len\u00e7\u00f3is Paulista \u2013 SP<\/p>\n\n\n\n<p><strong>Carreta da Mamografia em Queluz:<\/strong><br>Data: 20 a 31 de agosto de 2024<br>Hor\u00e1rio: segunda a sexta-feira, das 8h \u00e0s 17h, e, aos s\u00e1bados, das 8h \u00e0s 12h (exceto feriados)<br>Endere\u00e7o: Estrada Municipal Hamilcar Bevilaqua Porteira, Espa\u00e7o de Eventos 8 de Mar\u00e7o \u2013 Pra\u00e7a de Eventos \u2013 CEP \u2013 12800-000 -Queluz \u2013 SP<\/p>\n\n\n\n<p><strong>Carreta da Mamografia em Agua\u00ed:<\/strong><br>Data: 27 de agosto a 06 de setembro de 2024<br>Hor\u00e1rio: segunda a sexta-feira, das 8h \u00e0s 17h, e, aos s\u00e1bados, das 8h \u00e0s 12h (exceto feriados)<br>Endere\u00e7o: Avenida Milan\u00eas Vasconcelos, 360 \u2013 Parque Interlagos \u2013 CEP: 13860-000 \u2013 Agua\u00ed \u2013 SP<\/p>\n\n\n\n<h2 class=\"wp-block-heading\">SP Por Todas<\/h2>\n\n\n\n<p>SP Por Todas \u00e9 um movimento promovido pelo Governo do Estado de S\u00e3o Paulo para ampliar a visibilidade das pol\u00edticas p\u00fablicas para mulheres, bem como a rede de prote\u00e7\u00e3o, acolhimento e autonomia profissional e financeira que viabiliza servi\u00e7os exclusivos para elas.<\/p>\n\n\n\n<p>Essas frentes est\u00e3o nos pilares da gest\u00e3o e incluem novas solu\u00e7\u00f5es lan\u00e7adas em mar\u00e7o de 2024. Um dos destaques \u00e9 o aux\u00edlio-aluguel de R$ 500 para v\u00edtimas de viol\u00eancia dom\u00e9stica. Tamb\u00e9m houve amplia\u00e7\u00e3o do monitoramento permanente de agressores com uso de tornozeleiras; o lan\u00e7amento do aplicativo SPMulher Segura que conecta a pol\u00edcia de forma direta e \u00e1gil caso o agressor se aproxime; e a cria\u00e7\u00e3o de novas salas da Delegacia da Defesa da Mulher 24 horas.<\/p>\n\n\n\n<p>O Governo do Estado ampliou linhas de cr\u00e9dito para elas e ampliou a entrega das Casas da Mulher Paulista, que oferecem servi\u00e7os de apoio psicol\u00f3gico e capacita\u00e7\u00e3o profissional. A gest\u00e3o paulista ainda implementou o protocolo N\u00e3o Se Cale para acolhimento imediato e combate \u00e0 importuna\u00e7\u00e3o sexual em bares, restaurantes, casas de show e similares, formando equipes em um curso online oferecido gratuitamente aos profissionais do setor.<\/p>\n\n\n\n<p><strong><em><strong><em><strong><em><strong><em><strong><em><strong><em><strong><em><strong><em><strong>Siga nossas redes sociais no\u00a0<a href=\"https:\/\/www.instagram.com\/ronipaparazzi\/\">Instagram\u00a0<\/a>e\u00a0<a href=\"https:\/\/www.facebook.com\/ronipaparazzicomvoce\">Facebook<\/a>\u00a0participe da nossa comunidade do Canal Roni Paparazzi no Whatsapp e receba as principais not\u00edcias da regi\u00e3o de Ara\u00e7atuba do dia direto no seu celular.<\/strong>\u00a0<a href=\"https:\/\/chat.whatsapp.com\/GsG1XKo0jPOEfjzudWQcml\" target=\"_blank\" rel=\"noreferrer noopener\">\u00a0Clique aqui e se inscreva.<\/a><\/em><\/strong><\/em><\/strong><\/em><\/strong><\/em><\/strong><\/em><\/strong><\/em><\/strong><\/em><\/strong><\/em><\/strong><\/p>\n","protected":false},"excerpt":{"rendered":"<p>Os munic\u00edpios de Cunha, Len\u00e7\u00f3is Paulista, Queluz e Agua\u00ed receber\u00e3o durante o m\u00eas de agosto as Carretas da Mamografia, do Programa Mulheres de Peito, que visa o diagn\u00f3stico e tratamento precoce do c\u00e2ncer de mama. O servi\u00e7o \u00e9 uma iniciativa do Governo de S\u00e3o Paulo, por meio da Secretaria de Estado da Sa\u00fade (SES) que &hellip;<\/p>\n","protected":false},"author":1,"featured_media":11007,"comment_status":"open","ping_status":"open","sticky":false,"template":"","format":"standard","meta":{"_jetpack_memberships_contains_paid_content":false,"footnotes":"","jetpack_publicize_message":"","jetpack_publicize_feature_enabled":true,"jetpack_social_post_already_shared":false,"jetpack_social_options":{"image_generator_settings":{"template":"highway","default_image_id":0,"enabled":false},"version":2}},"categories":[4],"tags":[],"class_list":["post-11006","post","type-post","status-publish","format-standard","has-post-thumbnail","hentry","category-regiao"],"jetpack_publicize_connections":[],"jetpack_featured_media_url":"https:\/\/i0.wp.com\/www.paparazzinews.com.br\/wp-content\/uploads\/2024\/08\/FotoJet-12-768x495-1.jpg?fit=768%2C495&ssl=1","views":"2178","jetpack_likes_enabled":true,"jetpack_sharing_enabled":true,"_links":{"self":[{"href":"https:\/\/www.paparazzinews.com.br\/index.php?rest_route=\/wp\/v2\/posts\/11006","targetHints":{"allow":["GET"]}}],"collection":[{"href":"https:\/\/www.paparazzinews.com.br\/index.php?rest_route=\/wp\/v2\/posts"}],"about":[{"href":"https:\/\/www.paparazzinews.com.br\/index.php?rest_route=\/wp\/v2\/types\/post"}],"author":[{"embeddable":true,"href":"https:\/\/www.paparazzinews.com.br\/index.php?rest_route=\/wp\/v2\/users\/1"}],"replies":[{"embeddable":true,"href":"https:\/\/www.paparazzinews.com.br\/index.php?rest_route=%2Fwp%2Fv2%2Fcomments&post=11006"}],"version-history":[{"count":1,"href":"https:\/\/www.paparazzinews.com.br\/index.php?rest_route=\/wp\/v2\/posts\/11006\/revisions"}],"predecessor-version":[{"id":11008,"href":"https:\/\/www.paparazzinews.com.br\/index.php?rest_route=\/wp\/v2\/posts\/11006\/revisions\/11008"}],"wp:featuredmedia":[{"embeddable":true,"href":"https:\/\/www.paparazzinews.com.br\/index.php?rest_route=\/wp\/v2\/media\/11007"}],"wp:attachment":[{"href":"https:\/\/www.paparazzinews.com.br\/index.php?rest_route=%2Fwp%2Fv2%2Fmedia&parent=11006"}],"wp:term":[{"taxonomy":"category","embeddable":true,"href":"https:\/\/www.paparazzinews.com.br\/index.php?rest_route=%2Fwp%2Fv2%2Fcategories&post=11006"},{"taxonomy":"post_tag","embeddable":true,"href":"https:\/\/www.paparazzinews.com.br\/index.php?rest_route=%2Fwp%2Fv2%2Ftags&post=11006"}],"curies":[{"name":"wp","href":"https:\/\/api.w.org\/{rel}","templated":true}]}}