{"id":11003,"date":"2024-08-01T15:38:06","date_gmt":"2024-08-01T18:38:06","guid":{"rendered":"https:\/\/www.paparazzinews.com.br\/?p=11003"},"modified":"2024-08-01T15:38:07","modified_gmt":"2024-08-01T18:38:07","slug":"escolas-civico-militares-comunidades-escolares-serao-ouvidas-a-partir-desta-quinta","status":"publish","type":"post","link":"https:\/\/www.paparazzinews.com.br\/?p=11003","title":{"rendered":"Escolas c\u00edvico-militares: comunidades escolares ser\u00e3o ouvidas a partir desta quinta"},"content":{"rendered":"\n<p>Come\u00e7a nesta quinta-feira (1\u00ba) mais uma etapa do processo de escuta da comunidade escolar para a ades\u00e3o ao programa de escolas c\u00edvico-militares da Secretaria da Educa\u00e7\u00e3o do Estado de S\u00e3o Paulo (Seduc-SP). Agora, as 300 unidades escolares que manifestaram interesse em aderir ao programa ser\u00e3o respons\u00e1veis por fazer&nbsp;<a href=\"https:\/\/www.saopaulo.sp.gov.br\/spnoticias\/ultimas-noticias\/educacao-de-sp-abre-consulta-publica-sobre-a-implementacao-das-escolas-civico-militares\/\" target=\"_blank\" rel=\"noreferrer noopener\">consultas p\u00fablicas<\/a>&nbsp;para que a comunidade escolar opine e vote pela ades\u00e3o ou n\u00e3o \u00e0 modalidade. O voto deve ser registrado por meio da Secretaria Escolar Digital (SED) at\u00e9 o dia 15 de agosto.<\/p>\n\n\n\n<p><strong>LEIA MAIS:&nbsp;<a href=\"https:\/\/www.saopaulo.sp.gov.br\/spnoticias\/ultimas-noticias\/governador-sanciona-lei-que-institui-escolas-civico-militares-em-sp\/\" target=\"_blank\" rel=\"noreferrer noopener\">Governador sanciona lei que institui escolas c\u00edvico-militares em SP<\/a><\/strong><\/p>\n\n\n\n<p>Outras duas rodadas de consulta est\u00e3o previstas para unidades que n\u00e3o atingirem a quantidade de votos v\u00e1lidos. Para esses casos, a segunda consulta ser\u00e1 realizada pela SED entre de 20 a 22 de agosto. Caso haja a necessidade, uma terceira rodada de consulta deve ocorrer entre 27 e 29 de agosto, tamb\u00e9m pela SED.<\/p>\n\n\n\n<p>A expectativa da Educa\u00e7\u00e3o de SP \u00e9 iniciar o projeto em 2025 com 45 unidades educacionais da rede, permitindo um acompanhamento detalhado da implanta\u00e7\u00e3o do modelo e a avalia\u00e7\u00e3o da possibilidade de amplia\u00e7\u00e3o nos pr\u00f3ximos anos.<\/p>\n\n\n\n<h2 class=\"wp-block-heading\">Quem pode participar da consulta p\u00fablica:<\/h2>\n\n\n\n<ul class=\"wp-block-list\">\n<li>M\u00e3e, pai ou respons\u00e1vel pelos alunos menores de 16 anos de idade;<\/li>\n\n\n\n<li>Estudantes a partir de 16 anos de idade, ou seus familiares, em caso de absten\u00e7\u00e3o de alunos dessa faixa et\u00e1ria. Neste caso, vale apenas um voto por fam\u00edlia;<\/li>\n\n\n\n<li>Professores e outros profissionais da equipe escolar.<\/li>\n<\/ul>\n\n\n\n<p>Durante a consulta p\u00fablica, se mais do que 45 comunidades escolares manifestarem interesse no programa, ser\u00e3o adotados crit\u00e9rios de desempate para a sele\u00e7\u00e3o das unidades.<\/p>\n\n\n\n<p>A previs\u00e3o \u00e9 de que as 45 escolas selecionadas para integrar o programa sejam conhecidas at\u00e9 o final de agosto. O per\u00edodo coincide com a primeira etapa do processo de matr\u00edculas e transfer\u00eancias na rede estadual de ensino. At\u00e9 o in\u00edcio de setembro, estudantes poder\u00e3o registrar inten\u00e7\u00e3o de transfer\u00eancia para essas unidades ou para outras escolas da rede.<\/p>\n\n\n\n<h2 class=\"wp-block-heading\">Curr\u00edculo e processo seletivo das escolas c\u00edvico-militares<\/h2>\n\n\n\n<p>As escolas que adotarem o modelo c\u00edvico-militar seguir\u00e3o o Curr\u00edculo Paulista, organizado pela Secretaria da Educa\u00e7\u00e3o. A contrata\u00e7\u00e3o e a forma\u00e7\u00e3o de professores tamb\u00e9m n\u00e3o mudam, seguem o mesmo processo realizado nas unidades de ensino de outras modalidades. A&nbsp;<a href=\"http:\/\/www.educacao.sp.gov.br\/\" target=\"_blank\" rel=\"noreferrer noopener\">Seduc-SP<\/a>&nbsp;tamb\u00e9m ser\u00e1 respons\u00e1vel pela sele\u00e7\u00e3o dos monitores.<\/p>\n\n\n\n<p>Caber\u00e1 \u00e0 Secretaria da Seguran\u00e7a P\u00fablica apoiar a Secretaria da Educa\u00e7\u00e3o no processo seletivo e emitir declara\u00e7\u00f5es com informa\u00e7\u00f5es sobre o comportamento e sobre processos criminais ou administrativos, conclu\u00eddos ou n\u00e3o, em que os candidatos a atuar como monitores nessas unidades de ensino possam estar envolvidos.<\/p>\n\n\n\n<p>A SSP tamb\u00e9m vai participar do desenvolvimento de atividades extracurriculares na modalidade c\u00edvico-militares, organiza\u00e7\u00e3o e seguran\u00e7a escolar. O processo seletivo dos policiais da reserva\u2014 ser\u00e1 ao menos um por escola \u2014 caber\u00e1 \u00e0 Educa\u00e7\u00e3o e dever\u00e1 ter in\u00edcio ap\u00f3s as consultas p\u00fablicas. No caso de escolas municipais, a Seguran\u00e7a P\u00fablica deve colaborar com as prefeituras e a sele\u00e7\u00e3o ficar\u00e1 a crit\u00e9rio das secretarias municipais.<\/p>\n\n\n\n<p>O investimento nas escolas c\u00edvico-militares ser\u00e1 o mesmo j\u00e1 previsto nas unidades regulares. O gasto com a contrata\u00e7\u00e3o dos monitores, j\u00e1 considerando a expectativa final de 100 escolas c\u00edvico-militares, ser\u00e1 de R$ 7,2 milh\u00f5es.<\/p>\n\n\n\n<p><strong><em><strong><em><strong><em><strong><em><strong><em><strong><em><strong><em><strong><em><strong>Siga nossas redes sociais no\u00a0<a href=\"https:\/\/www.instagram.com\/ronipaparazzi\/\">Instagram\u00a0<\/a>e\u00a0<a href=\"https:\/\/www.facebook.com\/ronipaparazzicomvoce\">Facebook<\/a>\u00a0participe da nossa comunidade do Canal Roni Paparazzi no Whatsapp e receba as principais not\u00edcias da regi\u00e3o de Ara\u00e7atuba do dia direto no seu celular.<\/strong>\u00a0<a href=\"https:\/\/chat.whatsapp.com\/GsG1XKo0jPOEfjzudWQcml\" target=\"_blank\" rel=\"noreferrer noopener\">\u00a0Clique aqui e se inscreva.<\/a><\/em><\/strong><\/em><\/strong><\/em><\/strong><\/em><\/strong><\/em><\/strong><\/em><\/strong><\/em><\/strong><\/em><\/strong><\/p>\n","protected":false},"excerpt":{"rendered":"<p>Come\u00e7a nesta quinta-feira (1\u00ba) mais uma etapa do processo de escuta da comunidade escolar para a ades\u00e3o ao programa de escolas c\u00edvico-militares da Secretaria da Educa\u00e7\u00e3o do Estado de S\u00e3o Paulo (Seduc-SP). Agora, as 300 unidades escolares que manifestaram interesse em aderir ao programa ser\u00e3o respons\u00e1veis por fazer&nbsp;consultas p\u00fablicas&nbsp;para que a comunidade escolar opine e &hellip;<\/p>\n","protected":false},"author":1,"featured_media":11004,"comment_status":"open","ping_status":"open","sticky":false,"template":"","format":"standard","meta":{"_jetpack_memberships_contains_paid_content":false,"footnotes":"","jetpack_publicize_message":"","jetpack_publicize_feature_enabled":true,"jetpack_social_post_already_shared":false,"jetpack_social_options":{"image_generator_settings":{"template":"highway","default_image_id":0,"enabled":false},"version":2}},"categories":[4],"tags":[],"class_list":["post-11003","post","type-post","status-publish","format-standard","has-post-thumbnail","hentry","category-regiao"],"jetpack_publicize_connections":[],"jetpack_featured_media_url":"https:\/\/i0.wp.com\/www.paparazzinews.com.br\/wp-content\/uploads\/2024\/08\/WhatsApp-Image-2024-07-23-at-10.56.16.jpeg?fit=720%2C440&ssl=1","views":"2142","jetpack_likes_enabled":true,"jetpack_sharing_enabled":true,"_links":{"self":[{"href":"https:\/\/www.paparazzinews.com.br\/index.php?rest_route=\/wp\/v2\/posts\/11003","targetHints":{"allow":["GET"]}}],"collection":[{"href":"https:\/\/www.paparazzinews.com.br\/index.php?rest_route=\/wp\/v2\/posts"}],"about":[{"href":"https:\/\/www.paparazzinews.com.br\/index.php?rest_route=\/wp\/v2\/types\/post"}],"author":[{"embeddable":true,"href":"https:\/\/www.paparazzinews.com.br\/index.php?rest_route=\/wp\/v2\/users\/1"}],"replies":[{"embeddable":true,"href":"https:\/\/www.paparazzinews.com.br\/index.php?rest_route=%2Fwp%2Fv2%2Fcomments&post=11003"}],"version-history":[{"count":1,"href":"https:\/\/www.paparazzinews.com.br\/index.php?rest_route=\/wp\/v2\/posts\/11003\/revisions"}],"predecessor-version":[{"id":11005,"href":"https:\/\/www.paparazzinews.com.br\/index.php?rest_route=\/wp\/v2\/posts\/11003\/revisions\/11005"}],"wp:featuredmedia":[{"embeddable":true,"href":"https:\/\/www.paparazzinews.com.br\/index.php?rest_route=\/wp\/v2\/media\/11004"}],"wp:attachment":[{"href":"https:\/\/www.paparazzinews.com.br\/index.php?rest_route=%2Fwp%2Fv2%2Fmedia&parent=11003"}],"wp:term":[{"taxonomy":"category","embeddable":true,"href":"https:\/\/www.paparazzinews.com.br\/index.php?rest_route=%2Fwp%2Fv2%2Fcategories&post=11003"},{"taxonomy":"post_tag","embeddable":true,"href":"https:\/\/www.paparazzinews.com.br\/index.php?rest_route=%2Fwp%2Fv2%2Ftags&post=11003"}],"curies":[{"name":"wp","href":"https:\/\/api.w.org\/{rel}","templated":true}]}}