{"id":11000,"date":"2024-08-01T15:33:25","date_gmt":"2024-08-01T18:33:25","guid":{"rendered":"https:\/\/www.paparazzinews.com.br\/?p=11000"},"modified":"2024-08-01T15:33:26","modified_gmt":"2024-08-01T18:33:26","slug":"sp-dobra-valor-maximo-para-compra-de-alimentos-da-agricultura-familiar","status":"publish","type":"post","link":"https:\/\/www.paparazzinews.com.br\/?p=11000","title":{"rendered":"SP dobra valor m\u00e1ximo para compra de alimentos da agricultura familiar"},"content":{"rendered":"\n<p>O Governo de S\u00e3o Paulo aumentou o valor anual usado para comprar alimentos da agricultura familiar. Por meio de um decreto publicado nesta quarta-feira (31), o valor m\u00e1ximo que o Governo poder\u00e1 comprar de cada agricultor em um ano dobrou: foi de R$ 52 mil para R$ 104 mil. A medida faz parte de um pacote de a\u00e7\u00f5es em apoio \u00e0 agricultura familiar.<\/p>\n\n\n\n<p>A iniciativa vai ser poss\u00edvel por meio do Programa Paulista de Interesse Social, que reserva 30% do or\u00e7amento estadual para compras de alimentos in natura ou manufaturados da&nbsp;<a href=\"https:\/\/www.saopaulo.sp.gov.br\/eventos\/agricultura-secretaria-apresenta-acoes-na-iii-feira-estadual-da-agricultura-familiar-e-do-trabalho\/\">agricultura familiar<\/a>. Al\u00e9m disso, o valor m\u00e1ximo para compra de leite pasteurizado e de seus derivados tamb\u00e9m aumentou, chegando aos mesmos R$ 104 mil.<\/p>\n\n\n\n<p>As duas a\u00e7\u00f5es fazem parte de um pacote de a\u00e7\u00f5es do Governo do Estado de S\u00e3o Paulo em apoio \u00e0 agricultura familiar. As medidas tamb\u00e9m incluem a&nbsp;<a href=\"https:\/\/www.saopaulo.sp.gov.br\/spnoticias\/ultimas-noticias\/governo-de-sp-regulariza-terras-e-promove-acoes-que-fortalecem-a-agricultura-familiar\/\">entrega de 521 t\u00edtulos de regulariza\u00e7\u00e3o fundi\u00e1ria<\/a>.<\/p>\n\n\n\n<p>\u201cHoje n\u00f3s demos um passo fundamental aqui, que \u00e9 a amplia\u00e7\u00e3o do nosso&nbsp;<a href=\"https:\/\/www.saopaulo.sp.gov.br\/eventos\/justica-agricultura-familiar-chega-as-salas-de-aula\/\">programa de agricultura de interesse social<\/a>. \u00c9 o produto da agricultura familiar que vai para a merenda escolar e que vai ser consumido nos pres\u00eddios\u201d, disse o governador Tarc\u00edsio de Freitas.<\/p>\n\n\n\n<p>O governo paulista tamb\u00e9m entregou 138 fossas biodigestoras para produtores rurais. Esses equipamentos servem para produzir fertilizantes que potencializam a produ\u00e7\u00e3o das propriedades rurais familiares. O investimento foi de quase R$ 2 milh\u00f5es.<\/p>\n\n\n\n<p>O pacote de a\u00e7\u00f5es inclui iniciativas de habita\u00e7\u00e3o. Por meio de parceria entre a CDHU e o Itesp, o governo autorizou a constru\u00e7\u00e3o de 42 moradias em assentamento no oeste paulista, com investimento de R$ 3,7 milh\u00f5es.<\/p>\n\n\n\n<h2 class=\"wp-block-heading\">Coopera\u00e7\u00e3o e recomposi\u00e7\u00e3o florestal<\/h2>\n\n\n\n<p>Outro autorizo do governador Tarc\u00edsio de Freitas prev\u00ea a produ\u00e7\u00e3o baseada em sistemas agrossilvipastoris, que integra a pecu\u00e1ria com reflorestamento. Em uma mesma \u00e1rea, s\u00e3o combinadas lavoura, cria\u00e7\u00e3o de animais e recomposi\u00e7\u00e3o de mata, que permite o aumento da produ\u00e7\u00e3o de alimentos por meio de pr\u00e1ticas agr\u00edcolas que n\u00e3o agridem o meio ambiente.<\/p>\n\n\n\n<p>O investimento para a a\u00e7\u00e3o ser\u00e1 de R$ 8 milh\u00f5es, em parceria p\u00fablico-privada, e soma, com a medida, 322 hectares j\u00e1 recompostos ou com recomposi\u00e7\u00e3o em andamento.<\/p>\n\n\n\n<p>Dentro do programa Parcerias Produtivas, a cargo do Itesp, o governo tamb\u00e9m autorizou a assinatura de dois contratos de coopera\u00e7\u00e3o entre produtores rurais e a agroind\u00fastria. Por meio da parceria, o assentado pode oferecer at\u00e9 70% de seu lote para cultivo agroindustrial. Nos 30% restantes, as empresas privadas prestam assist\u00eancia t\u00e9cnica para os agricultores familiares.<\/p>\n\n\n\n<p>No \u00faltimo levantamento, o governo paulista j\u00e1 havia implementado o modelo em 4500 hectares, com aproximadamente 700 fam\u00edlias beneficiadas.<\/p>\n\n\n\n<p><strong><em><strong><em><strong><em><strong><em><strong><em><strong><em><strong><em><strong><em><strong>Siga nossas redes sociais no\u00a0<a href=\"https:\/\/www.instagram.com\/ronipaparazzi\/\">Instagram\u00a0<\/a>e\u00a0<a href=\"https:\/\/www.facebook.com\/ronipaparazzicomvoce\">Facebook<\/a>\u00a0participe da nossa comunidade do Canal Roni Paparazzi no Whatsapp e receba as principais not\u00edcias da regi\u00e3o de Ara\u00e7atuba do dia direto no seu celular.<\/strong>\u00a0<a href=\"https:\/\/chat.whatsapp.com\/GsG1XKo0jPOEfjzudWQcml\" target=\"_blank\" rel=\"noreferrer noopener\">\u00a0Clique aqui e se inscreva.<\/a><\/em><\/strong><\/em><\/strong><\/em><\/strong><\/em><\/strong><\/em><\/strong><\/em><\/strong><\/em><\/strong><\/em><\/strong><\/p>\n","protected":false},"excerpt":{"rendered":"<p>O Governo de S\u00e3o Paulo aumentou o valor anual usado para comprar alimentos da agricultura familiar. Por meio de um decreto publicado nesta quarta-feira (31), o valor m\u00e1ximo que o Governo poder\u00e1 comprar de cada agricultor em um ano dobrou: foi de R$ 52 mil para R$ 104 mil. A medida faz parte de um &hellip;<\/p>\n","protected":false},"author":1,"featured_media":11001,"comment_status":"open","ping_status":"open","sticky":false,"template":"","format":"standard","meta":{"_jetpack_memberships_contains_paid_content":false,"footnotes":"","jetpack_publicize_message":"","jetpack_publicize_feature_enabled":true,"jetpack_social_post_already_shared":false,"jetpack_social_options":{"image_generator_settings":{"template":"highway","default_image_id":0,"enabled":false},"version":2}},"categories":[4],"tags":[],"class_list":["post-11000","post","type-post","status-publish","format-standard","has-post-thumbnail","hentry","category-regiao"],"jetpack_publicize_connections":[],"jetpack_featured_media_url":"https:\/\/i0.wp.com\/www.paparazzinews.com.br\/wp-content\/uploads\/2024\/08\/lavoura_agricultura_familiar-e1695214983640.jpg?fit=700%2C467&ssl=1","views":"2167","jetpack_likes_enabled":true,"jetpack_sharing_enabled":true,"_links":{"self":[{"href":"https:\/\/www.paparazzinews.com.br\/index.php?rest_route=\/wp\/v2\/posts\/11000","targetHints":{"allow":["GET"]}}],"collection":[{"href":"https:\/\/www.paparazzinews.com.br\/index.php?rest_route=\/wp\/v2\/posts"}],"about":[{"href":"https:\/\/www.paparazzinews.com.br\/index.php?rest_route=\/wp\/v2\/types\/post"}],"author":[{"embeddable":true,"href":"https:\/\/www.paparazzinews.com.br\/index.php?rest_route=\/wp\/v2\/users\/1"}],"replies":[{"embeddable":true,"href":"https:\/\/www.paparazzinews.com.br\/index.php?rest_route=%2Fwp%2Fv2%2Fcomments&post=11000"}],"version-history":[{"count":1,"href":"https:\/\/www.paparazzinews.com.br\/index.php?rest_route=\/wp\/v2\/posts\/11000\/revisions"}],"predecessor-version":[{"id":11002,"href":"https:\/\/www.paparazzinews.com.br\/index.php?rest_route=\/wp\/v2\/posts\/11000\/revisions\/11002"}],"wp:featuredmedia":[{"embeddable":true,"href":"https:\/\/www.paparazzinews.com.br\/index.php?rest_route=\/wp\/v2\/media\/11001"}],"wp:attachment":[{"href":"https:\/\/www.paparazzinews.com.br\/index.php?rest_route=%2Fwp%2Fv2%2Fmedia&parent=11000"}],"wp:term":[{"taxonomy":"category","embeddable":true,"href":"https:\/\/www.paparazzinews.com.br\/index.php?rest_route=%2Fwp%2Fv2%2Fcategories&post=11000"},{"taxonomy":"post_tag","embeddable":true,"href":"https:\/\/www.paparazzinews.com.br\/index.php?rest_route=%2Fwp%2Fv2%2Ftags&post=11000"}],"curies":[{"name":"wp","href":"https:\/\/api.w.org\/{rel}","templated":true}]}}