{"id":10965,"date":"2024-07-31T13:24:29","date_gmt":"2024-07-31T16:24:29","guid":{"rendered":"https:\/\/www.paparazzinews.com.br\/?p=10965"},"modified":"2024-07-31T13:24:30","modified_gmt":"2024-07-31T16:24:30","slug":"guerino-seiscento-vai-assumir-linhas-do-expresso-adamantina-na-regiao-convoca-artesp","status":"publish","type":"post","link":"https:\/\/www.paparazzinews.com.br\/?p=10965","title":{"rendered":"Guerino Seiscento vai assumir linhas do Expresso Adamantina na regi\u00e3o, convoca Artesp"},"content":{"rendered":"\n<p>A ARTESP (Ag\u00eancia de Transporte do Estado de S\u00e3o Paulo)&nbsp;<strong>publicou no Di\u00e1rio Oficial<\/strong>&nbsp;nesta segunda-feira (29) a convoca\u00e7\u00e3o da Guerino Seiscento Transportes S\/A para substituir a Expresso Adamantina Ltda em 15 linhas de \u00f4nibus que atendem diretamente munic\u00edpios da Alta Paulista. O in\u00edcio da opera\u00e7\u00e3o das linhas, pela Guerino, deve ocorrer em at\u00e9 72 horas. Veja quais s\u00e3o:<\/p>\n\n\n\n<p><strong>Expresso Adamantina \u2013 15 linhas (Agora Guerino Seiscento)<\/strong><\/p>\n\n\n\n<ul class=\"wp-block-list\">\n<li>4801\/DER\/1964 \u2013 Marilia\/Tupi Paulista<\/li>\n\n\n\n<li>5311\/DER\/1966 \u2013 Tupi Paulista\/Panorama<\/li>\n\n\n\n<li>5312\/DER\/1966 \u2013 Dracena\/Monte Castelo<\/li>\n\n\n\n<li>5347\/DER\/1966 \u2013 Dracena\/Panorama<\/li>\n\n\n\n<li>5865\/DER\/1968 \u2013 Dracena\/Presidente Epit\u00e1cio<\/li>\n\n\n\n<li>5888\/DER\/1968 \u2013 Pacaembu\/Adamantina<\/li>\n\n\n\n<li>6206\/DER\/1969 \u2013 Marilia\/Ribeir\u00e3o Preto<\/li>\n\n\n\n<li>6921\/DER\/1972 \u2013 Tup\u00e3\/Rancharia<\/li>\n\n\n\n<li>7847\/DER\/1977 \u2013 Tupi Paulista\/Campinas<\/li>\n\n\n\n<li>8652\/DER\/1978 \u2013 Tup\u00e3\/Bastos<\/li>\n\n\n\n<li>9047\/DER\/1981 \u2013 Osvaldo Cruz\/Pra\u00e7a Taciba<\/li>\n\n\n\n<li>9104\/DER\/1981 \u2013 Tup\u00e3\/Parapu\u00e3<\/li>\n\n\n\n<li>9107\/DER\/1981 \u2013 Parapu\u00e3\/Adamantina<\/li>\n\n\n\n<li>9108\/DER\/1981 \u2013 Dracena\/Pacaembu<\/li>\n\n\n\n<li>9109\/DER\/1981 \u2013 Dracena\/Tupi Paulista<\/li>\n<\/ul>\n\n\n\n<p>A Guerino tamb\u00e9m vai assumir 5 linhas que eram operadas pela R\u00e1pido Linense e a Via\u00e7\u00e3o Piracicabana S\/A vai substituir a Via\u00e7\u00e3o Adamantina de Transportes Ltda em outras 30 linhas (veja quadro abaixo).<\/p>\n\n\n<div class=\"wp-block-image\">\n<figure class=\"aligncenter\"><img data-recalc-dims=\"1\" decoding=\"async\" src=\"https:\/\/i0.wp.com\/www.sigamais.com\/arquivo\/uploads\/artesp1png172234571466a8e8f286c9e.png?w=708&#038;ssl=1\" alt=\"\"\/><\/figure>\n<\/div>\n\n\n<p>A decis\u00e3o da ARTESP ocorre ap\u00f3s a manifesta\u00e7\u00e3o das permission\u00e1rias Via\u00e7\u00e3o Adamantina de Transportes Ltda, Expresso Adamantina Ltda e R\u00e1pido Linense Ltda pela desist\u00eancia de opera\u00e7\u00e3o de todas as linhas intermunicipais.<\/p>\n\n\n\n<p>Em 11 de junho a ARTESP abriu chamamento p\u00fablico. O transcurso foi marcado por intensas batalhas judiciais envolvendo partes interessadas e a ag\u00eancia reguladora estadual.<\/p>\n\n\n\n<p>As empresas interessadas tamb\u00e9m precisam ter instala\u00e7\u00f5es e garagens pr\u00f3ximas das linhas. Ap\u00f3s a escolha, pela ARTESP, a empresa ter\u00e1 o prazo m\u00e1ximo de 72 horas para iniciar a opera\u00e7\u00e3o.<\/p>\n\n\n\n<p><strong>R\u00e1pido Linense \u2013 5 linhas&nbsp;<\/strong><strong>(Agora Guerino Seiscento)<\/strong><\/p>\n\n\n\n<ul class=\"wp-block-list\">\n<li>6268\/DER\/1969 \u2013 Lins\/Getulina<\/li>\n\n\n\n<li>6286\/DER\/1969 \u2013 Promiss\u00e3o\/Pen\u00e1polis<\/li>\n\n\n\n<li>6607\/DER\/1971 \u2013 Lins\/Sabino<\/li>\n\n\n\n<li>8691\/DER\/1978 \u2013 Lins \u2013 Guai\u00e7ara<\/li>\n\n\n\n<li>8692\/DER\/1978 \u2013 Lins \u2013 Promiss\u00e3o<\/li>\n<\/ul>\n\n\n\n<p><strong>Via\u00e7\u00e3o Adamantina de Transportes&nbsp; \u2013 30 linhas (Agora Via\u00e7\u00e3o Piracicabana)<\/strong><\/p>\n\n\n\n<ul class=\"wp-block-list\">\n<li>0002\/ARTESP\/2005 \u2013 Pereira Barreto \u2013 Ilha Solteira<\/li>\n\n\n\n<li>0280\/DER\/1949 \u2013 Pereira Barreto \u2013 Dracena<\/li>\n\n\n\n<li>1804\/DER\/1953 \u2013 Andradina \u2013 Ilha Solteira<\/li>\n\n\n\n<li>2437\/DER\/1956 \u2013 Bauru \u2013 Piratininga<\/li>\n\n\n\n<li>4364\/DER\/1962 \u2013 Ara\u00e7atuba \u2013 Dracena<\/li>\n\n\n\n<li>4844\/DER\/1964 \u2013 Bariri \u2013 Bauru<\/li>\n\n\n\n<li>5207\/DER\/1965 \u2013 Presidente Epit\u00e1cio \u2013 Ilha Solteira<\/li>\n\n\n\n<li>5768\/DER\/1967 \u2013 Nova Independ\u00eancia \u2013 Andradina<\/li>\n\n\n\n<li>6585\/DER\/1970 \u2013 Mirand\u00f3polis \u2013 Andradina<\/li>\n\n\n\n<li>6937\/DER\/1972 \u2013 Anal\u00e2ndia \u2013 Piratininga<\/li>\n\n\n\n<li>6962\/DER\/1972 \u2013 Ara\u00e7atuba \u2013 Ilha Solteira<\/li>\n\n\n\n<li>7047\/DER\/1972 \u2013 Adamantina \u2013 Ara\u00e7atuba<\/li>\n\n\n\n<li>7140\/DER\/1973 \u2013 Ara\u00e7atuba \u2013 Guararapes<\/li>\n\n\n\n<li>8046\/DER\/1977 \u2013 Bauru \u2013 Jau<\/li>\n\n\n\n<li>8047\/ DER1977 \u2013 Bauru \u2013 Bocaina<\/li>\n\n\n\n<li>8380\/DER\/1978 \u2013 Lins \u2013 Pen\u00e1polis<\/li>\n\n\n\n<li>8381\/DER\/1978 \u2013 Bauru \u2013 Piraju\u00ed<\/li>\n\n\n\n<li>8382\/DER\/1978 \u2013 Bauru \u2013 Lins<\/li>\n\n\n\n<li>8383\/DER\/1978 \u2013 Cafel\u00e2ndia \u2013 Lins<\/li>\n\n\n\n<li>8384\/DER\/1978 \u2013 Lins \u2013 Ara\u00e7atuba<\/li>\n\n\n\n<li>8385\/DER\/1978 \u2013 Pen\u00e1polis \u2013 Ara\u00e7atuba<\/li>\n\n\n\n<li>8558\/DER\/1978 \u2013 Andradina \u2013 Presidente Epit\u00e1cio<\/li>\n\n\n\n<li>8760\/DER\/1979 \u2013 Pereira Barreto \u2013 Sud Menucci<\/li>\n\n\n\n<li>8824\/DER\/1979 \u2013 Ara\u00e7atuba \u2013 Mirand\u00f3polis<\/li>\n\n\n\n<li>8831\/DER\/1979 \u2013 Jau \u2013 S\u00e3o Paulo (Barra Funda)<\/li>\n\n\n\n<li>8879\/DER\/1979 \u2013 Pereira Barreto \u2013 Andradina<\/li>\n\n\n\n<li>8882\/DER\/1979 \u2013 Andradina \u2013 Castilho<\/li>\n\n\n\n<li>8963\/DER\/1980 \u2013 Bocaina \u2013 S\u00e3o Carlos<\/li>\n\n\n\n<li>8964\/DER\/1980 \u2013 Ribeir\u00e3o Bonito \u2013 S\u00e3o Carlos<\/li>\n\n\n\n<li>9708\/DER\/1991 \u2013 Andradina \u2013 Presidente Prudente<\/li>\n<\/ul>\n\n\n\n<p><strong><em><strong><em><strong><em><strong><em><strong><em><strong><em><strong><em><strong><em><strong>Siga nossas redes sociais no\u00a0<a href=\"https:\/\/www.instagram.com\/ronipaparazzi\/\">Instagram\u00a0<\/a>e\u00a0<a href=\"https:\/\/www.facebook.com\/ronipaparazzicomvoce\">Facebook<\/a>\u00a0participe da nossa comunidade do Canal Roni Paparazzi no Whatsapp e receba as principais not\u00edcias da regi\u00e3o de Ara\u00e7atuba do dia direto no seu celular.<\/strong>\u00a0<a href=\"https:\/\/chat.whatsapp.com\/GsG1XKo0jPOEfjzudWQcml\" target=\"_blank\" rel=\"noreferrer noopener\">\u00a0Clique aqui e se inscreva.<\/a><\/em><\/strong><\/em><\/strong><\/em><\/strong><\/em><\/strong><\/em><\/strong><\/em><\/strong><\/em><\/strong><\/em><\/strong><\/p>\n","protected":false},"excerpt":{"rendered":"<p>A ARTESP (Ag\u00eancia de Transporte do Estado de S\u00e3o Paulo)&nbsp;publicou no Di\u00e1rio Oficial&nbsp;nesta segunda-feira (29) a convoca\u00e7\u00e3o da Guerino Seiscento Transportes S\/A para substituir a Expresso Adamantina Ltda em 15 linhas de \u00f4nibus que atendem diretamente munic\u00edpios da Alta Paulista. O in\u00edcio da opera\u00e7\u00e3o das linhas, pela Guerino, deve ocorrer em at\u00e9 72 horas. Veja &hellip;<\/p>\n","protected":false},"author":1,"featured_media":10966,"comment_status":"open","ping_status":"open","sticky":false,"template":"","format":"standard","meta":{"_jetpack_memberships_contains_paid_content":false,"footnotes":"","jetpack_publicize_message":"","jetpack_publicize_feature_enabled":true,"jetpack_social_post_already_shared":false,"jetpack_social_options":{"image_generator_settings":{"template":"highway","default_image_id":0,"enabled":false},"version":2}},"categories":[4],"tags":[],"class_list":["post-10965","post","type-post","status-publish","format-standard","has-post-thumbnail","hentry","category-regiao"],"jetpack_publicize_connections":[],"jetpack_featured_media_url":"https:\/\/i0.wp.com\/www.paparazzinews.com.br\/wp-content\/uploads\/2024\/07\/432777474180177069231330469188266115426984249n1jpg172234603266a8ea30b3a4d.jpg?fit=600%2C337&ssl=1","views":"2667","jetpack_likes_enabled":true,"jetpack_sharing_enabled":true,"_links":{"self":[{"href":"https:\/\/www.paparazzinews.com.br\/index.php?rest_route=\/wp\/v2\/posts\/10965","targetHints":{"allow":["GET"]}}],"collection":[{"href":"https:\/\/www.paparazzinews.com.br\/index.php?rest_route=\/wp\/v2\/posts"}],"about":[{"href":"https:\/\/www.paparazzinews.com.br\/index.php?rest_route=\/wp\/v2\/types\/post"}],"author":[{"embeddable":true,"href":"https:\/\/www.paparazzinews.com.br\/index.php?rest_route=\/wp\/v2\/users\/1"}],"replies":[{"embeddable":true,"href":"https:\/\/www.paparazzinews.com.br\/index.php?rest_route=%2Fwp%2Fv2%2Fcomments&post=10965"}],"version-history":[{"count":1,"href":"https:\/\/www.paparazzinews.com.br\/index.php?rest_route=\/wp\/v2\/posts\/10965\/revisions"}],"predecessor-version":[{"id":10967,"href":"https:\/\/www.paparazzinews.com.br\/index.php?rest_route=\/wp\/v2\/posts\/10965\/revisions\/10967"}],"wp:featuredmedia":[{"embeddable":true,"href":"https:\/\/www.paparazzinews.com.br\/index.php?rest_route=\/wp\/v2\/media\/10966"}],"wp:attachment":[{"href":"https:\/\/www.paparazzinews.com.br\/index.php?rest_route=%2Fwp%2Fv2%2Fmedia&parent=10965"}],"wp:term":[{"taxonomy":"category","embeddable":true,"href":"https:\/\/www.paparazzinews.com.br\/index.php?rest_route=%2Fwp%2Fv2%2Fcategories&post=10965"},{"taxonomy":"post_tag","embeddable":true,"href":"https:\/\/www.paparazzinews.com.br\/index.php?rest_route=%2Fwp%2Fv2%2Ftags&post=10965"}],"curies":[{"name":"wp","href":"https:\/\/api.w.org\/{rel}","templated":true}]}}