{"id":10952,"date":"2024-07-31T13:00:26","date_gmt":"2024-07-31T16:00:26","guid":{"rendered":"https:\/\/www.paparazzinews.com.br\/?p=10952"},"modified":"2024-07-31T13:00:27","modified_gmt":"2024-07-31T16:00:27","slug":"em-clima-de-olimpiadas-jovens-da-fundacao-casa-competem-por-desafio-de-atletismo-em-sp","status":"publish","type":"post","link":"https:\/\/www.paparazzinews.com.br\/?p=10952","title":{"rendered":"Em clima de Olimp\u00edadas, jovens da Funda\u00e7\u00e3o Casa competem por Desafio de Atletismo em SP"},"content":{"rendered":"\n<p>Nesta quarta-feira (31), a Funda\u00e7\u00e3o Centro de Atendimento Socioeducativo ao Adolescente (Casa) realizar\u00e1 o I Desafio de Atletismo em S\u00e3o Bernardo do Campo, com a participa\u00e7\u00e3o de cerca de 126 jovens em medida socioeducativa. O evento, em clima de Olimp\u00edadas, contar\u00e1 com a presen\u00e7a especial da medalhista ol\u00edmpica no revezamento 4\u00d7100, Thaissa Presti. A competi\u00e7\u00e3o visa incentivar a pr\u00e1tica esportiva entre os adolescentes e destacar sua import\u00e2ncia como s\u00edmbolo dos Jogos Ol\u00edmpicos.<\/p>\n\n\n\n<p>O evento, organizado pela Funda\u00e7\u00e3o Casa em parceria com a Federa\u00e7\u00e3o Paulista de Atletismo, que fornecer\u00e1 equipamentos e a equipe de arbitragem, reunir\u00e1 adolescentes de 20 centros socioeducativos da regi\u00e3o metropolitana, interior e litoral do estado de S\u00e3o Paulo, divididos em equipes masculinas e femininas. As categorias das provas incluir\u00e3o 50, 100, 200 e 400 metros rasos, arremesso do peso, salto em dist\u00e2ncia e os revezamentos 4\u00d750 e 4\u00d7100.<\/p>\n\n\n\n<h2 class=\"wp-block-heading\">Esp\u00edrito de Olimp\u00edadas<\/h2>\n\n\n\n<p>Al\u00e9m de promover a pr\u00e1tica esportiva, o Desafio busca cultivar valores como respeito, justi\u00e7a, solidariedade e compreens\u00e3o corporal. A participa\u00e7\u00e3o no atletismo oferece aos jovens oportunidades de desenvolvimento f\u00edsico e intelectual em um ambiente competitivo e cooperativo. Os melhores atletas em cada categoria ser\u00e3o premiados com medalhas e trof\u00e9us, incentivando a dedica\u00e7\u00e3o dos participantes na competi\u00e7\u00e3o.<\/p>\n\n\n\n<p>Para Janaina de Brito Asprino, gerente t\u00e9cnica da Ger\u00eancia de Educa\u00e7\u00e3o F\u00edsica e Esporte (Gefesp) da Funda\u00e7\u00e3o Casa, o \u201cI Desafio de Atletismo ser\u00e1 um marco ao destacar a import\u00e2ncia do esporte na vida dos nossos adolescentes e refor\u00e7ar o esp\u00edrito ol\u00edmpico que inspira gera\u00e7\u00f5es ao redor do mundo.\u201d<\/p>\n\n\n\n<p>\u201cEste evento \u00e9 uma excelente oportunidade para nossos jovens demonstrarem suas habilidades e se inspirar em atletas de alto n\u00edvel, como Thaissa Presti. Acreditamos que o esporte \u00e9 uma ferramenta poderosa para a educa\u00e7\u00e3o, inclus\u00e3o social e ressocializa\u00e7\u00e3o\u201d, ressalta a presidente da Funda\u00e7\u00e3o Casa, Claudia Carletto.<\/p>\n\n\n\n<h2 class=\"wp-block-heading\">Sobre a Funda\u00e7\u00e3o Casa<\/h2>\n\n\n\n<p>A&nbsp;<a href=\"https:\/\/fundacaocasa.sp.gov.br\/\" target=\"_blank\" rel=\"noreferrer noopener\">Funda\u00e7\u00e3o Centro de Atendimento Socioeducativo ao Adolescente (Casa)<\/a>, vinculada \u00e0&nbsp;<a href=\"https:\/\/justica.sp.gov.br\/\" target=\"_blank\" rel=\"noreferrer noopener\">Secretaria de Estado da Justi\u00e7a e Cidadania<\/a>, aplica medidas socioeducativas conforme o Estatuto da Crian\u00e7a e do Adolescente (ECA) e o Sistema Nacional de Atendimento Socioeducativo (Sinase). Atendendo jovens de 12 a 21 anos incompletos em S\u00e3o Paulo, a funda\u00e7\u00e3o executa medidas de priva\u00e7\u00e3o de liberdade e semiliberdade, determinadas pelo Poder Judici\u00e1rio, com base no ato infracional e na idade dos adolescentes, garantindo os direitos previstos em lei, pautando-se na humaniza\u00e7\u00e3o e contribuindo para o retorno do adolescente ao conv\u00edvio social.<\/p>\n\n\n\n<p><strong><em><strong><em><strong><em><strong><em><strong><em><strong><em><strong><em><strong><em><strong>Siga nossas redes sociais no\u00a0<a href=\"https:\/\/www.instagram.com\/ronipaparazzi\/\">Instagram\u00a0<\/a>e\u00a0<a href=\"https:\/\/www.facebook.com\/ronipaparazzicomvoce\">Facebook<\/a>\u00a0participe da nossa comunidade do Canal Roni Paparazzi no Whatsapp e receba as principais not\u00edcias da regi\u00e3o de Ara\u00e7atuba do dia direto no seu celular.<\/strong>\u00a0<a href=\"https:\/\/chat.whatsapp.com\/GsG1XKo0jPOEfjzudWQcml\" target=\"_blank\" rel=\"noreferrer noopener\">\u00a0Clique aqui e se inscreva.<\/a><\/em><\/strong><\/em><\/strong><\/em><\/strong><\/em><\/strong><\/em><\/strong><\/em><\/strong><\/em><\/strong><\/em><\/strong><\/p>\n","protected":false},"excerpt":{"rendered":"<p>Nesta quarta-feira (31), a Funda\u00e7\u00e3o Centro de Atendimento Socioeducativo ao Adolescente (Casa) realizar\u00e1 o I Desafio de Atletismo em S\u00e3o Bernardo do Campo, com a participa\u00e7\u00e3o de cerca de 126 jovens em medida socioeducativa. O evento, em clima de Olimp\u00edadas, contar\u00e1 com a presen\u00e7a especial da medalhista ol\u00edmpica no revezamento 4\u00d7100, Thaissa Presti. A competi\u00e7\u00e3o &hellip;<\/p>\n","protected":false},"author":1,"featured_media":10953,"comment_status":"open","ping_status":"open","sticky":false,"template":"","format":"standard","meta":{"_jetpack_memberships_contains_paid_content":false,"footnotes":"","jetpack_publicize_message":"","jetpack_publicize_feature_enabled":true,"jetpack_social_post_already_shared":false,"jetpack_social_options":{"image_generator_settings":{"template":"highway","default_image_id":0,"enabled":false},"version":2}},"categories":[4],"tags":[],"class_list":["post-10952","post","type-post","status-publish","format-standard","has-post-thumbnail","hentry","category-regiao"],"jetpack_publicize_connections":[],"jetpack_featured_media_url":"https:\/\/i0.wp.com\/www.paparazzinews.com.br\/wp-content\/uploads\/2024\/07\/Jovens-participando-das-provas-de-atletismosite-800x445-1.jpg?fit=800%2C445&ssl=1","views":"1069","jetpack_likes_enabled":true,"jetpack_sharing_enabled":true,"_links":{"self":[{"href":"https:\/\/www.paparazzinews.com.br\/index.php?rest_route=\/wp\/v2\/posts\/10952","targetHints":{"allow":["GET"]}}],"collection":[{"href":"https:\/\/www.paparazzinews.com.br\/index.php?rest_route=\/wp\/v2\/posts"}],"about":[{"href":"https:\/\/www.paparazzinews.com.br\/index.php?rest_route=\/wp\/v2\/types\/post"}],"author":[{"embeddable":true,"href":"https:\/\/www.paparazzinews.com.br\/index.php?rest_route=\/wp\/v2\/users\/1"}],"replies":[{"embeddable":true,"href":"https:\/\/www.paparazzinews.com.br\/index.php?rest_route=%2Fwp%2Fv2%2Fcomments&post=10952"}],"version-history":[{"count":1,"href":"https:\/\/www.paparazzinews.com.br\/index.php?rest_route=\/wp\/v2\/posts\/10952\/revisions"}],"predecessor-version":[{"id":10954,"href":"https:\/\/www.paparazzinews.com.br\/index.php?rest_route=\/wp\/v2\/posts\/10952\/revisions\/10954"}],"wp:featuredmedia":[{"embeddable":true,"href":"https:\/\/www.paparazzinews.com.br\/index.php?rest_route=\/wp\/v2\/media\/10953"}],"wp:attachment":[{"href":"https:\/\/www.paparazzinews.com.br\/index.php?rest_route=%2Fwp%2Fv2%2Fmedia&parent=10952"}],"wp:term":[{"taxonomy":"category","embeddable":true,"href":"https:\/\/www.paparazzinews.com.br\/index.php?rest_route=%2Fwp%2Fv2%2Fcategories&post=10952"},{"taxonomy":"post_tag","embeddable":true,"href":"https:\/\/www.paparazzinews.com.br\/index.php?rest_route=%2Fwp%2Fv2%2Ftags&post=10952"}],"curies":[{"name":"wp","href":"https:\/\/api.w.org\/{rel}","templated":true}]}}