{"id":10930,"date":"2024-07-30T14:43:16","date_gmt":"2024-07-30T17:43:16","guid":{"rendered":"https:\/\/www.paparazzinews.com.br\/?p=10930"},"modified":"2024-07-30T14:43:17","modified_gmt":"2024-07-30T17:43:17","slug":"penitenciaria-promove-acoes-em-beneficio-da-saude-de-servidores-e-privados-de-liberdade","status":"publish","type":"post","link":"https:\/\/www.paparazzinews.com.br\/?p=10930","title":{"rendered":"Penitenci\u00e1ria promove a\u00e7\u00f5es em benef\u00edcio da sa\u00fade de servidores e privados de liberdade"},"content":{"rendered":"\n<p>A Penitenci\u00e1ria \u201cBruno Luiz Airoldi Leite\u201d de Caiu\u00e1 promoveu diversas a\u00e7\u00f5es direcionadas \u00e0 sa\u00fade, envolvendo servidores e reclusos que cumprem pena na unidade.<\/p>\n\n\n\n<p>O N\u00facleo de Atendimento \u00e0 Sa\u00fade (NAS) e o Centro de Reintegra\u00e7\u00e3o e Assist\u00eancia \u00e0 Sa\u00fade (CRAS), em parceria com o polo de Empregabilidade de Presidente Prudente, promoveu uma palestra sobre \u201cInclus\u00e3o e Acessibilidade\u201d aos sentenciados. O tema foca em indiv\u00edduos com defici\u00eancia que est\u00e3o encarcerados.<\/p>\n\n\n\n<p>O evento foi ministrado pelas t\u00e9cnicas do polo de Empregabilidade de Presidente Prudente e foi estruturado em duas fases: a primeira etapa consistiu em um debate grupal abordando a quest\u00e3o dos preconceitos, barreiras e liberdade. A segunda parte concentrou-se em rela\u00e7\u00e3o \u00e0 pessoa com defici\u00eancia e a inclus\u00e3o no ambiente profissional.<\/p>\n\n\n\n<p>Durante os meses de abril, maio e junho, o N\u00facleo de Atendimento \u00e0 Sa\u00fade tamb\u00e9m realizou campanha de busca ativa, com o intuito de preven\u00e7\u00e3o \u00e0 sa\u00fade dos detentos. Foi efetuada a coleta de amostras de escarro para o diagn\u00f3stico e tratamento da Tuberculose.<\/p>\n\n\n\n<p>A iniciativa contou com a colabora\u00e7\u00e3o do IAL (Instituto Adolfo Lutz) de Presidente Prudente, que forneceu uma parcela das amostras para serem encaminhadas ao laborat\u00f3rio. A equipe de Enfermagem realizou a orienta\u00e7\u00e3o aos sentenciados.<\/p>\n\n\n\n<p>J\u00e1 a Comiss\u00e3o Interna de Preven\u00e7\u00e3o de Acidentes realizou uma parceria com a Cl\u00ednica Sa\u00fade &amp; Vida, localizada em Presidente Venceslau, para avalia\u00e7\u00e3o m\u00e9dica e realiza\u00e7\u00e3o de exames.<\/p>\n\n\n\n<p>A iniciativa contou com a contribui\u00e7\u00e3o de seis profissionais da Sa\u00fade, incluindo m\u00e9dico, t\u00e9cnicos e auxiliares de enfermagem. As atividades ocorreram nas depend\u00eancias da Penitenci\u00e1ria&#8221;, onde foram oferecidos servi\u00e7os como avalia\u00e7\u00e3o m\u00e9dica, encefalograma, eletrocardiograma e teste ergom\u00e9trico. A a\u00e7\u00e3o beneficiou um total de 56 servidores.<\/p>\n\n\n\n<p><strong><em><strong><em><strong><em><strong><em><strong><em><strong><em><strong><em><strong><em><strong>Siga nossas redes sociais no\u00a0<a href=\"https:\/\/www.instagram.com\/ronipaparazzi\/\">Instagram\u00a0<\/a>e\u00a0<a href=\"https:\/\/www.facebook.com\/ronipaparazzicomvoce\">Facebook<\/a>\u00a0participe da nossa comunidade do Canal Roni Paparazzi no Whatsapp e receba as principais not\u00edcias da regi\u00e3o de Ara\u00e7atuba do dia direto no seu celular.<\/strong>\u00a0<a href=\"https:\/\/chat.whatsapp.com\/GsG1XKo0jPOEfjzudWQcml\" target=\"_blank\" rel=\"noreferrer noopener\">\u00a0Clique aqui e se inscreva.<\/a><\/em><\/strong><\/em><\/strong><\/em><\/strong><\/em><\/strong><\/em><\/strong><\/em><\/strong><\/em><\/strong><\/em><\/strong><\/p>\n","protected":false},"excerpt":{"rendered":"<p>A Penitenci\u00e1ria \u201cBruno Luiz Airoldi Leite\u201d de Caiu\u00e1 promoveu diversas a\u00e7\u00f5es direcionadas \u00e0 sa\u00fade, envolvendo servidores e reclusos que cumprem pena na unidade. O N\u00facleo de Atendimento \u00e0 Sa\u00fade (NAS) e o Centro de Reintegra\u00e7\u00e3o e Assist\u00eancia \u00e0 Sa\u00fade (CRAS), em parceria com o polo de Empregabilidade de Presidente Prudente, promoveu uma palestra sobre \u201cInclus\u00e3o &hellip;<\/p>\n","protected":false},"author":1,"featured_media":10931,"comment_status":"open","ping_status":"open","sticky":false,"template":"","format":"standard","meta":{"_jetpack_memberships_contains_paid_content":false,"footnotes":"","jetpack_publicize_message":"","jetpack_publicize_feature_enabled":true,"jetpack_social_post_already_shared":false,"jetpack_social_options":{"image_generator_settings":{"template":"highway","default_image_id":0,"enabled":false},"version":2}},"categories":[4],"tags":[],"class_list":["post-10930","post","type-post","status-publish","format-standard","has-post-thumbnail","hentry","category-regiao"],"jetpack_publicize_connections":[],"jetpack_featured_media_url":"https:\/\/i0.wp.com\/www.paparazzinews.com.br\/wp-content\/uploads\/2024\/07\/c2717697-5205-46e3-a2d0-f14a3f5f94dc.jpeg?fit=1600%2C1200&ssl=1","views":"1059","jetpack_likes_enabled":true,"jetpack_sharing_enabled":true,"_links":{"self":[{"href":"https:\/\/www.paparazzinews.com.br\/index.php?rest_route=\/wp\/v2\/posts\/10930","targetHints":{"allow":["GET"]}}],"collection":[{"href":"https:\/\/www.paparazzinews.com.br\/index.php?rest_route=\/wp\/v2\/posts"}],"about":[{"href":"https:\/\/www.paparazzinews.com.br\/index.php?rest_route=\/wp\/v2\/types\/post"}],"author":[{"embeddable":true,"href":"https:\/\/www.paparazzinews.com.br\/index.php?rest_route=\/wp\/v2\/users\/1"}],"replies":[{"embeddable":true,"href":"https:\/\/www.paparazzinews.com.br\/index.php?rest_route=%2Fwp%2Fv2%2Fcomments&post=10930"}],"version-history":[{"count":1,"href":"https:\/\/www.paparazzinews.com.br\/index.php?rest_route=\/wp\/v2\/posts\/10930\/revisions"}],"predecessor-version":[{"id":10932,"href":"https:\/\/www.paparazzinews.com.br\/index.php?rest_route=\/wp\/v2\/posts\/10930\/revisions\/10932"}],"wp:featuredmedia":[{"embeddable":true,"href":"https:\/\/www.paparazzinews.com.br\/index.php?rest_route=\/wp\/v2\/media\/10931"}],"wp:attachment":[{"href":"https:\/\/www.paparazzinews.com.br\/index.php?rest_route=%2Fwp%2Fv2%2Fmedia&parent=10930"}],"wp:term":[{"taxonomy":"category","embeddable":true,"href":"https:\/\/www.paparazzinews.com.br\/index.php?rest_route=%2Fwp%2Fv2%2Fcategories&post=10930"},{"taxonomy":"post_tag","embeddable":true,"href":"https:\/\/www.paparazzinews.com.br\/index.php?rest_route=%2Fwp%2Fv2%2Ftags&post=10930"}],"curies":[{"name":"wp","href":"https:\/\/api.w.org\/{rel}","templated":true}]}}