{"id":10897,"date":"2024-07-29T13:34:33","date_gmt":"2024-07-29T16:34:33","guid":{"rendered":"https:\/\/www.paparazzinews.com.br\/?p=10897"},"modified":"2024-07-29T13:34:34","modified_gmt":"2024-07-29T16:34:34","slug":"pm-de-sp-e-convocado-para-ser-arbitro-nos-jogos-olimpicos-de-paris-ficha-nao-caiu","status":"publish","type":"post","link":"https:\/\/www.paparazzinews.com.br\/?p=10897","title":{"rendered":"PM de SP \u00e9 convocado para ser \u00e1rbitro nos Jogos Ol\u00edmpicos de Paris: \u2018Ficha n\u00e3o caiu\u2019"},"content":{"rendered":"\n<p>O major Marcelo Vin\u00edcius Rezende, que atua no Comando de Policiamento de \u00c1rea Metropolitana (CPA\/M) 4, na zona leste de S\u00e3o Paulo, foi convocado pela Federa\u00e7\u00e3o Mundial de Taekwondo para ser \u00e1rbitro nos Jogos Ol\u00edmpicos de Paris. Ele integra a corpora\u00e7\u00e3o h\u00e1 mais de 30 anos e revelou que o esporte, no qual pratica desde a inf\u00e2ncia, colaborou muito para a sua carreira. \u201cA ficha ainda n\u00e3o caiu, mas sei que essa convoca\u00e7\u00e3o veio no tempo certo\u201d, mencionou o policial militar.<\/p>\n\n\n\n<p>Apaixonado pelo esporte, Rezende conta que participou de tr\u00eas processos seletivos para ser \u00e1rbitro nas Olimp\u00edadas, come\u00e7ando pela de Londres (2012), Rio de Janeiro (2016) e Tokyo (2020). Esse processo come\u00e7a cerca de um ano e meio antes dos jogos.<\/p>\n\n\n\n<p>\u201cA federa\u00e7\u00e3o seleciona 270 \u00e1rbitros entre os quase 4 mil que existem no mundo. Depois, s\u00e3o feitos processos seletivos em diferentes continentes. Participei na regi\u00e3o pan-americana entre os 60 melhores do continente\u201d, revelou.<\/p>\n\n\n\n<figure class=\"wp-block-image\" id=\"attachment_5924433\"><a href=\"https:\/\/i0.wp.com\/www.saopaulo.sp.gov.br\/wp-content\/uploads\/2024\/07\/policial-paris.png?ssl=1\"><img data-recalc-dims=\"1\" decoding=\"async\" src=\"https:\/\/i0.wp.com\/www.saopaulo.sp.gov.br\/wp-content\/uploads\/2024\/07\/policial-paris.png?w=708&#038;ssl=1\" alt=\"\" class=\"wp-image-5924433\"\/><\/a><figcaption class=\"wp-element-caption\">Apaixonado pelo esporte, Rezende j\u00e1 havia participado de outras tr\u00eas processos seletivos para ser \u00e1rbitro nas Olimp\u00edadas<\/figcaption><\/figure>\n\n\n\n<p>No Brasil, o major e sua aluna, formada no projeto da Escola de Educa\u00e7\u00e3o F\u00edsica da Pol\u00edcia Militar, foram selecionados. Eles passaram por competi\u00e7\u00f5es obrigat\u00f3rias, juntamente com outros \u00e1rbitros selecionados pelo mundo, at\u00e9 que a federa\u00e7\u00e3o escolheu entre os 26 melhores para as Olimp\u00edadas.<\/p>\n\n\n\n<p>O policial afirma, ainda, que foi uma festa quando soube da convoca\u00e7\u00e3o, principalmente porque seus filhos e pais acompanharam toda a trajet\u00f3ria e torciam muito para que ele pudesse ser selecionado. \u201c\u00c9 uma sensa\u00e7\u00e3o diferente, \u00fanica. Acho que s\u00f3 vou acreditar quando chegar l\u00e1\u201d, disse.<\/p>\n\n\n\n<p>Ele viaja no pr\u00f3ximo s\u00e1bado (3) e deve retornar no dia 14. Para o major, participar dos Jogos Ol\u00edmpicos em Paris \u00e9 especial porque a Pol\u00edcia Militar do Estado de S\u00e3o Paulo tem forte influ\u00eancia francesa, devido a uma miss\u00e3o feita no in\u00edcio do s\u00e9culo passado, com o intuito de reorganizar e modernizar o trabalho militar. Essa miss\u00e3o tamb\u00e9m resultou na cria\u00e7\u00e3o da Escola de Educa\u00e7\u00e3o F\u00edsica da PM, pioneira no Brasil.<\/p>\n\n\n\n<h2 class=\"wp-block-heading\">Entrela\u00e7o entre a pol\u00edcia e o taekwondo<\/h2>\n\n\n\n<p>A hist\u00f3ria do major com o taekwondo come\u00e7ou quando ele ainda tinha 9 anos. O pai, Francisco Rezende, era quem mais o incentivava. Depois de tantos t\u00edtulos conquistados com a arte marcial, o policial passou a ensinar crian\u00e7as e adolescentes gratuitamente.<\/p>\n\n\n\n<figure class=\"wp-block-image\" id=\"attachment_5924412\"><a href=\"https:\/\/i0.wp.com\/www.saopaulo.sp.gov.br\/wp-content\/uploads\/2024\/07\/pm-arbitro.png?ssl=1\"><img data-recalc-dims=\"1\" decoding=\"async\" src=\"https:\/\/i0.wp.com\/www.saopaulo.sp.gov.br\/wp-content\/uploads\/2024\/07\/pm-arbitro.png?w=708&#038;ssl=1\" alt=\"\" class=\"wp-image-5924412\"\/><\/a><figcaption class=\"wp-element-caption\">Major Rezende integra a PM h\u00e1 mais de 30 anos e afirma que o esporte colaborou muito para a sua carreira<\/figcaption><\/figure>\n\n\n\n<p>Rezende entrou para a Pol\u00edcia Militar sendo \u00e1rbitro nacional e faixa preta. Ele revela que se identificou ainda mais com a corpora\u00e7\u00e3o ao saber que o taekwondo come\u00e7ou no Brasil em 1970, dentro dos quart\u00e9is da Rondas Ostensivas Tobias de Aguiar (<a href=\"https:\/\/www.instagram.com\/rota_bta\/\" target=\"_blank\" rel=\"noreferrer noopener\">Rota<\/a>), em S\u00e3o Paulo.<\/p>\n\n\n\n<p>\u201cA defesa pessoal \u00e9 extremamente importante para o servi\u00e7o do policial, al\u00e9m de contribuir para disciplina e autocontrole\u201d, completou. O tema do mestrado do agora \u00e1rbitro das Olimp\u00edadas em Paris foi defesa pessoal. Ele conseguiu, por meio do taekwondo, treinar as pol\u00edcias da China, Coreia, Mal\u00e1sia e Filipinas.<\/p>\n\n\n\n<p><strong><em><strong><em><strong><em><strong><em><strong><em><strong><em><strong><em><strong><em><strong>Siga nossas redes sociais no\u00a0<a href=\"https:\/\/www.instagram.com\/ronipaparazzi\/\">Instagram\u00a0<\/a>e\u00a0<a href=\"https:\/\/www.facebook.com\/ronipaparazzicomvoce\">Facebook<\/a>\u00a0participe da nossa comunidade do Canal Roni Paparazzi no Whatsapp e receba as principais not\u00edcias da regi\u00e3o de Ara\u00e7atuba do dia direto no seu celular.<\/strong>\u00a0<a href=\"https:\/\/chat.whatsapp.com\/GsG1XKo0jPOEfjzudWQcml\" target=\"_blank\" rel=\"noreferrer noopener\">\u00a0Clique aqui e se inscreva.<\/a><\/em><\/strong><\/em><\/strong><\/em><\/strong><\/em><\/strong><\/em><\/strong><\/em><\/strong><\/em><\/strong><\/em><\/strong><\/p>\n","protected":false},"excerpt":{"rendered":"<p>O major Marcelo Vin\u00edcius Rezende, que atua no Comando de Policiamento de \u00c1rea Metropolitana (CPA\/M) 4, na zona leste de S\u00e3o Paulo, foi convocado pela Federa\u00e7\u00e3o Mundial de Taekwondo para ser \u00e1rbitro nos Jogos Ol\u00edmpicos de Paris. Ele integra a corpora\u00e7\u00e3o h\u00e1 mais de 30 anos e revelou que o esporte, no qual pratica desde &hellip;<\/p>\n","protected":false},"author":1,"featured_media":10898,"comment_status":"open","ping_status":"open","sticky":false,"template":"","format":"standard","meta":{"_jetpack_memberships_contains_paid_content":false,"footnotes":"","jetpack_publicize_message":"","jetpack_publicize_feature_enabled":true,"jetpack_social_post_already_shared":false,"jetpack_social_options":{"image_generator_settings":{"template":"highway","default_image_id":0,"enabled":false},"version":2}},"categories":[4],"tags":[],"class_list":["post-10897","post","type-post","status-publish","format-standard","has-post-thumbnail","hentry","category-regiao"],"jetpack_publicize_connections":[],"jetpack_featured_media_url":"https:\/\/i0.wp.com\/www.paparazzinews.com.br\/wp-content\/uploads\/2024\/07\/D00055660-1.jpg?fit=800%2C603&ssl=1","views":"2434","jetpack_likes_enabled":true,"jetpack_sharing_enabled":true,"_links":{"self":[{"href":"https:\/\/www.paparazzinews.com.br\/index.php?rest_route=\/wp\/v2\/posts\/10897","targetHints":{"allow":["GET"]}}],"collection":[{"href":"https:\/\/www.paparazzinews.com.br\/index.php?rest_route=\/wp\/v2\/posts"}],"about":[{"href":"https:\/\/www.paparazzinews.com.br\/index.php?rest_route=\/wp\/v2\/types\/post"}],"author":[{"embeddable":true,"href":"https:\/\/www.paparazzinews.com.br\/index.php?rest_route=\/wp\/v2\/users\/1"}],"replies":[{"embeddable":true,"href":"https:\/\/www.paparazzinews.com.br\/index.php?rest_route=%2Fwp%2Fv2%2Fcomments&post=10897"}],"version-history":[{"count":1,"href":"https:\/\/www.paparazzinews.com.br\/index.php?rest_route=\/wp\/v2\/posts\/10897\/revisions"}],"predecessor-version":[{"id":10899,"href":"https:\/\/www.paparazzinews.com.br\/index.php?rest_route=\/wp\/v2\/posts\/10897\/revisions\/10899"}],"wp:featuredmedia":[{"embeddable":true,"href":"https:\/\/www.paparazzinews.com.br\/index.php?rest_route=\/wp\/v2\/media\/10898"}],"wp:attachment":[{"href":"https:\/\/www.paparazzinews.com.br\/index.php?rest_route=%2Fwp%2Fv2%2Fmedia&parent=10897"}],"wp:term":[{"taxonomy":"category","embeddable":true,"href":"https:\/\/www.paparazzinews.com.br\/index.php?rest_route=%2Fwp%2Fv2%2Fcategories&post=10897"},{"taxonomy":"post_tag","embeddable":true,"href":"https:\/\/www.paparazzinews.com.br\/index.php?rest_route=%2Fwp%2Fv2%2Ftags&post=10897"}],"curies":[{"name":"wp","href":"https:\/\/api.w.org\/{rel}","templated":true}]}}