{"id":10894,"date":"2024-07-29T13:32:54","date_gmt":"2024-07-29T16:32:54","guid":{"rendered":"https:\/\/www.paparazzinews.com.br\/?p=10894"},"modified":"2024-07-29T13:32:55","modified_gmt":"2024-07-29T16:32:55","slug":"governo-de-sp-institui-plano-de-acoes-e-diretrizes-para-combater-a-estiagem-prolongada","status":"publish","type":"post","link":"https:\/\/www.paparazzinews.com.br\/?p=10894","title":{"rendered":"Governo de SP institui plano de a\u00e7\u00f5es e diretrizes para combater a estiagem prolongada"},"content":{"rendered":"\n<p>O Governo de SP publicou nesta segunda-feira (29) o decreto que institui o Plano Estadual de Resili\u00eancia \u00e0 Estiagem \u2013 SP Sempre Alerta, com diretrizes e a\u00e7\u00f5es de preven\u00e7\u00e3o, mitiga\u00e7\u00e3o e resposta aos impactos da estiagem prolongada no ano de 2024.<\/p>\n\n\n\n<p>A medida visa estimular o consumo consciente de \u00e1gua, oferecer apoio aos munic\u00edpios atingidos pela estiagem, integrar as pol\u00edticas e programas estaduais de resili\u00eancia clim\u00e1tica j\u00e1 em andamento, entre outras iniciativas.<\/p>\n\n\n\n<p>O decreto prev\u00ea a possibilidade de parcerias com munic\u00edpios, cons\u00f3rcios municipais, entidades p\u00fablicas e privadas, al\u00e9m de outros Poderes e esferas de governo, para a efetiva\u00e7\u00e3o de programas e a\u00e7\u00f5es preventivas e de resposta \u00e0 estiagem.<\/p>\n\n\n\n<p><strong>LEIA MAIS:&nbsp;<a href=\"https:\/\/www.saopaulo.sp.gov.br\/spnoticias\/ultimas-noticias\/sp-lanca-chamamento-publico-para-composicao-do-conselho-de-orientacao-do-finaclima\/\" target=\"_blank\" rel=\"noreferrer noopener\">SP lan\u00e7a chamamento p\u00fablico para composi\u00e7\u00e3o do Conselho de Orienta\u00e7\u00e3o do Finaclima<\/a><\/strong><\/p>\n\n\n\n<p>O fornecimento cont\u00ednuo de \u00e1gua pot\u00e1vel \u00e0 popula\u00e7\u00e3o; o apoio \u00e0 atividade agr\u00edcola nas regi\u00f5es afetadas pela escassez h\u00eddrica; e o fomento \u00e0 ades\u00e3o dos munic\u00edpios aos Planos de Conting\u00eancia para o enfrentamento do per\u00edodo de estiagem e ao&nbsp;<a href=\"https:\/\/universaliza.semil.sp.gov.br\/\" target=\"_blank\" rel=\"noreferrer noopener\">Universaliza SP<\/a>, da Secretaria de Meio Ambiente, Infraestrutura e Log\u00edstica tamb\u00e9m est\u00e3o entre os objetivos do plano.<\/p>\n\n\n\n<h2 class=\"wp-block-heading\">Preven\u00e7\u00e3o, a\u00e7\u00e3o imediata e comunica\u00e7\u00e3o<\/h2>\n\n\n\n<p>O plano prev\u00ea tr\u00eas eixos de a\u00e7\u00e3o do Governo de S\u00e3o Paulo: preven\u00e7\u00e3o, resposta imediata e comunica\u00e7\u00e3o.<\/p>\n\n\n\n<p>Para preven\u00e7\u00e3o, haver\u00e1 treinamentos para os integrantes do Sistema Estadual de Prote\u00e7\u00e3o e Defesa Civil e fornecimento aos munic\u00edpios de equipamentos necess\u00e1rios a a\u00e7\u00f5es iniciais para prevenir e conter inc\u00eandios florestais; aprimoramento das regras de preserva\u00e7\u00e3o e consumo de \u00e1gua, refor\u00e7o da fiscaliza\u00e7\u00e3o do uso dos recursos h\u00eddricos e elabora\u00e7\u00e3o de estudos para emprego de \u00e1gua de reuso na agricultura, entre outras medidas.<\/p>\n\n\n\n<p>As a\u00e7\u00f5es de resposta imediata incluem fornecimento de materiais de ajuda humanit\u00e1ria aos munic\u00edpios afetados pela estiagem e para atendimento \u00e0 popula\u00e7\u00e3o vulner\u00e1vel; apoio \u00e0s prefeituras nas a\u00e7\u00f5es emergenciais de restabelecimento do abastecimento de \u00e1gua pot\u00e1vel e de combate a inc\u00eandios florestais em grandes emerg\u00eancias; apoio aos munic\u00edpios nos processos de decreta\u00e7\u00e3o de situa\u00e7\u00e3o de emerg\u00eancia e estado de calamidade p\u00fablica; emiss\u00e3o de alertas de baixa umidade e per\u00edodos de seca; e disponibiliza\u00e7\u00e3o de instrumento jur\u00eddico para ades\u00e3o dos munic\u00edpios \u00e0 perfura\u00e7\u00e3o de po\u00e7os e aquisi\u00e7\u00e3o de Esta\u00e7\u00f5es de Tratamento de \u00c1gua Compactas.<\/p>\n\n\n\n<p>Tamb\u00e9m est\u00e3o previstos aux\u00edlio aos produtores rurais por meio de recursos e a\u00e7\u00f5es ligadas ao FEAP (Fundo de Expans\u00e3o do Agroneg\u00f3cio Paulista), da Secretaria de Agricultura e Abastecimento, e \u00e0 Desenvolve-SP (Ag\u00eancia de Fomento do Estado de S\u00e3o Paulo S\/A), ligada \u00e0 Secretaria de Desenvolvimento Econ\u00f4mico.<\/p>\n\n\n\n<p>A Secretaria de Comunica\u00e7\u00e3o vai coordenar a\u00e7\u00f5es de divulga\u00e7\u00e3o, incluindo campanha publicit\u00e1ria, sobre o uso racional da \u00e1gua, pr\u00e1ticas de conserva\u00e7\u00e3o h\u00eddrica, preven\u00e7\u00e3o aos inc\u00eandios florestais e a doen\u00e7as respirat\u00f3rias e viroses.<\/p>\n\n\n\n<p>O decreto cria, ainda, um Comit\u00ea Gestor, coordenado pela Secretaria da Casa Civil, que ser\u00e1 respons\u00e1vel por monitorar, avaliar e revisar o plano. Al\u00e9m da Casa Civil, integram o plano estadual de resili\u00eancia e mitiga\u00e7\u00e3o aos impactos da estiagem prolongada em 2024 as secretarias da Casa Militar; Meio Ambiente, Infraestrutura e Log\u00edstica; Agricultura e Abastecimento; Desenvolvimento Social; Desenvolvimento Econ\u00f4mico; Fazenda e Planejamento; Seguran\u00e7a P\u00fablica; Comunica\u00e7\u00e3o&nbsp;e&nbsp;Sa\u00fade.<\/p>\n\n\n\n<p><strong><em><strong><em><strong><em><strong><em><strong><em><strong><em><strong><em><strong><em><strong>Siga nossas redes sociais no\u00a0<a href=\"https:\/\/www.instagram.com\/ronipaparazzi\/\">Instagram\u00a0<\/a>e\u00a0<a href=\"https:\/\/www.facebook.com\/ronipaparazzicomvoce\">Facebook<\/a>\u00a0participe da nossa comunidade do Canal Roni Paparazzi no Whatsapp e receba as principais not\u00edcias da regi\u00e3o de Ara\u00e7atuba do dia direto no seu celular.<\/strong>\u00a0<a href=\"https:\/\/chat.whatsapp.com\/GsG1XKo0jPOEfjzudWQcml\" target=\"_blank\" rel=\"noreferrer noopener\">\u00a0Clique aqui e se inscreva.<\/a><\/em><\/strong><\/em><\/strong><\/em><\/strong><\/em><\/strong><\/em><\/strong><\/em><\/strong><\/em><\/strong><\/em><\/strong><\/p>\n","protected":false},"excerpt":{"rendered":"<p>O Governo de SP publicou nesta segunda-feira (29) o decreto que institui o Plano Estadual de Resili\u00eancia \u00e0 Estiagem \u2013 SP Sempre Alerta, com diretrizes e a\u00e7\u00f5es de preven\u00e7\u00e3o, mitiga\u00e7\u00e3o e resposta aos impactos da estiagem prolongada no ano de 2024. A medida visa estimular o consumo consciente de \u00e1gua, oferecer apoio aos munic\u00edpios atingidos &hellip;<\/p>\n","protected":false},"author":1,"featured_media":10895,"comment_status":"open","ping_status":"open","sticky":false,"template":"","format":"standard","meta":{"_jetpack_memberships_contains_paid_content":false,"footnotes":"","jetpack_publicize_message":"","jetpack_publicize_feature_enabled":true,"jetpack_social_post_already_shared":false,"jetpack_social_options":{"image_generator_settings":{"template":"highway","default_image_id":0,"enabled":false},"version":2}},"categories":[4],"tags":[],"class_list":["post-10894","post","type-post","status-publish","format-standard","has-post-thumbnail","hentry","category-regiao"],"jetpack_publicize_connections":[],"jetpack_featured_media_url":"https:\/\/i0.wp.com\/www.paparazzinews.com.br\/wp-content\/uploads\/2024\/07\/47480340761_d2cb53de0c_c.jpg?fit=799%2C533&ssl=1","views":"2451","jetpack_likes_enabled":true,"jetpack_sharing_enabled":true,"_links":{"self":[{"href":"https:\/\/www.paparazzinews.com.br\/index.php?rest_route=\/wp\/v2\/posts\/10894","targetHints":{"allow":["GET"]}}],"collection":[{"href":"https:\/\/www.paparazzinews.com.br\/index.php?rest_route=\/wp\/v2\/posts"}],"about":[{"href":"https:\/\/www.paparazzinews.com.br\/index.php?rest_route=\/wp\/v2\/types\/post"}],"author":[{"embeddable":true,"href":"https:\/\/www.paparazzinews.com.br\/index.php?rest_route=\/wp\/v2\/users\/1"}],"replies":[{"embeddable":true,"href":"https:\/\/www.paparazzinews.com.br\/index.php?rest_route=%2Fwp%2Fv2%2Fcomments&post=10894"}],"version-history":[{"count":1,"href":"https:\/\/www.paparazzinews.com.br\/index.php?rest_route=\/wp\/v2\/posts\/10894\/revisions"}],"predecessor-version":[{"id":10896,"href":"https:\/\/www.paparazzinews.com.br\/index.php?rest_route=\/wp\/v2\/posts\/10894\/revisions\/10896"}],"wp:featuredmedia":[{"embeddable":true,"href":"https:\/\/www.paparazzinews.com.br\/index.php?rest_route=\/wp\/v2\/media\/10895"}],"wp:attachment":[{"href":"https:\/\/www.paparazzinews.com.br\/index.php?rest_route=%2Fwp%2Fv2%2Fmedia&parent=10894"}],"wp:term":[{"taxonomy":"category","embeddable":true,"href":"https:\/\/www.paparazzinews.com.br\/index.php?rest_route=%2Fwp%2Fv2%2Fcategories&post=10894"},{"taxonomy":"post_tag","embeddable":true,"href":"https:\/\/www.paparazzinews.com.br\/index.php?rest_route=%2Fwp%2Fv2%2Ftags&post=10894"}],"curies":[{"name":"wp","href":"https:\/\/api.w.org\/{rel}","templated":true}]}}