{"id":10866,"date":"2024-07-26T14:44:36","date_gmt":"2024-07-26T17:44:36","guid":{"rendered":"https:\/\/www.paparazzinews.com.br\/?p=10866"},"modified":"2024-07-26T14:44:37","modified_gmt":"2024-07-26T17:44:37","slug":"doacao-de-alimentos-agricultura-arrecada-47-toneladas-ao-fundo-social","status":"publish","type":"post","link":"https:\/\/www.paparazzinews.com.br\/?p=10866","title":{"rendered":"Doa\u00e7\u00e3o de alimentos: Agricultura arrecada 4,7 toneladas ao Fundo Social"},"content":{"rendered":"\n<p>O Governo do Estado de S\u00e3o Paulo, por meio da Secretaria de Agricultura e Abastecimento, doou 4,7 toneladas de alimentos para o&nbsp;<a href=\"https:\/\/www.fundosocial.sp.gov.br\/\" target=\"_blank\" rel=\"noreferrer noopener\">Fundo Social de S\u00e3o Paulo<\/a>. A arrecada\u00e7\u00e3o dos alimentos ocorreu durante a festa junina promovida pelo Instituto Biol\u00f3gico, na Vila Mariana, zona sul da capital paulista.<\/p>\n\n\n\n<p>A arrecada\u00e7\u00e3o dos alimentos ocorreu nos dias 29 e 30 de junho, durante a&nbsp;<a href=\"https:\/\/www.saopaulo.sp.gov.br\/spnoticias\/ultimas-noticias\/festa-junina-produtos-agricolas-de-sp-fazem-parte-das-celebracoes-todo-o-pais\/\">festa junina promovida pelo Instituto Biol\u00f3gico<\/a>&nbsp;em parceria com a Associa\u00e7\u00e3o de Moradores da Vila Mariana, como parte do 32o Instituto Biol\u00f3gico de Portas Abertas. Este evento tradicional abre as portas do IB para a popula\u00e7\u00e3o, que \u00e9 recebida no entorno do cafezal da institui\u00e7\u00e3o.<\/p>\n\n\n\n<p>Durante o evento de junho, foi organizada uma festa junina com quadrilhas, comidas t\u00edpicas e m\u00fasica ao vivo. A entrada foi um quilo de alimento n\u00e3o perec\u00edvel, que foi doado ao Fundo Social de S\u00e3o Paulo.<\/p>\n\n\n\n<p>As doa\u00e7\u00f5es totalizaram 4,7 toneladas de alimentos, que foram entregues ao Fundo Social e convertidas para o Banco de Alimentos da Prefeitura de S\u00e3o Paulo. As cestas, inclusive, j\u00e1 foram encaminhadas \u00e0s associa\u00e7\u00f5es cadastradas no Banco de Alimentos.<\/p>\n\n\n\n<p>\u201cO objetivo \u00e9 garantir suporte aos que mais necessitam em nosso Estado, o Instituto Biol\u00f3gico realiza essa doa\u00e7\u00e3o h\u00e1 anos e sempre arrecadamos quantidades significativas de alimentos, contando sempre com a dedica\u00e7\u00e3o do povo paulista em ajudar quem mais precisa\u201d, afirmou o secret\u00e1rio Guilherme Piai.<\/p>\n\n\n\n<p>O Programa Banco de Alimentos da Prefeitura de S\u00e3o Paulo tem como objetivo adquirir e arrecadar alimentos provenientes das ind\u00fastrias aliment\u00edcias, redes varejistas e atacadistas que est\u00e3o fora dos padr\u00f5es de comercializa\u00e7\u00e3o, mas sem restri\u00e7\u00f5es de car\u00e1ter sanit\u00e1rio para o consumo. Esses alimentos s\u00e3o doados \u00e0s entidades assistenciais previamente cadastradas no programa, contribuindo assim no combate \u00e0 fome e ao desperd\u00edcio de alimentos.<\/p>\n\n\n\n<p><strong><em><strong><em><strong><em><strong><em><strong><em><strong><em><strong><em><strong><em><strong>Siga nossas redes sociais no\u00a0<a href=\"https:\/\/www.instagram.com\/ronipaparazzi\/\">Instagram\u00a0<\/a>e\u00a0<a href=\"https:\/\/www.facebook.com\/ronipaparazzicomvoce\">Facebook<\/a>\u00a0participe da nossa comunidade do Canal Roni Paparazzi no Whatsapp e receba as principais not\u00edcias da regi\u00e3o de Ara\u00e7atuba do dia direto no seu celular.<\/strong>\u00a0<a href=\"https:\/\/chat.whatsapp.com\/GsG1XKo0jPOEfjzudWQcml\" target=\"_blank\" rel=\"noreferrer noopener\">\u00a0Clique aqui e se inscreva.<\/a><\/em><\/strong><\/em><\/strong><\/em><\/strong><\/em><\/strong><\/em><\/strong><\/em><\/strong><\/em><\/strong><\/em><\/strong><\/p>\n","protected":false},"excerpt":{"rendered":"<p>O Governo do Estado de S\u00e3o Paulo, por meio da Secretaria de Agricultura e Abastecimento, doou 4,7 toneladas de alimentos para o&nbsp;Fundo Social de S\u00e3o Paulo. A arrecada\u00e7\u00e3o dos alimentos ocorreu durante a festa junina promovida pelo Instituto Biol\u00f3gico, na Vila Mariana, zona sul da capital paulista. A arrecada\u00e7\u00e3o dos alimentos ocorreu nos dias 29 &hellip;<\/p>\n","protected":false},"author":1,"featured_media":10867,"comment_status":"open","ping_status":"open","sticky":false,"template":"","format":"standard","meta":{"_jetpack_memberships_contains_paid_content":false,"footnotes":"","jetpack_publicize_message":"","jetpack_publicize_feature_enabled":true,"jetpack_social_post_already_shared":false,"jetpack_social_options":{"image_generator_settings":{"template":"highway","default_image_id":0,"enabled":false},"version":2}},"categories":[4],"tags":[],"class_list":["post-10866","post","type-post","status-publish","format-standard","has-post-thumbnail","hentry","category-regiao"],"jetpack_publicize_connections":[],"jetpack_featured_media_url":"https:\/\/i0.wp.com\/www.paparazzinews.com.br\/wp-content\/uploads\/2024\/07\/Secretaria-de-Agricultura-destina-47-toneladas-de-alimentos-ao-Fundo-Social-de-Sao-Paulo-2.jpg?fit=1000%2C645&ssl=1","views":"2474","jetpack_likes_enabled":true,"jetpack_sharing_enabled":true,"_links":{"self":[{"href":"https:\/\/www.paparazzinews.com.br\/index.php?rest_route=\/wp\/v2\/posts\/10866","targetHints":{"allow":["GET"]}}],"collection":[{"href":"https:\/\/www.paparazzinews.com.br\/index.php?rest_route=\/wp\/v2\/posts"}],"about":[{"href":"https:\/\/www.paparazzinews.com.br\/index.php?rest_route=\/wp\/v2\/types\/post"}],"author":[{"embeddable":true,"href":"https:\/\/www.paparazzinews.com.br\/index.php?rest_route=\/wp\/v2\/users\/1"}],"replies":[{"embeddable":true,"href":"https:\/\/www.paparazzinews.com.br\/index.php?rest_route=%2Fwp%2Fv2%2Fcomments&post=10866"}],"version-history":[{"count":1,"href":"https:\/\/www.paparazzinews.com.br\/index.php?rest_route=\/wp\/v2\/posts\/10866\/revisions"}],"predecessor-version":[{"id":10868,"href":"https:\/\/www.paparazzinews.com.br\/index.php?rest_route=\/wp\/v2\/posts\/10866\/revisions\/10868"}],"wp:featuredmedia":[{"embeddable":true,"href":"https:\/\/www.paparazzinews.com.br\/index.php?rest_route=\/wp\/v2\/media\/10867"}],"wp:attachment":[{"href":"https:\/\/www.paparazzinews.com.br\/index.php?rest_route=%2Fwp%2Fv2%2Fmedia&parent=10866"}],"wp:term":[{"taxonomy":"category","embeddable":true,"href":"https:\/\/www.paparazzinews.com.br\/index.php?rest_route=%2Fwp%2Fv2%2Fcategories&post=10866"},{"taxonomy":"post_tag","embeddable":true,"href":"https:\/\/www.paparazzinews.com.br\/index.php?rest_route=%2Fwp%2Fv2%2Ftags&post=10866"}],"curies":[{"name":"wp","href":"https:\/\/api.w.org\/{rel}","templated":true}]}}