{"id":10857,"date":"2024-07-26T14:40:36","date_gmt":"2024-07-26T17:40:36","guid":{"rendered":"https:\/\/www.paparazzinews.com.br\/?p=10857"},"modified":"2024-07-26T14:40:37","modified_gmt":"2024-07-26T17:40:37","slug":"sp-vai-contratar-ate-3-mil-profissionais-em-escolas-tecnicas-veja-como-participar","status":"publish","type":"post","link":"https:\/\/www.paparazzinews.com.br\/?p=10857","title":{"rendered":"SP vai contratar at\u00e9 3 mil profissionais em escolas t\u00e9cnicas; veja como participar"},"content":{"rendered":"\n<p>Os profissionais interessados em atuar no Ensino T\u00e9cnico da rede estadual de ensino podem se inscrever at\u00e9 o dia 5 de agosto no Processo Seletivo Simplificado. O cadastro \u00e9 on-line no site da FGV, respons\u00e1vel pelo concurso, no link<a href=\"https:\/\/click.cse360.com.br\/Click\/AddCampaignEmailClick\/cde62ecf-eac1-400b-5a83-08dc8ed67709\/https%253a%252f%252fconhecimento.fgv.br%252fconcursos%252fseducsp24\/5d2b573c-075c-43b7-b127-563ce5c9c385\/fernanda.porto@educacao.sp.gov.br\/False\" target=\"_blank\" rel=\"noreferrer noopener\">&nbsp;https:\/\/conhecimento.fgv.br\/concursos\/seducsp24<\/a>. Para 2025, devem ser contratados cerca de 3.000 profissionais pela Secretaria da Educa\u00e7\u00e3o do Estado de S\u00e3o Paulo (Seduc-SP).<\/p>\n\n\n\n<p>Os selecionados v\u00e3o ministrar aulas presenciais aos estudantes conforme habilita\u00e7\u00e3o de n\u00edvel superior e os componentes curriculares correspondentes. S\u00e3o nove cursos: administra\u00e7\u00e3o, agroneg\u00f3cio, ci\u00eancia de dados, desenvolvimento de sistemas, enfermagem, farm\u00e1cia, hospedagem, log\u00edstica e vendas.<\/p>\n\n\n\n<p>Na inscri\u00e7\u00e3o, o candidato deve escolher uma Diretoria de Ensino da Secretaria da Educa\u00e7\u00e3o do Estado de S\u00e3o Paulo (Seduc-SP) de sua prefer\u00eancia dentre as 91 regionais de todo o estado para eventual aloca\u00e7\u00e3o. Dever\u00e1 tamb\u00e9m indicar um Eixo de Prova, de acordo com os cursos em que pretende lecionar. A taxa de inscri\u00e7\u00e3o \u00e9 de R$ 49.<\/p>\n\n\n\n<p>As provas objetiva e discursiva est\u00e3o marcadas para&nbsp;<strong>29 de setembro<\/strong>. O processo engloba ainda avalia\u00e7\u00e3o de t\u00edtulos (diplomas de forma\u00e7\u00e3o e experi\u00eancia profissional) e prova pr\u00e1tica (envio de videoaula gravada). Quem n\u00e3o for chamado na primeira sele\u00e7\u00e3o ter\u00e1 o nome inclu\u00eddo no cadastro de reservas.&nbsp;&nbsp;<\/p>\n\n\n\n<p>\u201cPodem participar do processo seletivo n\u00e3o apenas professores, mas tamb\u00e9m profissionais formados, entre outros cursos, em economia, engenharia, direito e na \u00e1rea da sa\u00fade. Todos s\u00e3o bem-vindos e ser\u00e3o importantes na forma\u00e7\u00e3o de nossos estudantes\u201d, ressalta o coordenador pedag\u00f3gico da Educa\u00e7\u00e3o, Daniel Barros.<\/p>\n\n\n\n<p><strong>Amplia\u00e7\u00e3o de vagas e escolas em 2025<\/strong><\/p>\n\n\n\n<p>A partir de uma pesquisa com as unidades que ofertam o Ensino M\u00e9dio na rede p\u00fablica, a Seduc-SP deve ampliar das atuais 1.393 para 1.911 escolas estaduais que ofertam o itiner\u00e1rio de ensino t\u00e9cnico para o ano de 2025. Neste ano, 71,9 mil alunos est\u00e3o matriculados nesse modelo e o n\u00famero pode crescer para 170 mil matriculados no pr\u00f3ximo ano.<\/p>\n\n\n\n<p>As 170 mil matr\u00edculas previstas para o pr\u00f3ximo ano letivo contemplam os estudantes que estar\u00e3o na 2\u00aa e 3\u00aa s\u00e9rie do Ensino M\u00e9dio, per\u00edodo dedicado aos aprofundamentos previstos no Novo Ensino M\u00e9dio.<\/p>\n\n\n\n<p>A Secretaria da Educa\u00e7\u00e3o ampliar\u00e1, ainda, o n\u00famero de cidades que ter\u00e3o a oferta de ensino t\u00e9cnico na rede \u2014 das atuais 349 para uma perspectiva de estar em 463 munic\u00edpios, um aumento de 32,6%. Em 2022, o t\u00e9cnico era oferecido a alunos de 161 cidades paulistas.<\/p>\n\n\n\n<p>\u201cUm relat\u00f3rio da OCDE (Organiza\u00e7\u00e3o para a Coopera\u00e7\u00e3o e Desenvolvimento Econ\u00f4mico) publicado no ano passado aponta que a educa\u00e7\u00e3o profissional \u00e9 essencial para o desenvolvimento do Brasil. Aqui em S\u00e3o Paulo, estamos caminhando para oferecer ao estado e ao pa\u00eds estudantes formados em \u00e1reas importantes para aumentar a empregabilidade dos jovens e melhorar a produtividade do pa\u00eds\u201d, afirma o secret\u00e1rio da Educa\u00e7\u00e3o, Renato Feder.&nbsp;<\/p>\n\n\n\n<p><strong><em><strong><em><strong><em><strong><em><strong><em><strong><em><strong><em><strong><em><strong>Siga nossas redes sociais no\u00a0<a href=\"https:\/\/www.instagram.com\/ronipaparazzi\/\">Instagram\u00a0<\/a>e\u00a0<a href=\"https:\/\/www.facebook.com\/ronipaparazzicomvoce\">Facebook<\/a>\u00a0participe da nossa comunidade do Canal Roni Paparazzi no Whatsapp e receba as principais not\u00edcias da regi\u00e3o de Ara\u00e7atuba do dia direto no seu celular.<\/strong>\u00a0<a href=\"https:\/\/chat.whatsapp.com\/GsG1XKo0jPOEfjzudWQcml\" target=\"_blank\" rel=\"noreferrer noopener\">\u00a0Clique aqui e se inscreva.<\/a><\/em><\/strong><\/em><\/strong><\/em><\/strong><\/em><\/strong><\/em><\/strong><\/em><\/strong><\/em><\/strong><\/em><\/strong><\/p>\n","protected":false},"excerpt":{"rendered":"<p>Os profissionais interessados em atuar no Ensino T\u00e9cnico da rede estadual de ensino podem se inscrever at\u00e9 o dia 5 de agosto no Processo Seletivo Simplificado. O cadastro \u00e9 on-line no site da FGV, respons\u00e1vel pelo concurso, no link&nbsp;https:\/\/conhecimento.fgv.br\/concursos\/seducsp24. Para 2025, devem ser contratados cerca de 3.000 profissionais pela Secretaria da Educa\u00e7\u00e3o do Estado de &hellip;<\/p>\n","protected":false},"author":1,"featured_media":10858,"comment_status":"open","ping_status":"open","sticky":false,"template":"","format":"standard","meta":{"_jetpack_memberships_contains_paid_content":false,"footnotes":"","jetpack_publicize_message":"","jetpack_publicize_feature_enabled":true,"jetpack_social_post_already_shared":false,"jetpack_social_options":{"image_generator_settings":{"template":"highway","default_image_id":0,"enabled":false},"version":2}},"categories":[4],"tags":[],"class_list":["post-10857","post","type-post","status-publish","format-standard","has-post-thumbnail","hentry","category-regiao"],"jetpack_publicize_connections":[],"jetpack_featured_media_url":"https:\/\/i0.wp.com\/www.paparazzinews.com.br\/wp-content\/uploads\/2024\/07\/download-5-768x509-1.png?fit=768%2C509&ssl=1","views":"2493","jetpack_likes_enabled":true,"jetpack_sharing_enabled":true,"_links":{"self":[{"href":"https:\/\/www.paparazzinews.com.br\/index.php?rest_route=\/wp\/v2\/posts\/10857","targetHints":{"allow":["GET"]}}],"collection":[{"href":"https:\/\/www.paparazzinews.com.br\/index.php?rest_route=\/wp\/v2\/posts"}],"about":[{"href":"https:\/\/www.paparazzinews.com.br\/index.php?rest_route=\/wp\/v2\/types\/post"}],"author":[{"embeddable":true,"href":"https:\/\/www.paparazzinews.com.br\/index.php?rest_route=\/wp\/v2\/users\/1"}],"replies":[{"embeddable":true,"href":"https:\/\/www.paparazzinews.com.br\/index.php?rest_route=%2Fwp%2Fv2%2Fcomments&post=10857"}],"version-history":[{"count":1,"href":"https:\/\/www.paparazzinews.com.br\/index.php?rest_route=\/wp\/v2\/posts\/10857\/revisions"}],"predecessor-version":[{"id":10859,"href":"https:\/\/www.paparazzinews.com.br\/index.php?rest_route=\/wp\/v2\/posts\/10857\/revisions\/10859"}],"wp:featuredmedia":[{"embeddable":true,"href":"https:\/\/www.paparazzinews.com.br\/index.php?rest_route=\/wp\/v2\/media\/10858"}],"wp:attachment":[{"href":"https:\/\/www.paparazzinews.com.br\/index.php?rest_route=%2Fwp%2Fv2%2Fmedia&parent=10857"}],"wp:term":[{"taxonomy":"category","embeddable":true,"href":"https:\/\/www.paparazzinews.com.br\/index.php?rest_route=%2Fwp%2Fv2%2Fcategories&post=10857"},{"taxonomy":"post_tag","embeddable":true,"href":"https:\/\/www.paparazzinews.com.br\/index.php?rest_route=%2Fwp%2Fv2%2Ftags&post=10857"}],"curies":[{"name":"wp","href":"https:\/\/api.w.org\/{rel}","templated":true}]}}