{"id":10854,"date":"2024-07-26T14:35:30","date_gmt":"2024-07-26T17:35:30","guid":{"rendered":"https:\/\/www.paparazzinews.com.br\/?p=10854"},"modified":"2024-07-26T14:35:31","modified_gmt":"2024-07-26T17:35:31","slug":"a-principal-promessa-minha-e-a-honestidade-declara-cristiano-em-convencao-de-murutinga-do-sul","status":"publish","type":"post","link":"https:\/\/www.paparazzinews.com.br\/?p=10854","title":{"rendered":"&#8220;A principal promessa minha \u00e9 a honestidade\u201d, declara Cristiano em conven\u00e7\u00e3o de Murutinga do Sul"},"content":{"rendered":"\n<p>Em noite de conven\u00e7\u00e3o partid\u00e1ria na C\u00e2mara de Vereadores de Murutinga do Sul o nome do prefeito Cristiano Eleut\u00e9rio foi aprovado por unanimidade como candidato a reelei\u00e7\u00e3o pelo PODEMOS. A informa\u00e7\u00e3o \u00e9 do Urubupunga News.<\/p>\n\n\n\n<p>O candidato a vice \u00e9 o vereador Kik\u00e3o do PL. Al\u00e9m de PODEMOS e PL, o Republicanos tamb\u00e9m integra a coliga\u00e7\u00e3o que passa a ser denominada &#8220;MURUTINGA N\u00c3O PODE PARAR&#8221;.<\/p>\n\n\n\n<p>Numa <a><\/a>fala bastante emocionada e de muita energia, o agora candidato a reelei\u00e7\u00e3o garantiu que n\u00e3o ir\u00e1 decepcionar a popula\u00e7\u00e3o a quem prometeu muito trabalho.<\/p>\n\n\n\n<p>\u201cVou trabalhar incansavelmente para transformar Murutinga, deixar essa Murutinga a Murutinga de 20, 30 anos atr\u00e1s: Festiva, alegre e contente. Com Sa\u00fade, com Esperan\u00e7a, com Dignidade. E a principal promessa minha \u00e9 a honestidade\u201d, disse sob aplausos Cristiano.<\/p>\n\n\n\n<p>A dobradinha com o vereador Kik\u00e3o foi muito bem recebida pelo grupo de correligion\u00e1rios e pelos populares. Ambos adentraram o ato da conven\u00e7\u00e3o trajando uma camiseta com declara\u00e7\u00e3o de amor \u00e0 cidade: &#8220;Eu amo Murutinga&#8221;, frase constantemente repetida por Cristiano.<\/p>\n\n\n\n<p>A boa sintonia entre os candidatos a prefeito e vice vem de longa data. Eles j\u00e1 haviam atuado em conjunto na Gest\u00e3o 2017-2020 quando foram vereadores na mesma Legislatura.<\/p>\n\n\n\n<p>CANDIDATOS A VEREADORES \u2013 A coliga\u00e7\u00e3o \u201cMurutinga N\u00e3o Pode Parar\u201d ter\u00e1 um total de 29 candidatos a vereadores. S\u00e3o 10 pelo PODEMOS, 10 do PL e mais 09 do Republicanos.<\/p>\n\n\n\n<p>Entre os candidatos h\u00e1 representantes de todos seguimentos da sociedade local, como comerciantes, agricultores, professores, assentados e outros.<\/p>\n\n\n\n<p><strong><em><strong><em><strong><em><strong><em><strong><em><strong><em><strong><em><strong><em><strong>Siga nossas redes sociais no\u00a0<a href=\"https:\/\/www.instagram.com\/ronipaparazzi\/\">Instagram\u00a0<\/a>e\u00a0<a href=\"https:\/\/www.facebook.com\/ronipaparazzicomvoce\">Facebook<\/a>\u00a0participe da nossa comunidade do Canal Roni Paparazzi no Whatsapp e receba as principais not\u00edcias da regi\u00e3o de Ara\u00e7atuba do dia direto no seu celular.<\/strong>\u00a0<a href=\"https:\/\/chat.whatsapp.com\/GsG1XKo0jPOEfjzudWQcml\" target=\"_blank\" rel=\"noreferrer noopener\">\u00a0Clique aqui e se inscreva.<\/a><\/em><\/strong><\/em><\/strong><\/em><\/strong><\/em><\/strong><\/em><\/strong><\/em><\/strong><\/em><\/strong><\/em><\/strong><\/p>\n","protected":false},"excerpt":{"rendered":"<p>Em noite de conven\u00e7\u00e3o partid\u00e1ria na C\u00e2mara de Vereadores de Murutinga do Sul o nome do prefeito Cristiano Eleut\u00e9rio foi aprovado por unanimidade como candidato a reelei\u00e7\u00e3o pelo PODEMOS. A informa\u00e7\u00e3o \u00e9 do Urubupunga News. O candidato a vice \u00e9 o vereador Kik\u00e3o do PL. Al\u00e9m de PODEMOS e PL, o Republicanos tamb\u00e9m integra a &hellip;<\/p>\n","protected":false},"author":1,"featured_media":10856,"comment_status":"open","ping_status":"open","sticky":false,"template":"","format":"standard","meta":{"_jetpack_memberships_contains_paid_content":false,"footnotes":"","jetpack_publicize_message":"","jetpack_publicize_feature_enabled":true,"jetpack_social_post_already_shared":false,"jetpack_social_options":{"image_generator_settings":{"template":"highway","default_image_id":0,"enabled":false},"version":2}},"categories":[7],"tags":[],"class_list":["post-10854","post","type-post","status-publish","format-standard","has-post-thumbnail","hentry","category-politica"],"jetpack_publicize_connections":[],"jetpack_featured_media_url":"https:\/\/i0.wp.com\/www.paparazzinews.com.br\/wp-content\/uploads\/2024\/07\/452937394_811729457802978_212499201762348009_n-1.jpg?fit=1600%2C938&ssl=1","views":"2602","jetpack_likes_enabled":true,"jetpack_sharing_enabled":true,"_links":{"self":[{"href":"https:\/\/www.paparazzinews.com.br\/index.php?rest_route=\/wp\/v2\/posts\/10854","targetHints":{"allow":["GET"]}}],"collection":[{"href":"https:\/\/www.paparazzinews.com.br\/index.php?rest_route=\/wp\/v2\/posts"}],"about":[{"href":"https:\/\/www.paparazzinews.com.br\/index.php?rest_route=\/wp\/v2\/types\/post"}],"author":[{"embeddable":true,"href":"https:\/\/www.paparazzinews.com.br\/index.php?rest_route=\/wp\/v2\/users\/1"}],"replies":[{"embeddable":true,"href":"https:\/\/www.paparazzinews.com.br\/index.php?rest_route=%2Fwp%2Fv2%2Fcomments&post=10854"}],"version-history":[{"count":1,"href":"https:\/\/www.paparazzinews.com.br\/index.php?rest_route=\/wp\/v2\/posts\/10854\/revisions"}],"predecessor-version":[{"id":10855,"href":"https:\/\/www.paparazzinews.com.br\/index.php?rest_route=\/wp\/v2\/posts\/10854\/revisions\/10855"}],"wp:featuredmedia":[{"embeddable":true,"href":"https:\/\/www.paparazzinews.com.br\/index.php?rest_route=\/wp\/v2\/media\/10856"}],"wp:attachment":[{"href":"https:\/\/www.paparazzinews.com.br\/index.php?rest_route=%2Fwp%2Fv2%2Fmedia&parent=10854"}],"wp:term":[{"taxonomy":"category","embeddable":true,"href":"https:\/\/www.paparazzinews.com.br\/index.php?rest_route=%2Fwp%2Fv2%2Fcategories&post=10854"},{"taxonomy":"post_tag","embeddable":true,"href":"https:\/\/www.paparazzinews.com.br\/index.php?rest_route=%2Fwp%2Fv2%2Ftags&post=10854"}],"curies":[{"name":"wp","href":"https:\/\/api.w.org\/{rel}","templated":true}]}}