{"id":10794,"date":"2024-07-16T13:09:43","date_gmt":"2024-07-16T16:09:43","guid":{"rendered":"https:\/\/www.paparazzinews.com.br\/?p=10794"},"modified":"2024-07-16T13:09:44","modified_gmt":"2024-07-16T16:09:44","slug":"menino-de-2-anos-e-7-meses-morre-atacado-pelo-cao-da-familia","status":"publish","type":"post","link":"https:\/\/www.paparazzinews.com.br\/?p=10794","title":{"rendered":"Menino de 2 anos e 7 meses morre atacado pelo c\u00e3o da fam\u00edlia"},"content":{"rendered":"\n<p>A Pol\u00edcia Civil instaurou inqu\u00e9rito para investigar as circunst\u00e2ncias da morte de um menino de 2 anos e 7 meses, ap\u00f3s ter sido atacado pelo c\u00e3o da fam\u00edlia, da ra\u00e7a Rotweiller, na \u00e1rea rural de Tanabi, na regi\u00e3o Metropolitana de S\u00e3o Jos\u00e9 do Rio Preto (SP).<br><br>De acordo com o boletim de ocorr\u00eancia, a crian\u00e7a estava com o pai e o irm\u00e3o de 10 anos no quintal da ch\u00e1cara em que moram. O pai contou para a pol\u00edcia, que o filho mais velho se ausentou para beber \u00e1gua e ele percebeu que o ca\u00e7ula havia sumido de sua \u00e1rea de vista. Ele procurou pelo filho e encontrou a crian\u00e7a ca\u00edda no ch\u00e3o, com ferimentos graves no pesco\u00e7o, que teriam sido provocados por mordidas de cachorro.<\/p>\n\n\n\n<p>Uma ambul\u00e2ncia do Corpo de Bombeiros resgatou a v\u00edtima, que foi levada para a Santa Casa, mas morreu na unidade.<\/p>\n\n\n\n<p>Ao&nbsp;<strong>sbtinterior.com<\/strong>, a Pol\u00edcia Civil informou que a fam\u00edlia tem cinco cachorros e que as crian\u00e7as foram criadas em conviv\u00eancia com os animais, que s\u00e3o d\u00f3ceis, segundo a fam\u00edlia. Ringo, o c\u00e3o que atacou o menino, tem um ano.<\/p>\n\n\n\n<p>A per\u00edcia t\u00e9cnico-cient\u00edfica foi acionada e examinou a \u00e1rea. A Pol\u00edcia Civil trata o caso como homic\u00eddio culposo (quando n\u00e3o h\u00e1 inten\u00e7\u00e3o de matar).<\/p>\n\n\n\n<p><strong><em><strong><em><strong><em><strong><em><strong><em><strong><em><strong><em><strong><em><strong>Siga nossas redes sociais no\u00a0<a href=\"https:\/\/www.instagram.com\/ronipaparazzi\/\">Instagram\u00a0<\/a>e\u00a0<a href=\"https:\/\/www.facebook.com\/ronipaparazzicomvoce\">Facebook<\/a>\u00a0participe da nossa comunidade do Canal Roni Paparazzi no Whatsapp e receba as principais not\u00edcias da regi\u00e3o de Ara\u00e7atuba do dia direto no seu celular.<\/strong>\u00a0<a href=\"https:\/\/chat.whatsapp.com\/GsG1XKo0jPOEfjzudWQcml\" target=\"_blank\" rel=\"noreferrer noopener\">\u00a0Clique aqui e se inscreva.<\/a><\/em><\/strong><\/em><\/strong><\/em><\/strong><\/em><\/strong><\/em><\/strong><\/em><\/strong><\/em><\/strong><\/em><\/strong><\/p>\n","protected":false},"excerpt":{"rendered":"<p>A Pol\u00edcia Civil instaurou inqu\u00e9rito para investigar as circunst\u00e2ncias da morte de um menino de 2 anos e 7 meses, ap\u00f3s ter sido atacado pelo c\u00e3o da fam\u00edlia, da ra\u00e7a Rotweiller, na \u00e1rea rural de Tanabi, na regi\u00e3o Metropolitana de S\u00e3o Jos\u00e9 do Rio Preto (SP).De acordo com o boletim de ocorr\u00eancia, a crian\u00e7a estava &hellip;<\/p>\n","protected":false},"author":1,"featured_media":10795,"comment_status":"open","ping_status":"open","sticky":false,"template":"","format":"standard","meta":{"_jetpack_memberships_contains_paid_content":false,"footnotes":"","jetpack_publicize_message":"","jetpack_publicize_feature_enabled":true,"jetpack_social_post_already_shared":false,"jetpack_social_options":{"image_generator_settings":{"template":"highway","default_image_id":0,"enabled":false},"version":2}},"categories":[3],"tags":[],"class_list":["post-10794","post","type-post","status-publish","format-standard","has-post-thumbnail","hentry","category-policial"],"jetpack_publicize_connections":[],"jetpack_featured_media_url":"https:\/\/i0.wp.com\/www.paparazzinews.com.br\/wp-content\/uploads\/2024\/07\/menino-de-2-anos-e-7-meses-morre-atacado-por-cao-da-familia-em-tanabi-150724_060059.jpg?fit=734%2C400&ssl=1","views":"3037","jetpack_likes_enabled":true,"jetpack_sharing_enabled":true,"_links":{"self":[{"href":"https:\/\/www.paparazzinews.com.br\/index.php?rest_route=\/wp\/v2\/posts\/10794","targetHints":{"allow":["GET"]}}],"collection":[{"href":"https:\/\/www.paparazzinews.com.br\/index.php?rest_route=\/wp\/v2\/posts"}],"about":[{"href":"https:\/\/www.paparazzinews.com.br\/index.php?rest_route=\/wp\/v2\/types\/post"}],"author":[{"embeddable":true,"href":"https:\/\/www.paparazzinews.com.br\/index.php?rest_route=\/wp\/v2\/users\/1"}],"replies":[{"embeddable":true,"href":"https:\/\/www.paparazzinews.com.br\/index.php?rest_route=%2Fwp%2Fv2%2Fcomments&post=10794"}],"version-history":[{"count":1,"href":"https:\/\/www.paparazzinews.com.br\/index.php?rest_route=\/wp\/v2\/posts\/10794\/revisions"}],"predecessor-version":[{"id":10796,"href":"https:\/\/www.paparazzinews.com.br\/index.php?rest_route=\/wp\/v2\/posts\/10794\/revisions\/10796"}],"wp:featuredmedia":[{"embeddable":true,"href":"https:\/\/www.paparazzinews.com.br\/index.php?rest_route=\/wp\/v2\/media\/10795"}],"wp:attachment":[{"href":"https:\/\/www.paparazzinews.com.br\/index.php?rest_route=%2Fwp%2Fv2%2Fmedia&parent=10794"}],"wp:term":[{"taxonomy":"category","embeddable":true,"href":"https:\/\/www.paparazzinews.com.br\/index.php?rest_route=%2Fwp%2Fv2%2Fcategories&post=10794"},{"taxonomy":"post_tag","embeddable":true,"href":"https:\/\/www.paparazzinews.com.br\/index.php?rest_route=%2Fwp%2Fv2%2Ftags&post=10794"}],"curies":[{"name":"wp","href":"https:\/\/api.w.org\/{rel}","templated":true}]}}