{"id":10788,"date":"2024-07-16T11:46:24","date_gmt":"2024-07-16T14:46:24","guid":{"rendered":"https:\/\/www.paparazzinews.com.br\/?p=10788"},"modified":"2024-07-16T11:46:25","modified_gmt":"2024-07-16T14:46:25","slug":"tse-altera-data-do-concurso-da-justica-eleitoral-para-8-de-dezembro-inscricoes-encerram-nesta-quinta","status":"publish","type":"post","link":"https:\/\/www.paparazzinews.com.br\/?p=10788","title":{"rendered":"TSE altera data do concurso da Justi\u00e7a Eleitoral para 8 de dezembro, inscri\u00e7\u00f5es encerram nesta quinta"},"content":{"rendered":"\n<p>O Tribunal Superior Eleitoral (TSE) alterou a data de realiza\u00e7\u00e3o do seu concurso p\u00fablico. Assim, as provas ser\u00e3o aplicadas no dia 8 de dezembro. A altera\u00e7\u00e3o foi informada em\u00a0<a href=\"https:\/\/www.in.gov.br\/en\/web\/dou\/-\/edital-de-15-de-julho-de-2024-572178538\" target=\"_blank\" rel=\"noreferrer noopener\">edital publicado nesta ter\u00e7a-feira (16)<\/a>. A informa\u00e7\u00e3o \u00e9 da Ag\u00eancia Brasil.<\/p>\n\n\n\n<p>Segundo o tribunal, a mudan\u00e7a dar\u00e1 mais seguran\u00e7a e prazo para os candidatos se prepararem. \u201cA mudan\u00e7a de data tem o objetivo de dar maior seguran\u00e7a aos candidatos e prazo para a prepara\u00e7\u00e3o para as provas, assegurando o tempo necess\u00e1rio para a apura\u00e7\u00e3o dos resultados e garantir a pronta nomea\u00e7\u00e3o ap\u00f3s a conclus\u00e3o do certame.\u201d<\/p>\n\n\n\n<p>Com essa mudan\u00e7a, o prazo para a nomea\u00e7\u00e3o dos aprovados passou para julho de 2025. \u201cEsses prazos decorreram da necessidade que os realizadores do certame precisam para ultimar todas as provid\u00eancias e fases do concurso, al\u00e9m de formular as altera\u00e7\u00f5es decorrentes da amplia\u00e7\u00e3o do n\u00famero de vagas inicialmente oferecidas\u201d, explicou o TSE.<\/p>\n\n\n\n<p>Inicialmente, o concurso estava previsto para ocorrer no dia 22 de setembro.<\/p>\n\n\n\n<h2 class=\"wp-block-heading\">Inscri\u00e7\u00f5es<\/h2>\n\n\n\n<p>As inscri\u00e7\u00f5es para o concurso unificado da Justi\u00e7a Eleitoral terminam na pr\u00f3xima quinta-feira (18), \u00e0s 18h, no hor\u00e1rio oficial de Bras\u00edlia. Ao todo, o TSE e 26 tribunais regionais eleitorais (TREs) oferecer\u00e3o 412 vagas para 21 cargos das carreiras de analista e de t\u00e9cnico judici\u00e1rio, ambos de n\u00edvel superior de ensino, em diversas especialidades.<\/p>\n\n\n\n<p>A taxa de inscri\u00e7\u00e3o \u00e9 R$ 130, para quem quer concorrer aos cargos de analista judici\u00e1rio, e R$ 85, para os de t\u00e9cnico judici\u00e1rio.<\/p>\n\n\n\n<p>O prazo para o pagamento da taxa \u00e9 at\u00e9 9 de agosto. O candidato dever\u00e1 usar a Guia de Recolhimento da Uni\u00e3o (GRU Cobran\u00e7a), gerada na conclus\u00e3o do preenchimento da ficha de inscri\u00e7\u00e3o online, no&nbsp;<a href=\"http:\/\/https\/\/www.cebraspe.org.br\/concursos\/CPNUJE_24\" target=\"_blank\" rel=\"noreferrer noopener\">site do Cebraspe<\/a>.<\/p>\n\n\n\n<p>O concurso ir\u00e1 preencher vagas de cargos efetivos dos quadros de pessoal da Justi\u00e7a Eleitoral, al\u00e9m da forma\u00e7\u00e3o de cadastro reserva. O cargo com a maior oferta \u00e9 o de t\u00e9cnico judici\u00e1rio \u2013 \u00e1rea administrativa, com 208 vagas.<\/p>\n\n\n\n<p><strong><em><strong><em><strong><em><strong><em><strong><em><strong><em><strong><em><strong><em><strong>Siga nossas redes sociais no\u00a0<a href=\"https:\/\/www.instagram.com\/ronipaparazzi\/\">Instagram\u00a0<\/a>e\u00a0<a href=\"https:\/\/www.facebook.com\/ronipaparazzicomvoce\">Facebook<\/a>\u00a0participe da nossa comunidade do Canal Roni Paparazzi no Whatsapp e receba as principais not\u00edcias da regi\u00e3o de Ara\u00e7atuba do dia direto no seu celular.<\/strong>\u00a0<a href=\"https:\/\/chat.whatsapp.com\/GsG1XKo0jPOEfjzudWQcml\" target=\"_blank\" rel=\"noreferrer noopener\">\u00a0Clique aqui e se inscreva.<\/a><\/em><\/strong><\/em><\/strong><\/em><\/strong><\/em><\/strong><\/em><\/strong><\/em><\/strong><\/em><\/strong><\/em><\/strong><\/p>\n","protected":false},"excerpt":{"rendered":"<p>O Tribunal Superior Eleitoral (TSE) alterou a data de realiza\u00e7\u00e3o do seu concurso p\u00fablico. Assim, as provas ser\u00e3o aplicadas no dia 8 de dezembro. A altera\u00e7\u00e3o foi informada em\u00a0edital publicado nesta ter\u00e7a-feira (16). A informa\u00e7\u00e3o \u00e9 da Ag\u00eancia Brasil. Segundo o tribunal, a mudan\u00e7a dar\u00e1 mais seguran\u00e7a e prazo para os candidatos se prepararem. \u201cA &hellip;<\/p>\n","protected":false},"author":1,"featured_media":10789,"comment_status":"open","ping_status":"open","sticky":false,"template":"","format":"standard","meta":{"_jetpack_memberships_contains_paid_content":false,"footnotes":"","jetpack_publicize_message":"","jetpack_publicize_feature_enabled":true,"jetpack_social_post_already_shared":false,"jetpack_social_options":{"image_generator_settings":{"template":"highway","default_image_id":0,"enabled":false},"version":2}},"categories":[7],"tags":[],"class_list":["post-10788","post","type-post","status-publish","format-standard","has-post-thumbnail","hentry","category-politica"],"jetpack_publicize_connections":[],"jetpack_featured_media_url":"https:\/\/i0.wp.com\/www.paparazzinews.com.br\/wp-content\/uploads\/2024\/07\/d47db661-6fcf-4b28-8510-31af8381162f.jpeg?fit=1170%2C700&ssl=1","views":"2721","jetpack_likes_enabled":true,"jetpack_sharing_enabled":true,"_links":{"self":[{"href":"https:\/\/www.paparazzinews.com.br\/index.php?rest_route=\/wp\/v2\/posts\/10788","targetHints":{"allow":["GET"]}}],"collection":[{"href":"https:\/\/www.paparazzinews.com.br\/index.php?rest_route=\/wp\/v2\/posts"}],"about":[{"href":"https:\/\/www.paparazzinews.com.br\/index.php?rest_route=\/wp\/v2\/types\/post"}],"author":[{"embeddable":true,"href":"https:\/\/www.paparazzinews.com.br\/index.php?rest_route=\/wp\/v2\/users\/1"}],"replies":[{"embeddable":true,"href":"https:\/\/www.paparazzinews.com.br\/index.php?rest_route=%2Fwp%2Fv2%2Fcomments&post=10788"}],"version-history":[{"count":1,"href":"https:\/\/www.paparazzinews.com.br\/index.php?rest_route=\/wp\/v2\/posts\/10788\/revisions"}],"predecessor-version":[{"id":10790,"href":"https:\/\/www.paparazzinews.com.br\/index.php?rest_route=\/wp\/v2\/posts\/10788\/revisions\/10790"}],"wp:featuredmedia":[{"embeddable":true,"href":"https:\/\/www.paparazzinews.com.br\/index.php?rest_route=\/wp\/v2\/media\/10789"}],"wp:attachment":[{"href":"https:\/\/www.paparazzinews.com.br\/index.php?rest_route=%2Fwp%2Fv2%2Fmedia&parent=10788"}],"wp:term":[{"taxonomy":"category","embeddable":true,"href":"https:\/\/www.paparazzinews.com.br\/index.php?rest_route=%2Fwp%2Fv2%2Fcategories&post=10788"},{"taxonomy":"post_tag","embeddable":true,"href":"https:\/\/www.paparazzinews.com.br\/index.php?rest_route=%2Fwp%2Fv2%2Ftags&post=10788"}],"curies":[{"name":"wp","href":"https:\/\/api.w.org\/{rel}","templated":true}]}}