{"id":1077,"date":"2022-11-04T12:16:57","date_gmt":"2022-11-04T15:16:57","guid":{"rendered":"https:\/\/www.paparazzinews.com.br\/?p=1077"},"modified":"2022-11-04T12:16:58","modified_gmt":"2022-11-04T15:16:58","slug":"camara-dos-vereadores-de-andradina-passa-por-reforma","status":"publish","type":"post","link":"https:\/\/www.paparazzinews.com.br\/?p=1077","title":{"rendered":"C\u00e2mara dos vereadores de Andradina passa por reforma"},"content":{"rendered":"\n<p>A sede da C\u00e2mara Municipal de Andradina vem passando por uma reestrutura\u00e7\u00e3o gigantesca nos \u00faltimos meses, onde o presidente do Poder Legislativo, Luiz Gustavo Mar\u00e3o Calestini, o popular Guto Mar\u00e3o (PP), vem desenvolvendo uma gest\u00e3o moderna e inovadora, colocando toda sua experi\u00eancia de empres\u00e1rio e vereador dentro de seu mandato como presidente.<\/p>\n\n\n\n<p>Guto Mar\u00e3o, juntamente com os outros 14 vereadores, identificaram a real necessidade de uma reestrutura\u00e7\u00e3o no pr\u00e9dio do Legislativo, que apresentava severas infiltra\u00e7\u00f5es e manuten\u00e7\u00f5es recorrentes.<\/p>\n\n\n\n<p>Recebi a presid\u00eancia da C\u00e2mara Municipal das m\u00e3os do vereador Coxinha Prando, que deixou um grande legado de economia no legislativo, atingindo a marca hist\u00f3rica de R$ 1,7 milh\u00e3o em economia, isso nos deu margem e confian\u00e7a para iniciarmos as reformas que nosso pr\u00e9dio necessitava h\u00e1 algum tempo.\u201d Citou Mar\u00e3o.<\/p>\n\n\n\n<p>O presidente ainda cita que esta reestrutura\u00e7\u00e3o do Poder Legislativo vem sendo realizada com o pensamento de trazer maior conforto tanto aos vereadores e servidores, como tamb\u00e9m ao p\u00fablico que \u00e9 recepcionado no dia a dia do trabalho legislativo.<\/p>\n\n\n\n<p>Toda a estrutura administrativa, recep\u00e7\u00e3o, corredores, cozinha, plen\u00e1rio, cadeiras, piso e at\u00e9 o telhado foram reestruturadas, para trazer mais seguran\u00e7a e acolhimento aos usu\u00e1rios. &nbsp;\u201cReformarmos do piso ao telhado literalmente, nossa cobertura vivia tendo vazamentos quando chovia, fizemos a substitui\u00e7\u00e3o da parte do telhado que nos trazia grandes problemas h\u00e1 anos, e hoje pode chover \u00e0 vontade que nossa C\u00e2mara Municipal, colaboradores e mun\u00edcipes est\u00e3o protegidos.\u201d Comentou o presidente Guto.<\/p>\n\n\n\n<p>\u201cPenso que estamos deixando um legado aqui na C\u00e2mara Municipal com essa reestrutura\u00e7\u00e3o, fizemos tudo isso e ainda mantivemos as economias do ex-presidente, com uma administra\u00e7\u00e3o austera e respons\u00e1vel, pude dar o ponta p\u00e9 inicial, de uma nova era, de efici\u00eancia e economicidade, no nosso legislativo andradinense.\u201d Disse Guto Mar\u00e3o.<\/p>\n\n\n\n<p>Al\u00e9m da reestrutura\u00e7\u00e3o do pr\u00e9dio, o presidente Guto Mar\u00e3o reformulou todo o portal online da C\u00e2mara Municipal, trazendo maior acessibilidade e informa\u00e7\u00e3o, mais r\u00e1pida e objetiva, com um layout muito mais atraente e acess\u00edvel, incluindo acesso a portadores de necessidades especiais, portal da transpar\u00eancia, contas p\u00fablicas, leis, requerimentos e indica\u00e7\u00f5es, disponibilizando todo o trabalho executado e dando maior transpar\u00eancia \u00e0s informa\u00e7\u00f5es legislativas, que chegam \u00e0 popula\u00e7\u00e3o em tempo real e, tamb\u00e9m fez capacita\u00e7\u00e3o de todos os servidores da C\u00e2mara Municipal com v\u00e1rios cursos para atualiza\u00e7\u00e3o do sistema de trabalho legislativo.<\/p>\n\n\n\n<p>Mesmo com todo esse trabalho realizado, em apenas 1 (um) ano de presid\u00eancia do vereador Guto Mar\u00e3o, a C\u00e2mara Municipal de Andradina vai atingir a hist\u00f3rica marca de aproximadamente \u00a0R$ 1 milh\u00e3o em economia, fazendo com que Guto Mar\u00e3o seja considerado um dos melhores presidentes do Poder Legislativo andradinense, trazendo um marco de efici\u00eancia, economia e modernidade ao Legislativo.<\/p>\n","protected":false},"excerpt":{"rendered":"<p>A sede da C\u00e2mara Municipal de Andradina vem passando por uma reestrutura\u00e7\u00e3o gigantesca nos \u00faltimos meses, onde o presidente do Poder Legislativo, Luiz Gustavo Mar\u00e3o Calestini, o popular Guto Mar\u00e3o (PP), vem desenvolvendo uma gest\u00e3o moderna e inovadora, colocando toda sua experi\u00eancia de empres\u00e1rio e vereador dentro de seu mandato como presidente. Guto Mar\u00e3o, juntamente &hellip;<\/p>\n","protected":false},"author":1,"featured_media":1078,"comment_status":"open","ping_status":"open","sticky":false,"template":"","format":"standard","meta":{"_jetpack_memberships_contains_paid_content":false,"footnotes":"","jetpack_publicize_message":"","jetpack_publicize_feature_enabled":true,"jetpack_social_post_already_shared":false,"jetpack_social_options":{"image_generator_settings":{"template":"highway","default_image_id":0,"enabled":false},"version":2}},"categories":[7],"tags":[],"class_list":["post-1077","post","type-post","status-publish","format-standard","has-post-thumbnail","hentry","category-politica"],"jetpack_publicize_connections":[],"jetpack_featured_media_url":"https:\/\/i0.wp.com\/www.paparazzinews.com.br\/wp-content\/uploads\/2022\/11\/0111-e1667574990134.jpg?fit=1000%2C564&ssl=1","views":"2537","jetpack_likes_enabled":true,"jetpack_sharing_enabled":true,"_links":{"self":[{"href":"https:\/\/www.paparazzinews.com.br\/index.php?rest_route=\/wp\/v2\/posts\/1077","targetHints":{"allow":["GET"]}}],"collection":[{"href":"https:\/\/www.paparazzinews.com.br\/index.php?rest_route=\/wp\/v2\/posts"}],"about":[{"href":"https:\/\/www.paparazzinews.com.br\/index.php?rest_route=\/wp\/v2\/types\/post"}],"author":[{"embeddable":true,"href":"https:\/\/www.paparazzinews.com.br\/index.php?rest_route=\/wp\/v2\/users\/1"}],"replies":[{"embeddable":true,"href":"https:\/\/www.paparazzinews.com.br\/index.php?rest_route=%2Fwp%2Fv2%2Fcomments&post=1077"}],"version-history":[{"count":1,"href":"https:\/\/www.paparazzinews.com.br\/index.php?rest_route=\/wp\/v2\/posts\/1077\/revisions"}],"predecessor-version":[{"id":1079,"href":"https:\/\/www.paparazzinews.com.br\/index.php?rest_route=\/wp\/v2\/posts\/1077\/revisions\/1079"}],"wp:featuredmedia":[{"embeddable":true,"href":"https:\/\/www.paparazzinews.com.br\/index.php?rest_route=\/wp\/v2\/media\/1078"}],"wp:attachment":[{"href":"https:\/\/www.paparazzinews.com.br\/index.php?rest_route=%2Fwp%2Fv2%2Fmedia&parent=1077"}],"wp:term":[{"taxonomy":"category","embeddable":true,"href":"https:\/\/www.paparazzinews.com.br\/index.php?rest_route=%2Fwp%2Fv2%2Fcategories&post=1077"},{"taxonomy":"post_tag","embeddable":true,"href":"https:\/\/www.paparazzinews.com.br\/index.php?rest_route=%2Fwp%2Fv2%2Ftags&post=1077"}],"curies":[{"name":"wp","href":"https:\/\/api.w.org\/{rel}","templated":true}]}}