{"id":10745,"date":"2024-07-15T13:45:36","date_gmt":"2024-07-15T16:45:36","guid":{"rendered":"https:\/\/www.paparazzinews.com.br\/?p=10745"},"modified":"2024-07-15T13:45:37","modified_gmt":"2024-07-15T16:45:37","slug":"menina-de-9-anos-morre-apos-tiro-acidental-de-arma-ilegal-do-pai","status":"publish","type":"post","link":"https:\/\/www.paparazzinews.com.br\/?p=10745","title":{"rendered":"Menina de 9 anos morre ap\u00f3s tiro acidental de arma ilegal do pai\u00a0"},"content":{"rendered":"\n<p>Uma menina de 9 anos foi morta na madrugada do \u00faltimo domingo 14\/7, ap\u00f3s um tiro ser disparado acidentalmente por uma arma, ilegalmente em posse do pai. O caso aconteceu em Barreiro, bairro de Bragan\u00e7a Paulista, no interior de S\u00e3o Paulo. A informa\u00e7\u00e3o \u00e9 do Sbtinterior.<br><br>Os pais socorreram a menina \u00e0 Santa Casa de Itatiba, a cerca de 38 quil\u00f4metros de Bragan\u00e7a, mas a menina n\u00e3o resistiu aos ferimentos. No local foram apreendidas muni\u00e7\u00f5es de calibre 38 e 12, juntamente com a arma de fogo.<\/p>\n\n\n\n<p>O pai, de 53 anos, foi preso em flagrante por homic\u00eddio culposo (sem inten\u00e7\u00e3o de matar) e posse irregular de arma de fogo de uso permitido.<\/p>\n\n\n\n<p><strong><em><strong><em><strong><em><strong><em><strong><em><strong><em><strong><em><strong><em><strong>Siga nossas redes sociais no\u00a0<a href=\"https:\/\/www.instagram.com\/ronipaparazzi\/\">Instagram\u00a0<\/a>e\u00a0<a href=\"https:\/\/www.facebook.com\/ronipaparazzicomvoce\">Facebook<\/a>\u00a0participe da nossa comunidade do Canal Roni Paparazzi no Whatsapp e receba as principais not\u00edcias da regi\u00e3o de Ara\u00e7atuba do dia direto no seu celular.<\/strong>\u00a0<a href=\"https:\/\/chat.whatsapp.com\/GsG1XKo0jPOEfjzudWQcml\" target=\"_blank\" rel=\"noreferrer noopener\">\u00a0Clique aqui e se inscreva.<\/a><\/em><\/strong><\/em><\/strong><\/em><\/strong><\/em><\/strong><\/em><\/strong><\/em><\/strong><\/em><\/strong><\/em><\/strong><\/p>\n","protected":false},"excerpt":{"rendered":"<p>Uma menina de 9 anos foi morta na madrugada do \u00faltimo domingo 14\/7, ap\u00f3s um tiro ser disparado acidentalmente por uma arma, ilegalmente em posse do pai. O caso aconteceu em Barreiro, bairro de Bragan\u00e7a Paulista, no interior de S\u00e3o Paulo. A informa\u00e7\u00e3o \u00e9 do Sbtinterior.Os pais socorreram a menina \u00e0 Santa Casa de Itatiba, &hellip;<\/p>\n","protected":false},"author":1,"featured_media":10749,"comment_status":"open","ping_status":"open","sticky":false,"template":"","format":"standard","meta":{"_jetpack_memberships_contains_paid_content":false,"footnotes":"","jetpack_publicize_message":"","jetpack_publicize_feature_enabled":true,"jetpack_social_post_already_shared":false,"jetpack_social_options":{"image_generator_settings":{"template":"highway","default_image_id":0,"enabled":false},"version":2}},"categories":[1],"tags":[],"class_list":["post-10745","post","type-post","status-publish","format-standard","has-post-thumbnail","hentry","category-sem-categoria"],"jetpack_publicize_connections":[],"jetpack_featured_media_url":"https:\/\/i0.wp.com\/www.paparazzinews.com.br\/wp-content\/uploads\/2024\/07\/menina-de-9-anos-morre-apos-tiro-acidental-de-arma-ilegal-do-pai-no-interior-de-sp-150724_085549.jpg?fit=477%2C400&ssl=1","views":"2243","jetpack_likes_enabled":true,"jetpack_sharing_enabled":true,"_links":{"self":[{"href":"https:\/\/www.paparazzinews.com.br\/index.php?rest_route=\/wp\/v2\/posts\/10745","targetHints":{"allow":["GET"]}}],"collection":[{"href":"https:\/\/www.paparazzinews.com.br\/index.php?rest_route=\/wp\/v2\/posts"}],"about":[{"href":"https:\/\/www.paparazzinews.com.br\/index.php?rest_route=\/wp\/v2\/types\/post"}],"author":[{"embeddable":true,"href":"https:\/\/www.paparazzinews.com.br\/index.php?rest_route=\/wp\/v2\/users\/1"}],"replies":[{"embeddable":true,"href":"https:\/\/www.paparazzinews.com.br\/index.php?rest_route=%2Fwp%2Fv2%2Fcomments&post=10745"}],"version-history":[{"count":1,"href":"https:\/\/www.paparazzinews.com.br\/index.php?rest_route=\/wp\/v2\/posts\/10745\/revisions"}],"predecessor-version":[{"id":10750,"href":"https:\/\/www.paparazzinews.com.br\/index.php?rest_route=\/wp\/v2\/posts\/10745\/revisions\/10750"}],"wp:featuredmedia":[{"embeddable":true,"href":"https:\/\/www.paparazzinews.com.br\/index.php?rest_route=\/wp\/v2\/media\/10749"}],"wp:attachment":[{"href":"https:\/\/www.paparazzinews.com.br\/index.php?rest_route=%2Fwp%2Fv2%2Fmedia&parent=10745"}],"wp:term":[{"taxonomy":"category","embeddable":true,"href":"https:\/\/www.paparazzinews.com.br\/index.php?rest_route=%2Fwp%2Fv2%2Fcategories&post=10745"},{"taxonomy":"post_tag","embeddable":true,"href":"https:\/\/www.paparazzinews.com.br\/index.php?rest_route=%2Fwp%2Fv2%2Ftags&post=10745"}],"curies":[{"name":"wp","href":"https:\/\/api.w.org\/{rel}","templated":true}]}}