{"id":10723,"date":"2024-07-11T14:34:56","date_gmt":"2024-07-11T17:34:56","guid":{"rendered":"https:\/\/www.paparazzinews.com.br\/?p=10723"},"modified":"2024-07-11T14:34:59","modified_gmt":"2024-07-11T17:34:59","slug":"qualidade-de-vida-aguas-andradina-destaca-a-importancia-da-agua-para-a-saude-das-pessoas","status":"publish","type":"post","link":"https:\/\/www.paparazzinews.com.br\/?p=10723","title":{"rendered":"QUALIDADE DE VIDA: \u00c1guas Andradina destaca a import\u00e2ncia da \u00e1gua para a sa\u00fade das pessoas"},"content":{"rendered":"\n<p>Esta semana, o anivers\u00e1rio de 87 anos de Andradina est\u00e1 sendo celebrado por meio de uma programa\u00e7\u00e3o cultural intensa. Aproveitando esta data comemorativa, a \u00c1guas Andradina, empresa do grupo Igu\u00e1 Saneamento e Sabesp, coloca em pauta uma reflex\u00e3o sobre o quanto a \u00e1gua \u00e9 essencial para o bem-estar da popula\u00e7\u00e3o.<\/p>\n\n\n\n<p>Mesmo sendo t\u00e3o relevante, \u00e9 importante lembrar que cerca de 33 milh\u00f5es de brasileiros vivem sem acesso \u00e0 \u00e1gua pot\u00e1vel, segundo dados divulgados pelo Instituto Trata Brasil. No entanto, em Andradina, esse cen\u00e1rio \u00e9 bem diferente, j\u00e1 que 100% da \u00e1gua distribu\u00edda pela \u00c1guas Andradina \u00e9 tratada de acordo com as normas do Minist\u00e9rio da Sa\u00fade.<\/p>\n\n\n\n<p>Deste modo, os moradores da cidade, assim como o pequeno Bernardo, de 3 anos, que adora brincar de \u00e1gua na hora do banho, podem beber \u00e1gua direto da torneira. \u201cTrabalhamos pela qualidade da \u00e1gua e da vida das pessoas \u00e9 crucial para garantir um futuro saud\u00e1vel e pr\u00f3spero para todas as gera\u00e7\u00f5es e \u00e9 o compromisso comum do nosso time\u201d, destaca o gerente operacional da \u00c1guas Andradina, Alexandre Pardim, nascido em Andradina e pai do Bernardo.<\/p>\n\n\n\n<p>Para garantir a qualidade da \u00e1gua, a \u00c1guas Andradina realiza an\u00e1lises todos os dias, medindo aspectos como presen\u00e7a de cloro, fl\u00faor, pH, turbidez e cor e an\u00e1lises coliformes. Os resultados atendem \u00e0s exig\u00eancias do Minist\u00e9rio da Sa\u00fade e podem ser conferidos pela popula\u00e7\u00e3o nas faturas mensais ou o Relat\u00f3rio Anual de Qualidade da \u00c1gua no link https:\/\/igua.com.br\/andradina.<\/p>\n\n\n\n<p>\u00c1gua \u00e9 sa\u00fade<\/p>\n\n\n\n<p>De acordo com a nutricionista Daiana Brand\u00e3o Lopes, de Andradina, o corpo humano \u00e9 composto por 70% de \u00e1gua, por isso \u00e9 necess\u00e1rio dar real aten\u00e7\u00e3o \u00e0 hidrata\u00e7\u00e3o. O indicado \u00e9 beber no m\u00ednimo 40 ml de \u00e1gua por peso, principalmente em uma cidade quente como Andradina. Para calcular, \u00e9 s\u00f3 multiplicar o peso atual por 0,040. Exemplo: uma pessoa com 80 quilos deve ingerir 3,2 litros de \u00e1gua todos os dias.<\/p>\n\n\n\n<p>Dica de ouro da nutricionista!<\/p>\n\n\n\n<p>\u201cBeber \u00e1gua de forma fracionada deve fazer parte da rotina, por isso \u00e9 importante beber um copo de \u00e1gua de hora em hora, n\u00e3o esperar ter sede\u201d, alerta Daiana.<\/p>\n\n\n\n<p>Voc\u00ea sabia?<\/p>\n\n\n\n<p>\u2714 A Organiza\u00e7\u00e3o Mundial de Sa\u00fade destaca que a cada real investido em saneamento economiza-se nove reais em sa\u00fade. Para os especialistas da OMS, saneamento b\u00e1sico \u00e9 qualidade de vida, promo\u00e7\u00e3o da sa\u00fade \u00e9 um fator essencial para o desenvolvimento econ\u00f4mico e social de uma cidade.<\/p>\n\n\n\n<p>\u2714 As doen\u00e7as relacionadas \u00e0 aus\u00eancia de tratamento de esgoto afetam muitas cidades do pa\u00eds e atingem pessoas de todas as idades, por\u00e9m a pesquisa \u201cSaneamento e Sa\u00fade\u201d, do Instituto Trata Brasil, realizada em 2008, mostra que as principais v\u00edtimas da falta de esgoto s\u00e3o as crian\u00e7as de 1 a 6 anos. \u201cAndradina anda na contram\u00e3o dessa estat\u00edstica e temos muito orgulho de fazer parte desta hist\u00f3ria\u201d, comenta Pardim.<\/p>\n\n\n\n<p>Confira 7 benef\u00edcios da hidrata\u00e7\u00e3o para a sa\u00fade<\/p>\n\n\n\n<pre class=\"wp-block-code\"><code>Controla a temperatura do corpo\nMelhora a qualidade da pele, dos cabelos e das unhas\nTransporta os nutrientes pelo corpo\nPrevine alguns problemas de sa\u00fade, como c\u00e1lculos renais\nElimina toxinas e auxilia os rins no processo de filtragem\nAtua nos intestinos, evitando a pris\u00e3o de ventre\nEvita o ressecamento da pele.<\/code><\/pre>\n\n\n\n<p>Sobre a \u00c1guas Andradina<\/p>\n\n\n\n<p>Por meio de concess\u00e3o plena com validade de 30 anos, a \u00c1guas Andradina assumiu os servi\u00e7os de abastecimento de \u00e1gua e esgotamento sanit\u00e1rio no munic\u00edpio em 2010.<\/p>\n\n\n\n<p>A empresa atende mais de 57 mil pessoas e tem como objetivo universalizar o acesso da popula\u00e7\u00e3o \u00e0 \u00e1gua de qualidade e \u00e0 coleta e tratamento de esgoto. Em 2021, foi reconhecida pela excel\u00eancia de sua gest\u00e3o com o Trof\u00e9u Qu\u00edron Selo Bronze do Pr\u00eamio Nacional de Qualidade no Saneamento (PNQS).<\/p>\n\n\n\n<p>Com participa\u00e7\u00e3o acion\u00e1ria da Sabesp, desde 2017 a \u00c1guas Andradina faz parte da Igu\u00e1 Saneamento, companhia que est\u00e1 presente em 39 munic\u00edpios de seis estados brasileiros e que alcan\u00e7a 7,1 milh\u00f5es de pessoas, com o compromisso de ser a melhor empresa de saneamento para o Brasil.<\/p>\n\n\n\n<p><strong><em><strong><em><strong><em><strong><em><strong><em><strong><em><strong><em><strong><em><strong>Siga nossas redes sociais no\u00a0<a href=\"https:\/\/www.instagram.com\/ronipaparazzi\/\">Instagram\u00a0<\/a>e\u00a0<a href=\"https:\/\/www.facebook.com\/ronipaparazzicomvoce\">Facebook<\/a>\u00a0participe da nossa comunidade do Canal Roni Paparazzi no Whatsapp e receba as principais not\u00edcias da regi\u00e3o de Ara\u00e7atuba do dia direto no seu celular.<\/strong>\u00a0<a href=\"https:\/\/chat.whatsapp.com\/GsG1XKo0jPOEfjzudWQcml\" target=\"_blank\" rel=\"noreferrer noopener\">\u00a0Clique aqui e se inscreva.<\/a><\/em><\/strong><\/em><\/strong><\/em><\/strong><\/em><\/strong><\/em><\/strong><\/em><\/strong><\/em><\/strong><\/em><\/strong><\/p>\n","protected":false},"excerpt":{"rendered":"<p>Esta semana, o anivers\u00e1rio de 87 anos de Andradina est\u00e1 sendo celebrado por meio de uma programa\u00e7\u00e3o cultural intensa. Aproveitando esta data comemorativa, a \u00c1guas Andradina, empresa do grupo Igu\u00e1 Saneamento e Sabesp, coloca em pauta uma reflex\u00e3o sobre o quanto a \u00e1gua \u00e9 essencial para o bem-estar da popula\u00e7\u00e3o. Mesmo sendo t\u00e3o relevante, \u00e9 &hellip;<\/p>\n","protected":false},"author":1,"featured_media":10724,"comment_status":"open","ping_status":"open","sticky":false,"template":"","format":"standard","meta":{"_jetpack_memberships_contains_paid_content":false,"footnotes":"","jetpack_publicize_message":"","jetpack_publicize_feature_enabled":true,"jetpack_social_post_already_shared":false,"jetpack_social_options":{"image_generator_settings":{"template":"highway","default_image_id":0,"enabled":false},"version":2}},"categories":[4],"tags":[],"class_list":["post-10723","post","type-post","status-publish","format-standard","has-post-thumbnail","hentry","category-regiao"],"jetpack_publicize_connections":[],"jetpack_featured_media_url":"https:\/\/i0.wp.com\/www.paparazzinews.com.br\/wp-content\/uploads\/2024\/07\/cec92141-c6d4-4b75-8515-91f37738e601.jpeg?fit=1600%2C898&ssl=1","views":"2555","jetpack_likes_enabled":true,"jetpack_sharing_enabled":true,"_links":{"self":[{"href":"https:\/\/www.paparazzinews.com.br\/index.php?rest_route=\/wp\/v2\/posts\/10723","targetHints":{"allow":["GET"]}}],"collection":[{"href":"https:\/\/www.paparazzinews.com.br\/index.php?rest_route=\/wp\/v2\/posts"}],"about":[{"href":"https:\/\/www.paparazzinews.com.br\/index.php?rest_route=\/wp\/v2\/types\/post"}],"author":[{"embeddable":true,"href":"https:\/\/www.paparazzinews.com.br\/index.php?rest_route=\/wp\/v2\/users\/1"}],"replies":[{"embeddable":true,"href":"https:\/\/www.paparazzinews.com.br\/index.php?rest_route=%2Fwp%2Fv2%2Fcomments&post=10723"}],"version-history":[{"count":1,"href":"https:\/\/www.paparazzinews.com.br\/index.php?rest_route=\/wp\/v2\/posts\/10723\/revisions"}],"predecessor-version":[{"id":10725,"href":"https:\/\/www.paparazzinews.com.br\/index.php?rest_route=\/wp\/v2\/posts\/10723\/revisions\/10725"}],"wp:featuredmedia":[{"embeddable":true,"href":"https:\/\/www.paparazzinews.com.br\/index.php?rest_route=\/wp\/v2\/media\/10724"}],"wp:attachment":[{"href":"https:\/\/www.paparazzinews.com.br\/index.php?rest_route=%2Fwp%2Fv2%2Fmedia&parent=10723"}],"wp:term":[{"taxonomy":"category","embeddable":true,"href":"https:\/\/www.paparazzinews.com.br\/index.php?rest_route=%2Fwp%2Fv2%2Fcategories&post=10723"},{"taxonomy":"post_tag","embeddable":true,"href":"https:\/\/www.paparazzinews.com.br\/index.php?rest_route=%2Fwp%2Fv2%2Ftags&post=10723"}],"curies":[{"name":"wp","href":"https:\/\/api.w.org\/{rel}","templated":true}]}}