{"id":10711,"date":"2024-07-11T13:36:44","date_gmt":"2024-07-11T16:36:44","guid":{"rendered":"https:\/\/www.paparazzinews.com.br\/?p=10711"},"modified":"2024-07-11T13:36:45","modified_gmt":"2024-07-11T16:36:45","slug":"hospital-atribuiu-culpa-de-erro-medico-a-idoso-com-hemorroida-que-foi-operado-da-vesicula-7-envolvidos-foram-so-advertidos","status":"publish","type":"post","link":"https:\/\/www.paparazzinews.com.br\/?p=10711","title":{"rendered":"Hospital atribuiu culpa de erro m\u00e9dico a idoso com hemorroida que foi operado da ves\u00edcula, 7 envolvidos foram s\u00f3 advertidos"},"content":{"rendered":"\n<p>A Santa Casa atribuiu a culpa do erro m\u00e9dico ao idoso, de 72 anos, diagnosticado com hemorroida, que foi\u00a0<a class=\"\" href=\"https:\/\/g1.globo.com\/sp\/sao-jose-do-rio-preto-aracatuba\/noticia\/2024\/06\/13\/erro-medico-idoso-diagnosticado-com-hemorroida-e-operado-da-vesicula-em-cidade-do-interior-de-sao-paulo.ghtml\">operado erroneamente da ves\u00edcula e s\u00f3 descobriu ao acordar da anestesia<\/a>\u00a0em\u00a0<a class=\"\" href=\"https:\/\/g1.globo.com\/sp\/sao-jose-do-rio-preto-aracatuba\/cidade\/birigui\/\">Birigui (SP)<\/a>, segundo o advogado de defesa do paciente. O procedimento cir\u00fargico ocorreu no dia 11 de junho.<\/p>\n\n\n\n<p>Questionada pela&nbsp;<strong>TV TEM<\/strong>, a Santa Casa&nbsp;informou que n\u00e3o vai comentar sobre o caso. Ap\u00f3s a conclus\u00e3o da sindic\u00e2ncia aberta pelo hospital para investigar o ocorrido no centro cir\u00fargico,&nbsp;<a class=\"\" href=\"https:\/\/g1.globo.com\/sp\/sao-jose-do-rio-preto-aracatuba\/noticia\/2024\/07\/10\/funcionarios-sao-advertidos-por-hospital-apos-idoso-com-hemorroida-ser-operado-da-vesicula.ghtml\">sete funcion\u00e1rios, entre enfermeiros e t\u00e9cnicos de enfermagem, foram advertidos pela institui\u00e7\u00e3o<\/a>&nbsp;.<\/p>\n\n\n\n<figure class=\"wp-block-image\"><img data-recalc-dims=\"1\" decoding=\"async\" src=\"https:\/\/i0.wp.com\/s2-g1.glbimg.com\/TotJ-CFVOEjcU6qoscoc3pw7yJQ%3D\/0x0%3A1920x1080\/984x0\/smart\/filters%3Astrip_icc%28%29\/i.s3.glbimg.com\/v1\/AUTH_59edd422c0c84a879bd37670ae4f538a\/internal_photos\/bs\/2024\/U\/f\/Pl7EM8TxyqdAnYc6Worw\/design-sem-nome-2024-06-14t152428.230.jpg?w=708&#038;ssl=1\" alt=\"Diagnosticado com hemorroida, idoso descobre que foi operado da ves\u00edcula na Santa Casa de Birigui (SP) \u2014 Foto: Arquivo pessoal\"\/><\/figure>\n\n\n\n<p>Diagnosticado com hemorroida, idoso descobre que foi operado da ves\u00edcula na Santa Casa de Birigui (SP) \u2014 Foto: Arquivo pessoal<\/p>\n\n\n\n<p>Os funcion\u00e1rios&nbsp;continuam trabalhando no hospital. Um deles, contudo,&nbsp;foi afastado por 30 dias.&nbsp;Durante o per\u00edodo de afastamento, ele&nbsp;n\u00e3o receber\u00e1 o sal\u00e1rio.<\/p>\n\n\n\n<p>Em rela\u00e7\u00e3o aos m\u00e9dicos, sendo a cirurgi\u00e3 e o anestesista, a unidade de sa\u00fade informou que, por n\u00e3o fazerem parte da equipe de funcion\u00e1rios contratados pela institui\u00e7\u00e3o, a sindic\u00e2ncia ser\u00e1 encaminhada ao Conselho Regional de Medicina do Estado de S\u00e3o Paulo, que dever\u00e1 decidir sobre a puni\u00e7\u00e3o.<\/p>\n\n\n\n<figure class=\"wp-block-image\"><img data-recalc-dims=\"1\" decoding=\"async\" src=\"https:\/\/i0.wp.com\/s2-g1.glbimg.com\/kZ4SXRnZNKtbvaC7o10c-Ebi_ls%3D\/0x0%3A1024x768\/984x0\/smart\/filters%3Astrip_icc%28%29\/i.s3.glbimg.com\/v1\/AUTH_59edd422c0c84a879bd37670ae4f538a\/internal_photos\/bs\/2024\/P\/5\/eLJegQS1yd2D3jAJz7PQ\/whatsapp-image-2024-02-15-at-13.29.19.jpeg?w=708&#038;ssl=1\" alt=\"Santa Casa de Birigui (SP) \u2014 Foto: Santa Casa\/Divulga\u00e7\u00e3o\"\/><\/figure>\n\n\n\n<p>Santa Casa de Birigui (SP) \u2014 Foto: Santa Casa\/Divulga\u00e7\u00e3o<\/p>\n\n\n\n<p>Ao&nbsp;<a class=\"\" href=\"https:\/\/g1.globo.com\/sp\/sao-jose-do-rio-preto-aracatuba\/\"><strong>g1<\/strong><\/a>, Fernando Guido e Tain\u00e1 Don\u00e1, que representam Jos\u00e9 Aparecido Faria, disseram que a sindic\u00e2ncia alegou que&nbsp;o paciente n\u00e3o alertou os funcion\u00e1rios e m\u00e9dicos sobre a cirurgia que faria e, por isso, cooperou com o erro.<\/p>\n\n\n\n<p>Conforme os advogados, na sindic\u00e2ncia foi discutido que os enfermeiros questionaram se Jos\u00e9 faria a cirurgia de colecistectomia &#8211; para retirada da ves\u00edcula &#8211; e o paciente respondeu que sim. Contudo, o idoso&nbsp;negou que tenha sido perguntado sobre o tipo de procedimento.<\/p>\n\n\n\n<figure class=\"wp-block-image\"><img data-recalc-dims=\"1\" decoding=\"async\" src=\"https:\/\/i0.wp.com\/s2-g1.glbimg.com\/fejeE_ma96Sa8KYE38sXVoxwTXo%3D\/0x0%3A1920x1080\/984x0\/smart\/filters%3Astrip_icc%28%29\/i.s3.glbimg.com\/v1\/AUTH_59edd422c0c84a879bd37670ae4f538a\/internal_photos\/bs\/2024\/n\/q\/ytjbtASEGtqlTDjfYyBw\/design-sem-nome-2024-06-17t190136.169.jpg?w=708&#038;ssl=1\" alt=\"Jos\u00e9 Aparecido Faria, de 72 anos, mostra cicatriz provocada por cirurgia errada em Birigui (SP) \u2014 Foto: Arquivo pessoal\"\/><\/figure>\n\n\n\n<p>Jos\u00e9 Aparecido Faria, de 72 anos, mostra cicatriz provocada por cirurgia errada em Birigui (SP) \u2014 Foto: Arquivo pessoal<\/p>\n\n\n\n<p>&#8220;As pessoas que participaram da sindic\u00e2ncia alegaram, para se defender, que perguntavam para o Jos\u00e9 se ele faria a colecistectomia, que \u00e9 um termo complicado, e ele falava que sim. S\u00f3 que \u00e9 um absurdo, uma vez que o paciente n\u00e3o tem obriga\u00e7\u00e3o de saber o termo t\u00e9cnico. Ent\u00e3o, para eles, o Jos\u00e9 teve culpa na situa\u00e7\u00e3o&#8221;, afirmaram os advogados.<\/p>\n\n\n\n<p>Diante do caso, a fam\u00edlia, indignada,&nbsp;iniciou um processo na Justi\u00e7a contra a Santa Casa. Junto \u00e0 a\u00e7\u00e3o, os advogados confirmaram que&nbsp;inclu\u00edram o documento da sindic\u00e2ncia com o posicionamento do hospital sobre o epis\u00f3dio, que n\u00e3o divulgou uma explica\u00e7\u00e3o para o erro m\u00e9dico.<\/p>\n\n\n\n<blockquote class=\"wp-block-quote is-layout-flow wp-block-quote-is-layout-flow\">\n<p>&#8220;\u00c9 um absurdo o que eles est\u00e3o tentando fazer, porque \u00e9 dever e obriga\u00e7\u00e3o deles analisarem documenta\u00e7\u00e3o e exames para saber o que realmente a pessoa vai fazer. Se for dessa forma, se eles tivessem perguntado para o Jos\u00e9 e ele dissesse que era cirurgia no p\u00e9, eles teriam operado o p\u00e9 dele. Ent\u00e3o \u00e9 uma atribui\u00e7\u00e3o de culpa que n\u00e3o tem cabimento algum&#8221;, lamentam os advogados.<\/p>\n<cite>O procedimento de retirada da ves\u00edcula durou quase cinco horas. Quando Jos\u00e9 acordou da anestesia,\u00a0percebeu que estava com um corte de aproximadamente 15 cent\u00edmetros na barriga, que totalizava nove pontos.<br><br>Naquele momento, foi informado pelo enfermeiro de que\u00a0teve ves\u00edcula retirada e n\u00e3o operou da hemorroida, como era previsto.<br><br>O que deveria ser um procedimento que o curaria tornou-se um pesadelo com consequ\u00eancias f\u00edsicas e emocionais para Jos\u00e9 Aparecido. Ap\u00f3s a realiza\u00e7\u00e3o do procedimento, o idoso\u00a0teve que se adaptar a uma nova rotina, com cuidados principalmente com a alimenta\u00e7\u00e3o.<\/cite><\/blockquote>\n\n\n\n<p>Segundo ele, a aus\u00eancia da ves\u00edcula, que estava saud\u00e1vel,\u00a0afetou diretamente a capacidade de digerir alimentos gordurosos, obrigando-o a fazer uma dieta rigorosamente controlada.<\/p>\n\n\n\n<blockquote class=\"wp-block-quote is-layout-flow wp-block-quote-is-layout-flow\">\n<p>&#8220;Infelizmente, de hoje em diante, vou ter que fazer diversas adapta\u00e7\u00f5es no meu dia a dia, a come\u00e7ar com a dieta, que ter\u00e1 que ter restri\u00e7\u00f5es devido \u00e0 retirada da minha ves\u00edcula, que, registra-se, estava velhinha, mas estava boa&#8221;, refor\u00e7ou o idoso.<\/p>\n<\/blockquote>\n\n\n\n<p>Al\u00e9m dos desafios f\u00edsicos, o erro m\u00e9dico&nbsp;<a class=\"\" href=\"https:\/\/g1.globo.com\/sp\/sao-jose-do-rio-preto-aracatuba\/noticia\/2024\/06\/18\/foi-um-dos-piores-momentos-da-minha-vida-diz-idoso-que-teve-vesicula-retirada-em-cirurgia-de-hemorroida.ghtml\">deixou marcas emocionais<\/a>. Isso porque, apesar de o hospital oferecer outra equipe para fazer o procedimento adequado para a remo\u00e7\u00e3o da hemorroida, Jos\u00e9 confirmou que&nbsp;<a class=\"\" href=\"https:\/\/g1.globo.com\/sp\/sao-jose-do-rio-preto-aracatuba\/noticia\/2024\/06\/14\/idoso-com-hemorroida-que-foi-operado-da-vesicula-nao-quer-fazer-outra-cirurgia-tiraram-orgao-que-funcionava-perfeitamente-diz-filho.ghtml\">n\u00e3o deseja mais fazer a cirurgia por estar abalado<\/a>.<\/p>\n\n\n\n<p>Na fila de espera pela opera\u00e7\u00e3o h\u00e1 tr\u00eas anos, o idoso&nbsp;conviveu com as dores di\u00e1rias, at\u00e9 receber a confirma\u00e7\u00e3o de que faria o procedimento no dia 7 de junho deste ano. Mesmo com medo, foi internado no hospital e&nbsp;s\u00f3 descobriu que foi operado da ves\u00edcula ao ver o curativo na regi\u00e3o da barriga.<\/p>\n\n\n\n<blockquote class=\"wp-block-quote is-layout-flow wp-block-quote-is-layout-flow\">\n<p>&#8220;Fui fazer uma cirurgia, sa\u00ed com outra, e o problema aqui continua. Confesso que, se j\u00e1 estava com medo antes, imagine agora&#8221;, declara Jos\u00e9.<\/p>\n\n\n\n<p><strong><em><strong><em><strong><em><strong><em><strong><em><strong><em><strong><em><strong><em><strong>Siga nossas redes sociais no\u00a0<a href=\"https:\/\/www.instagram.com\/ronipaparazzi\/\">Instagram\u00a0<\/a>e\u00a0<a href=\"https:\/\/www.facebook.com\/ronipaparazzicomvoce\">Facebook<\/a>\u00a0participe da nossa comunidade do Canal Roni Paparazzi no Whatsapp e receba as principais not\u00edcias da regi\u00e3o de Ara\u00e7atuba do dia direto no seu celular.<\/strong>\u00a0<a href=\"https:\/\/chat.whatsapp.com\/GsG1XKo0jPOEfjzudWQcml\" target=\"_blank\" rel=\"noreferrer noopener\">\u00a0Clique aqui e se inscreva.<\/a><\/em><\/strong><\/em><\/strong><\/em><\/strong><\/em><\/strong><\/em><\/strong><\/em><\/strong><\/em><\/strong><\/em><\/strong><\/p>\n<\/blockquote>\n","protected":false},"excerpt":{"rendered":"<p>A Santa Casa atribuiu a culpa do erro m\u00e9dico ao idoso, de 72 anos, diagnosticado com hemorroida, que foi\u00a0operado erroneamente da ves\u00edcula e s\u00f3 descobriu ao acordar da anestesia\u00a0em\u00a0Birigui (SP), segundo o advogado de defesa do paciente. O procedimento cir\u00fargico ocorreu no dia 11 de junho. Questionada pela&nbsp;TV TEM, a Santa Casa&nbsp;informou que n\u00e3o vai &hellip;<\/p>\n","protected":false},"author":1,"featured_media":10712,"comment_status":"open","ping_status":"open","sticky":false,"template":"","format":"standard","meta":{"_jetpack_memberships_contains_paid_content":false,"footnotes":"","jetpack_publicize_message":"","jetpack_publicize_feature_enabled":true,"jetpack_social_post_already_shared":false,"jetpack_social_options":{"image_generator_settings":{"template":"highway","default_image_id":0,"enabled":false},"version":2}},"categories":[3],"tags":[],"class_list":["post-10711","post","type-post","status-publish","format-standard","has-post-thumbnail","hentry","category-policial"],"jetpack_publicize_connections":[],"jetpack_featured_media_url":"https:\/\/i0.wp.com\/www.paparazzinews.com.br\/wp-content\/uploads\/2024\/07\/f165ce87-3a08-4aee-9b68-90db0924da40.jpeg?fit=984%2C554&ssl=1","views":"2831","jetpack_likes_enabled":true,"jetpack_sharing_enabled":true,"_links":{"self":[{"href":"https:\/\/www.paparazzinews.com.br\/index.php?rest_route=\/wp\/v2\/posts\/10711","targetHints":{"allow":["GET"]}}],"collection":[{"href":"https:\/\/www.paparazzinews.com.br\/index.php?rest_route=\/wp\/v2\/posts"}],"about":[{"href":"https:\/\/www.paparazzinews.com.br\/index.php?rest_route=\/wp\/v2\/types\/post"}],"author":[{"embeddable":true,"href":"https:\/\/www.paparazzinews.com.br\/index.php?rest_route=\/wp\/v2\/users\/1"}],"replies":[{"embeddable":true,"href":"https:\/\/www.paparazzinews.com.br\/index.php?rest_route=%2Fwp%2Fv2%2Fcomments&post=10711"}],"version-history":[{"count":1,"href":"https:\/\/www.paparazzinews.com.br\/index.php?rest_route=\/wp\/v2\/posts\/10711\/revisions"}],"predecessor-version":[{"id":10713,"href":"https:\/\/www.paparazzinews.com.br\/index.php?rest_route=\/wp\/v2\/posts\/10711\/revisions\/10713"}],"wp:featuredmedia":[{"embeddable":true,"href":"https:\/\/www.paparazzinews.com.br\/index.php?rest_route=\/wp\/v2\/media\/10712"}],"wp:attachment":[{"href":"https:\/\/www.paparazzinews.com.br\/index.php?rest_route=%2Fwp%2Fv2%2Fmedia&parent=10711"}],"wp:term":[{"taxonomy":"category","embeddable":true,"href":"https:\/\/www.paparazzinews.com.br\/index.php?rest_route=%2Fwp%2Fv2%2Fcategories&post=10711"},{"taxonomy":"post_tag","embeddable":true,"href":"https:\/\/www.paparazzinews.com.br\/index.php?rest_route=%2Fwp%2Fv2%2Ftags&post=10711"}],"curies":[{"name":"wp","href":"https:\/\/api.w.org\/{rel}","templated":true}]}}