{"id":10702,"date":"2024-07-11T13:16:09","date_gmt":"2024-07-11T16:16:09","guid":{"rendered":"https:\/\/www.paparazzinews.com.br\/?p=10702"},"modified":"2024-07-11T13:16:10","modified_gmt":"2024-07-11T16:16:10","slug":"policia-civil-investiga-encontro-de-ossada-humana-em-aracatuba-vitima-estava-desaparecida-ha-1-ano","status":"publish","type":"post","link":"https:\/\/www.paparazzinews.com.br\/?p=10702","title":{"rendered":"Pol\u00edcia Civil investiga encontro de ossada humana em Ara\u00e7atuba, v\u00edtima estava desaparecida h\u00e1 1 ano"},"content":{"rendered":"\n<p>Familiares de Sara dos Santos Canalle, 23 anos, reconheceram como sendo dela as roupas e demais pertences encontrados junto com uma ossada humana na manh\u00e3 de ter\u00e7a-feira (9), em uma ch\u00e1cara em Ara\u00e7atuba (SP). A informa\u00e7\u00e3o \u00e9 do Hojemais Ara\u00e7atuba.<\/p>\n\n\n\n<p>A jovem estava desaparecida desde 24 de junho de 2023, quando saiu de casa informando que iria ao Arrai\u00e1 da Solidariedade, festa junina da Prefeitura na pra\u00e7a Rui Barbosa, e n\u00e3o foi mais vista.<\/p>\n\n\n\n<p>Ap\u00f3s a comunica\u00e7\u00e3o do desaparecimento, a Pol\u00edcia Civil j\u00e1 havia realizado dilig\u00eancias, devido a informa\u00e7\u00f5es de que ela teria sido morta e enterrada, por\u00e9m, at\u00e9 ent\u00e3o o paradeiro era desconhecido.<\/p>\n\n\n\n<p><a href=\"https:\/\/www.hojemais.com.br\/imagem\/noticia\/1000\/1000\/1720642169_23539.jpeg\"><\/a>Ossada foi encontrada na beira da cerca de uma ch\u00e1cara na Travessa Santo Amaro (Foto: L\u00e1zaro Jr.)<\/p>\n\n\n\n<p><strong>Ossada<\/strong><\/p>\n\n\n\n<p>Na manh\u00e3 de ter\u00e7a-feira, um homem que percorria a cerca dessa propriedade, que fica na Travessa Santo Amaro, que tem acesso pela estrada Caran Rezek, que leva ao bairro Engenheiro Taveira, acabou pisando na ossada, que estava parcialmente enterrada.<\/p>\n\n\n\n<p>A Pol\u00edcia Militar foi acionada, confirmou que se tratava de uma ossada humana, preservou o local e comunicou a Pol\u00edcia Civil, que acionou o Instituto de Criminal\u00edstica. Durante per\u00edcia foram recolhidos os pertences encontrados junto com a ossada, entre eles, uma blusa de &#8220;oncinha&#8221;, um suti\u00e3 preto e um par de &#8220;botinhas&#8221; femininas.<\/p>\n\n\n\n<p><strong>Investiga\u00e7\u00e3o<\/strong><\/p>\n\n\n\n<p>O inqu\u00e9rito para investigar o caso tramita na DH\/Deic (Delegacia de Homic\u00eddios da Divis\u00e3o Especializada de Investiga\u00e7\u00f5es Criminais). Segundo o que foi informado, apesar do reconhecimento dos pertences por parte de familiares, a confirma\u00e7\u00e3o da identifica\u00e7\u00e3o ser\u00e1 feita a partir do exame de DNA.<\/p>\n\n\n\n<p>Ainda de acordo com a pol\u00edcia, com a localiza\u00e7\u00e3o da ossada, outras dilig\u00eancias ser\u00e3o realizadas em buscas de ind\u00edcios dos poss\u00edveis respons\u00e1veis pelo homic\u00eddio e pela oculta\u00e7\u00e3o de cad\u00e1ver.<\/p>\n\n\n\n<p><strong>Sofrimento<\/strong><\/p>\n\n\n\n<p>Nas redes sociais, uma prima de Sara fez uma publica\u00e7\u00e3o nesta quarta-feira, informando sobre o reconhecimento dos pertences encontrados com a ossada.&nbsp;<\/p>\n\n\n\n<p><em><strong>&#8220;Infelizmente hoje tive a Ci\u00eancia que os pertences que foi encontrado com a ossada ontem \u00e9 da minha prima Sara Canalle agora tenho qu\u00ea esperar o teste o DNA pra confimar certo. S\u00f3 que os pertence \u00e9 dela, \u00e9 muito triste tudo isso agora acabou o Nosso sofrimento dessa procura de sabe o paradeiro dela sem not\u00edcias nem nada. Agora fica a tristeza e a falta que ela vai fazer pra nossa familia&#8221;&nbsp;<\/strong>,&nbsp;<\/em>escreveu.<\/p>\n\n\n\n<p><strong><em><strong><em><strong><em><strong><em><strong><em><strong><em><strong><em><strong><em><strong>Siga nossas redes sociais no\u00a0<a href=\"https:\/\/www.instagram.com\/ronipaparazzi\/\">Instagram\u00a0<\/a>e\u00a0<a href=\"https:\/\/www.facebook.com\/ronipaparazzicomvoce\">Facebook<\/a>\u00a0participe da nossa comunidade do Canal Roni Paparazzi no Whatsapp e receba as principais not\u00edcias da regi\u00e3o de Ara\u00e7atuba do dia direto no seu celular.<\/strong>\u00a0<a href=\"https:\/\/chat.whatsapp.com\/GsG1XKo0jPOEfjzudWQcml\" target=\"_blank\" rel=\"noreferrer noopener\">\u00a0Clique aqui e se inscreva.<\/a><\/em><\/strong><\/em><\/strong><\/em><\/strong><\/em><\/strong><\/em><\/strong><\/em><\/strong><\/em><\/strong><\/em><\/strong><\/p>\n","protected":false},"excerpt":{"rendered":"<p>Familiares de Sara dos Santos Canalle, 23 anos, reconheceram como sendo dela as roupas e demais pertences encontrados junto com uma ossada humana na manh\u00e3 de ter\u00e7a-feira (9), em uma ch\u00e1cara em Ara\u00e7atuba (SP). A informa\u00e7\u00e3o \u00e9 do Hojemais Ara\u00e7atuba. A jovem estava desaparecida desde 24 de junho de 2023, quando saiu de casa informando &hellip;<\/p>\n","protected":false},"author":1,"featured_media":10703,"comment_status":"open","ping_status":"open","sticky":false,"template":"","format":"standard","meta":{"_jetpack_memberships_contains_paid_content":false,"footnotes":"","jetpack_publicize_message":"","jetpack_publicize_feature_enabled":true,"jetpack_social_post_already_shared":false,"jetpack_social_options":{"image_generator_settings":{"template":"highway","default_image_id":0,"enabled":false},"version":2}},"categories":[3],"tags":[],"class_list":["post-10702","post","type-post","status-publish","format-standard","has-post-thumbnail","hentry","category-policial"],"jetpack_publicize_connections":[],"jetpack_featured_media_url":"https:\/\/i0.wp.com\/www.paparazzinews.com.br\/wp-content\/uploads\/2024\/07\/1720642030_32967.jpg?fit=1000%2C714&ssl=1","views":"2711","jetpack_likes_enabled":true,"jetpack_sharing_enabled":true,"_links":{"self":[{"href":"https:\/\/www.paparazzinews.com.br\/index.php?rest_route=\/wp\/v2\/posts\/10702","targetHints":{"allow":["GET"]}}],"collection":[{"href":"https:\/\/www.paparazzinews.com.br\/index.php?rest_route=\/wp\/v2\/posts"}],"about":[{"href":"https:\/\/www.paparazzinews.com.br\/index.php?rest_route=\/wp\/v2\/types\/post"}],"author":[{"embeddable":true,"href":"https:\/\/www.paparazzinews.com.br\/index.php?rest_route=\/wp\/v2\/users\/1"}],"replies":[{"embeddable":true,"href":"https:\/\/www.paparazzinews.com.br\/index.php?rest_route=%2Fwp%2Fv2%2Fcomments&post=10702"}],"version-history":[{"count":1,"href":"https:\/\/www.paparazzinews.com.br\/index.php?rest_route=\/wp\/v2\/posts\/10702\/revisions"}],"predecessor-version":[{"id":10704,"href":"https:\/\/www.paparazzinews.com.br\/index.php?rest_route=\/wp\/v2\/posts\/10702\/revisions\/10704"}],"wp:featuredmedia":[{"embeddable":true,"href":"https:\/\/www.paparazzinews.com.br\/index.php?rest_route=\/wp\/v2\/media\/10703"}],"wp:attachment":[{"href":"https:\/\/www.paparazzinews.com.br\/index.php?rest_route=%2Fwp%2Fv2%2Fmedia&parent=10702"}],"wp:term":[{"taxonomy":"category","embeddable":true,"href":"https:\/\/www.paparazzinews.com.br\/index.php?rest_route=%2Fwp%2Fv2%2Fcategories&post=10702"},{"taxonomy":"post_tag","embeddable":true,"href":"https:\/\/www.paparazzinews.com.br\/index.php?rest_route=%2Fwp%2Fv2%2Ftags&post=10702"}],"curies":[{"name":"wp","href":"https:\/\/api.w.org\/{rel}","templated":true}]}}