{"id":107,"date":"2022-06-22T13:27:58","date_gmt":"2022-06-22T16:27:58","guid":{"rendered":"https:\/\/www.paparazzinews.com.br\/?p=107"},"modified":"2022-06-22T13:31:47","modified_gmt":"2022-06-22T16:31:47","slug":"aumento-salarial-em-andradina-para-enfermeiros-e-auxiliares-e-aprovado","status":"publish","type":"post","link":"https:\/\/www.paparazzinews.com.br\/?p=107","title":{"rendered":"Aumento salarial em Andradina para enfermeiros e auxiliares \u00e9 aprovado"},"content":{"rendered":"\n<p>Na \u00faltima segunda feira (19), ap\u00f3s a sess\u00e3o ordin\u00e1ria que ocorre semanalmente, a C\u00e2mara Municipal de Andradina aprovou por unanimidade em sess\u00e3o extraordin\u00e1ria, presidida pelo vereador e atual presidente Guto Mar\u00e3o (PP), realizada no plen\u00e1rio do Poder Legislativo, um Projeto de Lei que aumentar\u00e1 o sal\u00e1rio dos Enfermeiros e Auxiliares de Enfermagem que trabalham 8 horas no munic\u00edpio de Andradina.<\/p>\n\n\n\n<p>O Projeto de Lei que altera as disposi\u00e7\u00f5es das leis n\u00ba 3.904\/2022, 3.905\/2022, 3.906\/2022 e a 3.907\/2022 do munic\u00edpio de Andradina trar\u00e1 aumento de aproximadamente 48% para os Enfermeiros e 11% aos Auxiliares de Enfermagem. Tal projeto foi encaminhado pelo Poder Executivo e os vereadores o aprovaram de forma un\u00e2nime em meio a aplausos dos populares que estavam presentes na sess\u00e3o ordin\u00e1ria.<\/p>\n\n\n\n<p>V\u00e1rios vereadores foram a tribuna e declararam apoio ao Projeto de Lei, \u201csabemos da import\u00e2ncia que esses profissionais da enfermagem t\u00eam para nosso munic\u00edpio, principalmente em uma \u00e9poca que enfrentamos uma Pandemia, sem o trabalho desses guerreiros n\u00f3s jamais conseguir\u00edamos passar por essa barreira, reconhec\u00ea-los com um aumento salarial \u00e9 o m\u00ednimo que podemos fazer para esses verdadeiros batalhadores que estiveram a frente n\u00e3o s\u00f3 da pandemia, mas em todos ou outros dias de suas vidas profissionais.\u201d Citou o presidente do Poder Legislativo Guto Mar\u00e3o ap\u00f3s a sess\u00e3o.<\/p>\n\n\n\n<p><strong>Como ficaram os sal\u00e1rios com a aprova\u00e7\u00e3o do Projeto de Lei:&nbsp;<\/strong><\/p>\n\n\n\n<p>Os Enfermeiros de 8 horas de trabalho recebiam antes o sal\u00e1rio de R$ 3.066,60, agora com a aprova\u00e7\u00e3o do Projeto de Lei, o sal\u00e1rio foi para R$ 4.517,23, ou seja, um aumento de aproximadamente 48%. J\u00e1 os Auxiliares de Enfermagem tamb\u00e9m com carga hor\u00e1ria de 8 horas recebiam anteriormente R$ 2.110,50 e agora passar\u00e3o a receber R$ 2.349,99, ou seja, 11% de aumento salarial.<\/p>\n","protected":false},"excerpt":{"rendered":"<p>Na \u00faltima segunda feira (19), ap\u00f3s a sess\u00e3o ordin\u00e1ria que ocorre semanalmente, a C\u00e2mara Municipal de Andradina aprovou por unanimidade em sess\u00e3o extraordin\u00e1ria, presidida pelo vereador e atual presidente Guto Mar\u00e3o (PP), realizada no plen\u00e1rio do Poder Legislativo, um Projeto de Lei que aumentar\u00e1 o sal\u00e1rio dos Enfermeiros e Auxiliares de Enfermagem que trabalham 8 &hellip;<\/p>\n","protected":false},"author":1,"featured_media":108,"comment_status":"open","ping_status":"open","sticky":false,"template":"","format":"standard","meta":{"_jetpack_memberships_contains_paid_content":false,"footnotes":"","jetpack_publicize_message":"","jetpack_publicize_feature_enabled":true,"jetpack_social_post_already_shared":false,"jetpack_social_options":{"image_generator_settings":{"template":"highway","default_image_id":0,"enabled":false},"version":2}},"categories":[4],"tags":[],"class_list":["post-107","post","type-post","status-publish","format-standard","has-post-thumbnail","hentry","category-regiao"],"jetpack_publicize_connections":[],"jetpack_featured_media_url":"https:\/\/i0.wp.com\/www.paparazzinews.com.br\/wp-content\/uploads\/2022\/06\/e8f451de-fefa-46f6-9849-b2196f200520.jpg?fit=1024%2C575&ssl=1","views":"3794","jetpack_likes_enabled":true,"jetpack_sharing_enabled":true,"_links":{"self":[{"href":"https:\/\/www.paparazzinews.com.br\/index.php?rest_route=\/wp\/v2\/posts\/107","targetHints":{"allow":["GET"]}}],"collection":[{"href":"https:\/\/www.paparazzinews.com.br\/index.php?rest_route=\/wp\/v2\/posts"}],"about":[{"href":"https:\/\/www.paparazzinews.com.br\/index.php?rest_route=\/wp\/v2\/types\/post"}],"author":[{"embeddable":true,"href":"https:\/\/www.paparazzinews.com.br\/index.php?rest_route=\/wp\/v2\/users\/1"}],"replies":[{"embeddable":true,"href":"https:\/\/www.paparazzinews.com.br\/index.php?rest_route=%2Fwp%2Fv2%2Fcomments&post=107"}],"version-history":[{"count":2,"href":"https:\/\/www.paparazzinews.com.br\/index.php?rest_route=\/wp\/v2\/posts\/107\/revisions"}],"predecessor-version":[{"id":110,"href":"https:\/\/www.paparazzinews.com.br\/index.php?rest_route=\/wp\/v2\/posts\/107\/revisions\/110"}],"wp:featuredmedia":[{"embeddable":true,"href":"https:\/\/www.paparazzinews.com.br\/index.php?rest_route=\/wp\/v2\/media\/108"}],"wp:attachment":[{"href":"https:\/\/www.paparazzinews.com.br\/index.php?rest_route=%2Fwp%2Fv2%2Fmedia&parent=107"}],"wp:term":[{"taxonomy":"category","embeddable":true,"href":"https:\/\/www.paparazzinews.com.br\/index.php?rest_route=%2Fwp%2Fv2%2Fcategories&post=107"},{"taxonomy":"post_tag","embeddable":true,"href":"https:\/\/www.paparazzinews.com.br\/index.php?rest_route=%2Fwp%2Fv2%2Ftags&post=107"}],"curies":[{"name":"wp","href":"https:\/\/api.w.org\/{rel}","templated":true}]}}