{"id":10693,"date":"2024-07-11T13:01:11","date_gmt":"2024-07-11T16:01:11","guid":{"rendered":"https:\/\/www.paparazzinews.com.br\/?p=10693"},"modified":"2024-07-11T13:01:12","modified_gmt":"2024-07-11T16:01:12","slug":"batida-entre-onibus-e-micro-deixa-4-mortos","status":"publish","type":"post","link":"https:\/\/www.paparazzinews.com.br\/?p=10693","title":{"rendered":"Batida entre \u00f4nibus e micro deixa 4 mortos"},"content":{"rendered":"\n<p>Um acidente rodovi\u00e1rio envolvendo um \u00f4nibus e um micro-\u00f4nibus na Rodovia Irineu Penteado (SP-191), no km 93, no munic\u00edpio de Ipe\u00fana, interior de S\u00e3o Paulo, deixou ao menos quatro pessoas mortas na manh\u00e3 desta segunda-feira, 8. A colis\u00e3o lateral entre os dois ve\u00edculos aconteceu por volta das 5h20. A informa\u00e7\u00e3o \u00e9 do Estad\u00e3o Conte\u00fado.<br><br>Os \u00f3rg\u00e3os divergem sobre o n\u00famero de pessoas envolvidas na ocorr\u00eancia. De acordo com o Corpo de Bombeiros, foram oito no total &#8211; al\u00e9m das quatro mortas, outras quatro tiveram ferimentos e foram encaminhadas a prontos-socorros da regi\u00e3o. J\u00e1 a Ag\u00eancia de Transporte do Estado de S\u00e3o Paulo (Artesp), fala em nove atingidos: seis v\u00edtimas mortas, duas em estado grave e uma com ferimentos moderados. O registro da ocorr\u00eancia ainda estava em andamento por volta das 12h30.<\/p>\n\n\n\n<p>As causas do acidente ainda est\u00e3o sendo investigadas, mas conforme apura\u00e7\u00e3o inicial da Artesp, o \u00f4nibus, que trafegava no sentido Oeste, colidiu lateralmente com o micro-\u00f4nibus, que trafegava sentido Leste, Os ve\u00edculos rodaram na pista, que \u00e9 do tipo simples, at\u00e9 ficarem im\u00f3veis no acostamento.<\/p>\n\n\n\n<p>Duas das v\u00edtimas que morreram&nbsp;estavam no \u00f4nibus, que ia do munic\u00edpio de Ipe\u00fana ao de Charqueada, tamb\u00e9m no Estado de S\u00e3o Paulo. O restante dos feridos ou mortos estavam no micro-\u00f4nibus, que saiu de S\u00e3o Pedro com destino a Rio Claro.<\/p>\n\n\n\n<p>O acidente gerou congestionamento nas duas vias, sentido Leste e sentido Oeste, da rodovia. Conforme \u00faltima atualiza\u00e7\u00e3o da Artesp, feita \u00e0s 11h37, apenas o acostamento seguia interditado.<\/p>\n\n\n\n<p><strong><em><strong><em><strong><em><strong><em><strong><em><strong><em><strong><em><strong><em><strong>Siga nossas redes sociais no\u00a0<a href=\"https:\/\/www.instagram.com\/ronipaparazzi\/\">Instagram\u00a0<\/a>e\u00a0<a href=\"https:\/\/www.facebook.com\/ronipaparazzicomvoce\">Facebook<\/a>\u00a0participe da nossa comunidade do Canal Roni Paparazzi no Whatsapp e receba as principais not\u00edcias da regi\u00e3o de Ara\u00e7atuba do dia direto no seu celular.<\/strong>\u00a0<a href=\"https:\/\/chat.whatsapp.com\/GsG1XKo0jPOEfjzudWQcml\" target=\"_blank\" rel=\"noreferrer noopener\">\u00a0Clique aqui e se inscreva.<\/a><\/em><\/strong><\/em><\/strong><\/em><\/strong><\/em><\/strong><\/em><\/strong><\/em><\/strong><\/em><\/strong><\/em><\/strong><\/p>\n","protected":false},"excerpt":{"rendered":"<p>Um acidente rodovi\u00e1rio envolvendo um \u00f4nibus e um micro-\u00f4nibus na Rodovia Irineu Penteado (SP-191), no km 93, no munic\u00edpio de Ipe\u00fana, interior de S\u00e3o Paulo, deixou ao menos quatro pessoas mortas na manh\u00e3 desta segunda-feira, 8. A colis\u00e3o lateral entre os dois ve\u00edculos aconteceu por volta das 5h20. A informa\u00e7\u00e3o \u00e9 do Estad\u00e3o Conte\u00fado.Os \u00f3rg\u00e3os &hellip;<\/p>\n","protected":false},"author":1,"featured_media":10694,"comment_status":"open","ping_status":"open","sticky":false,"template":"","format":"standard","meta":{"_jetpack_memberships_contains_paid_content":false,"footnotes":"","jetpack_publicize_message":"","jetpack_publicize_feature_enabled":true,"jetpack_social_post_already_shared":false,"jetpack_social_options":{"image_generator_settings":{"template":"highway","default_image_id":0,"enabled":false},"version":2}},"categories":[3],"tags":[],"class_list":["post-10693","post","type-post","status-publish","format-standard","has-post-thumbnail","hentry","category-policial"],"jetpack_publicize_connections":[],"jetpack_featured_media_url":"https:\/\/i0.wp.com\/www.paparazzinews.com.br\/wp-content\/uploads\/2024\/07\/acidente-entre-onibus-e-micro-onibus-deixa-ao-menos-4-mortos-no-interior-de-sp-video-080724_031334.jpg?fit=600%2C400&ssl=1","views":"2835","jetpack_likes_enabled":true,"jetpack_sharing_enabled":true,"_links":{"self":[{"href":"https:\/\/www.paparazzinews.com.br\/index.php?rest_route=\/wp\/v2\/posts\/10693","targetHints":{"allow":["GET"]}}],"collection":[{"href":"https:\/\/www.paparazzinews.com.br\/index.php?rest_route=\/wp\/v2\/posts"}],"about":[{"href":"https:\/\/www.paparazzinews.com.br\/index.php?rest_route=\/wp\/v2\/types\/post"}],"author":[{"embeddable":true,"href":"https:\/\/www.paparazzinews.com.br\/index.php?rest_route=\/wp\/v2\/users\/1"}],"replies":[{"embeddable":true,"href":"https:\/\/www.paparazzinews.com.br\/index.php?rest_route=%2Fwp%2Fv2%2Fcomments&post=10693"}],"version-history":[{"count":1,"href":"https:\/\/www.paparazzinews.com.br\/index.php?rest_route=\/wp\/v2\/posts\/10693\/revisions"}],"predecessor-version":[{"id":10695,"href":"https:\/\/www.paparazzinews.com.br\/index.php?rest_route=\/wp\/v2\/posts\/10693\/revisions\/10695"}],"wp:featuredmedia":[{"embeddable":true,"href":"https:\/\/www.paparazzinews.com.br\/index.php?rest_route=\/wp\/v2\/media\/10694"}],"wp:attachment":[{"href":"https:\/\/www.paparazzinews.com.br\/index.php?rest_route=%2Fwp%2Fv2%2Fmedia&parent=10693"}],"wp:term":[{"taxonomy":"category","embeddable":true,"href":"https:\/\/www.paparazzinews.com.br\/index.php?rest_route=%2Fwp%2Fv2%2Fcategories&post=10693"},{"taxonomy":"post_tag","embeddable":true,"href":"https:\/\/www.paparazzinews.com.br\/index.php?rest_route=%2Fwp%2Fv2%2Ftags&post=10693"}],"curies":[{"name":"wp","href":"https:\/\/api.w.org\/{rel}","templated":true}]}}