{"id":10623,"date":"2024-07-05T12:19:16","date_gmt":"2024-07-05T15:19:16","guid":{"rendered":"https:\/\/www.paparazzinews.com.br\/?p=10623"},"modified":"2024-07-05T12:19:17","modified_gmt":"2024-07-05T15:19:17","slug":"maes-detentas-participam-de-projeto-cafe-gestante","status":"publish","type":"post","link":"https:\/\/www.paparazzinews.com.br\/?p=10623","title":{"rendered":"M\u00e3es detentas participam de projeto \u201cCaf\u00e9 Gestante\u201d"},"content":{"rendered":"\n<p>O tradicional \u201cCaf\u00e9 Gestante\u201d, que faz parte do projeto \u201cMeu Beb\u00ea Minha Vida\u201d, promovido pela Penitenci\u00e1ria Feminina de Tupi Paulista, contou com mais uma edi\u00e7\u00e3o realizada neste ano. O evento aconteceu no espa\u00e7o de conviv\u00eancia da Ala de Amamenta\u00e7\u00e3o e teve a participa\u00e7\u00e3o de 20 reeducandas, entre gestantes, lactantes e m\u00e3es de crian\u00e7as com at\u00e9 12 anos incompletos. A proposta \u00e9 oferecer palestras educativas sobre direitos b\u00e1sicos da m\u00e3e durante a gesta\u00e7\u00e3o e p\u00f3s-parto.<\/p>\n\n\n\n<p>A a\u00e7\u00e3o contou com a presen\u00e7a da Defensoria P\u00fablica de S\u00e3o Paulo, que apresentou o projeto Convive &#8211; Pol\u00edtica de Atendimento \u201cM\u00e3es em C\u00e1rcere\u201d, por meio das representantes Vivian Monsef de Castro, Fernanda Costa Hueso e \u00c9rica Larissa Rocha Martins.<\/p>\n\n\n\n<p>Tamb\u00e9m participaram das atividades representantes do Centro de Atendimento Multidisciplinar da Defensoria P\u00fablica de Presidente Prudente, M\u00e1rcia Faccioli Gabriel e Vanessa de Oliveira da Silva, al\u00e9m do m\u00e9dico ginecologista da Penitenci\u00e1ria, Manoel Carlos Melilo Felzener e demais servidores da unidade.<br>As profissionais do Convive realizaram uma roda de conversa com as reeducandas divulgando a atua\u00e7\u00e3o do projeto, que \u00e9 voltado para mulheres presas que estejam gr\u00e1vidas ou sejam m\u00e3es e respons\u00e1veis por crian\u00e7as, adolescentes, ou pessoas com defici\u00eancias.<\/p>\n\n\n\n<p>Elas orientaram sobre seus principais direitos relacionados \u00e0 manuten\u00e7\u00e3o dos v\u00ednculos familiares com seus filhos durante o per\u00edodo do cumprimento de pena, pedidos de pris\u00e3o domiciliar, progress\u00e3o e outros dispositivos legais.<\/p>\n\n\n\n<p>Para a gestora da Penitenci\u00e1ria Feminina, Adriana Alkmin Pereira Domingues, a participa\u00e7\u00e3o das reeducandas nas atividades contribuiu para que evoluam em rela\u00e7\u00e3o a fatores psicossociais, elevando a autoestima e, consequentemente, o sentimento de seguran\u00e7a.<\/p>\n\n\n\n<p>A diretora acredita que o projeto fomentou os la\u00e7os afetivos maternos, o reconhecimento de sua responsabilidade diante de um beb\u00ea e, ainda, como parte de um processo reintegrador, o desejo de uma oportunidade ou recome\u00e7o de uma nova vida.<\/p>\n\n\n\n<p><strong><em><strong><em><strong><em><strong><em><strong><em><strong><em><strong><em><strong><em><strong>Siga nossas redes sociais no\u00a0<a href=\"https:\/\/www.instagram.com\/ronipaparazzi\/\">Instagram\u00a0<\/a>e\u00a0<a href=\"https:\/\/www.facebook.com\/ronipaparazzicomvoce\">Facebook<\/a>\u00a0participe da nossa comunidade do Canal Roni Paparazzi no Whatsapp e receba as principais not\u00edcias do dia direto no seu celular.<\/strong>\u00a0<a href=\"https:\/\/chat.whatsapp.com\/GsG1XKo0jPOEfjzudWQcml\" target=\"_blank\" rel=\"noreferrer noopener\">\u00a0Clique aqui e se inscreva.<\/a><\/em><\/strong><\/em><\/strong><\/em><\/strong><\/em><\/strong><\/em><\/strong><\/em><\/strong><\/em><\/strong><\/em><\/strong><\/p>\n","protected":false},"excerpt":{"rendered":"<p>O tradicional \u201cCaf\u00e9 Gestante\u201d, que faz parte do projeto \u201cMeu Beb\u00ea Minha Vida\u201d, promovido pela Penitenci\u00e1ria Feminina de Tupi Paulista, contou com mais uma edi\u00e7\u00e3o realizada neste ano. O evento aconteceu no espa\u00e7o de conviv\u00eancia da Ala de Amamenta\u00e7\u00e3o e teve a participa\u00e7\u00e3o de 20 reeducandas, entre gestantes, lactantes e m\u00e3es de crian\u00e7as com at\u00e9 &hellip;<\/p>\n","protected":false},"author":1,"featured_media":10624,"comment_status":"open","ping_status":"open","sticky":false,"template":"","format":"standard","meta":{"_jetpack_memberships_contains_paid_content":false,"footnotes":"","jetpack_publicize_message":"","jetpack_publicize_feature_enabled":true,"jetpack_social_post_already_shared":false,"jetpack_social_options":{"image_generator_settings":{"template":"highway","default_image_id":0,"enabled":false},"version":2}},"categories":[3],"tags":[],"class_list":["post-10623","post","type-post","status-publish","format-standard","has-post-thumbnail","hentry","category-policial"],"jetpack_publicize_connections":[],"jetpack_featured_media_url":"https:\/\/i0.wp.com\/www.paparazzinews.com.br\/wp-content\/uploads\/2024\/07\/7c398a00-feb5-4985-b415-6a9b33d1453b.jpeg?fit=1280%2C576&ssl=1","views":"2715","jetpack_likes_enabled":true,"jetpack_sharing_enabled":true,"_links":{"self":[{"href":"https:\/\/www.paparazzinews.com.br\/index.php?rest_route=\/wp\/v2\/posts\/10623","targetHints":{"allow":["GET"]}}],"collection":[{"href":"https:\/\/www.paparazzinews.com.br\/index.php?rest_route=\/wp\/v2\/posts"}],"about":[{"href":"https:\/\/www.paparazzinews.com.br\/index.php?rest_route=\/wp\/v2\/types\/post"}],"author":[{"embeddable":true,"href":"https:\/\/www.paparazzinews.com.br\/index.php?rest_route=\/wp\/v2\/users\/1"}],"replies":[{"embeddable":true,"href":"https:\/\/www.paparazzinews.com.br\/index.php?rest_route=%2Fwp%2Fv2%2Fcomments&post=10623"}],"version-history":[{"count":1,"href":"https:\/\/www.paparazzinews.com.br\/index.php?rest_route=\/wp\/v2\/posts\/10623\/revisions"}],"predecessor-version":[{"id":10625,"href":"https:\/\/www.paparazzinews.com.br\/index.php?rest_route=\/wp\/v2\/posts\/10623\/revisions\/10625"}],"wp:featuredmedia":[{"embeddable":true,"href":"https:\/\/www.paparazzinews.com.br\/index.php?rest_route=\/wp\/v2\/media\/10624"}],"wp:attachment":[{"href":"https:\/\/www.paparazzinews.com.br\/index.php?rest_route=%2Fwp%2Fv2%2Fmedia&parent=10623"}],"wp:term":[{"taxonomy":"category","embeddable":true,"href":"https:\/\/www.paparazzinews.com.br\/index.php?rest_route=%2Fwp%2Fv2%2Fcategories&post=10623"},{"taxonomy":"post_tag","embeddable":true,"href":"https:\/\/www.paparazzinews.com.br\/index.php?rest_route=%2Fwp%2Fv2%2Ftags&post=10623"}],"curies":[{"name":"wp","href":"https:\/\/api.w.org\/{rel}","templated":true}]}}